{"id":14427,"date":"2021-09-13T17:24:57","date_gmt":"2021-09-13T20:24:57","guid":{"rendered":"https:\/\/wp.ufpel.edu.br\/empauta\/?p=14427"},"modified":"2021-09-13T17:24:57","modified_gmt":"2021-09-13T20:24:57","slug":"ppa-e-aprovado-na-camara-com-as-emendas-dos-vereadores","status":"publish","type":"post","link":"https:\/\/wp.ufpel.edu.br\/empauta\/ppa-e-aprovado-na-camara-com-as-emendas-dos-vereadores\/","title":{"rendered":"PPA \u00e9 aprovado na C\u00e2mara com as emendas dos vereadores"},"content":{"rendered":"<p align=\"left\"><span style=\"color: #434343\"><span style=\"font-family: Times New Roman, serif\"><span style=\"font-size: medium\">Foram aprovadas as 80 emendas ao Plano Plurianual propostas pelos parlamentares <\/span><\/span><\/span><\/p>\n<div id=\":lw\" class=\"ii gt\">\n<div id=\":lv\" class=\"a3s aiL \">\n<div dir=\"ltr\">\n<div><strong><em>por Victoria Fonseca \/ Em Pauta<\/em><\/strong><\/div>\n<\/div>\n<\/div>\n<\/div>\n<p align=\"left\"><span style=\"font-family: Times New Roman, serif\"><span style=\"font-size: medium\">O Plano Plurianual, que vai vigorar de 2022 a 2025, foi aprovado em reda\u00e7\u00e3o final na C\u00e2mara Municipal na quinta-feira (09), com as 80 emendas elaboradas pelos parlamentares. As emendas foram acatadas pela prefeitura mesmo o prazo para a vota\u00e7\u00e3o do plano, dia 30 de agosto, j\u00e1 ter vencido. <\/span><\/span><\/p>\n<p align=\"left\"><span style=\"font-family: Times New Roman, serif\"><span style=\"font-size: medium\">Elaborado a cada quatro anos pelo governo, o PPA define as diretrizes, objetivos e metas da administra\u00e7\u00e3o p\u00fablica a m\u00e9dio prazo, al\u00e9m dos caminhos para viabilizar as metas previstas.<\/span><\/span><\/p>\n<p align=\"left\"><span style=\"font-family: Times New Roman, serif\"><span style=\"font-size: medium\">A vota\u00e7\u00e3o das 80 emendas ocorreu em blocos, com 16 votos favor\u00e1veis e cinco aus\u00eancias de vereadores justificadas. Segundo o vereador Cristiano Silva (PSDB), presidente da casa, a aprova\u00e7\u00e3o das emendas ao plano, n\u00e3o s\u00f3 pelo legislativo, mas tamb\u00e9m pelo executivo, \u00e9 uma colabora\u00e7\u00e3o entre os dois poderes para definir os rumos da cidade pelos pr\u00f3ximos quatro anos. \u201cAs emendas foram elaboradas pelos vereadores junto com suas bases, o que garante uma boa representatividade de v\u00e1rias demandas da nossa popula\u00e7\u00e3o\u201d, explica Cristiano. <\/span><\/span><\/p>\n<p align=\"left\"><span style=\"font-family: Times New Roman, serif\"><span style=\"font-size: medium\">O pacote de emendas cont\u00e9m propostas como, por exemplo, capacita\u00e7\u00e3o profissional de presidi\u00e1rios, incentivar o empreendedorismo, promover atividades esportivas nas periferias, amplia\u00e7\u00e3o de castra\u00e7\u00e3o de c\u00e3es e gatos, qualificar a acessibilidade da cidade, al\u00e9m de obras como cal\u00e7amento da avenida Guadalajara, pavimenta\u00e7\u00e3o da Estrada do Engenho e a constru\u00e7\u00e3o de uma pista de atletismo. <\/span><\/span><\/p>\n<p align=\"left\"><span style=\"font-family: Times New Roman, serif\"><span style=\"font-size: medium\">O Plano Plurianual volta agora para o executivo pelotense. <\/span><\/span><\/p>\n","protected":false},"excerpt":{"rendered":"<p>Foram aprovadas as 80 emendas ao Plano Plurianual propostas pelos parlamentares por Victoria Fonseca \/ Em Pauta O Plano Plurianual, que vai vigorar de 2022 a 2025, foi aprovado em reda\u00e7\u00e3o final na C\u00e2mara&#46;&#46;&#46;<\/p>\n","protected":false},"author":587,"featured_media":0,"comment_status":"closed","ping_status":"closed","sticky":false,"template":"","format":"standard","meta":{"jetpack_post_was_ever_published":false,"_jetpack_newsletter_access":"","_jetpack_dont_email_post_to_subs":false,"_jetpack_newsletter_tier_id":0,"_jetpack_memberships_contains_paywalled_content":false,"_jetpack_memberships_contains_paid_content":false,"footnotes":"","jetpack_publicize_message":"","jetpack_publicize_feature_enabled":true,"jetpack_social_post_already_shared":true,"jetpack_social_options":{"image_generator_settings":{"template":"highway","default_image_id":0,"font":"","enabled":false},"version":2}},"categories":[202,438],"tags":[],"class_list":["post-14427","post","type-post","status-publish","format-standard","hentry","category-economiaepolitica","category-em-pauta-noticias"],"jetpack_publicize_connections":[],"jetpack_featured_media_url":"","jetpack_sharing_enabled":true,"jetpack_shortlink":"https:\/\/wp.me\/p6Xvzq-3KH","jetpack-related-posts":[{"id":14378,"url":"https:\/\/wp.ufpel.edu.br\/empauta\/emendas-parlamentares-ao-ppa-sao-votadas-em-reuniao-extraordinaria-da-ccj-e-da-cof\/","url_meta":{"origin":14427,"position":0},"title":"Emendas parlamentares ao PPA s\u00e3o votadas em reuni\u00e3o extraordin\u00e1ria da CCJ e da COF","author":"Em Pauta","date":"01\/09\/2021","format":false,"excerpt":"Ao todo, ser\u00e3o votadas nas comiss\u00f5es as 80 emendas elaboradas pelos vereadores Nesta quinta-feira (02), as Comiss\u00f5es de Constitui\u00e7\u00e3o e Justi\u00e7a (CCJ) e de Or\u00e7amentos e Finan\u00e7as (COF) da C\u00e2mara dos vereadores v\u00e3o se reunir extraordinariamente para votar as 80 emendas propostas pelos parlamentares ao Plano Plurianual (PPA) de 2022\u2026","rel":"","context":"Em &quot;Economia e Pol\u00edtica&quot;","block_context":{"text":"Economia e Pol\u00edtica","link":"https:\/\/wp.ufpel.edu.br\/empauta\/category\/todos\/economiaepolitica\/"},"img":{"alt_text":"","src":"https:\/\/i0.wp.com\/wp.ufpel.edu.br\/empauta\/files\/2021\/09\/51374531989_35aaa1dfec_o-scaled.jpg?resize=350%2C200&ssl=1","width":350,"height":200,"srcset":"https:\/\/i0.wp.com\/wp.ufpel.edu.br\/empauta\/files\/2021\/09\/51374531989_35aaa1dfec_o-scaled.jpg?resize=350%2C200&ssl=1 1x, https:\/\/i0.wp.com\/wp.ufpel.edu.br\/empauta\/files\/2021\/09\/51374531989_35aaa1dfec_o-scaled.jpg?resize=525%2C300&ssl=1 1.5x, https:\/\/i0.wp.com\/wp.ufpel.edu.br\/empauta\/files\/2021\/09\/51374531989_35aaa1dfec_o-scaled.jpg?resize=700%2C400&ssl=1 2x, https:\/\/i0.wp.com\/wp.ufpel.edu.br\/empauta\/files\/2021\/09\/51374531989_35aaa1dfec_o-scaled.jpg?resize=1050%2C600&ssl=1 3x, https:\/\/i0.wp.com\/wp.ufpel.edu.br\/empauta\/files\/2021\/09\/51374531989_35aaa1dfec_o-scaled.jpg?resize=1400%2C800&ssl=1 4x"},"classes":[]},{"id":13529,"url":"https:\/\/wp.ufpel.edu.br\/empauta\/projeto-de-parcerias-publico-privadas-e-aprovado-nesta-terca-feira-17\/","url_meta":{"origin":14427,"position":1},"title":"Projeto de parcerias p\u00fablico-privadas \u00e9 aprovado nesta ter\u00e7a-feira (17)","author":"Em Pauta","date":"18\/09\/2019","format":false,"excerpt":"O projeto enviado pela prefeita Paula Mascarenhas (PSDB), que trata das parcerias p\u00fablico-privadas (PPPs), foi votado nesta \u00faltima ter\u00e7a na C\u00e2mara dos Vereadores de Pelotas.","rel":"","context":"Em &quot;Economia e Pol\u00edtica&quot;","block_context":{"text":"Economia e Pol\u00edtica","link":"https:\/\/wp.ufpel.edu.br\/empauta\/category\/todos\/economiaepolitica\/"},"img":{"alt_text":"","src":"https:\/\/i0.wp.com\/wp.ufpel.edu.br\/empauta\/files\/2019\/09\/paulo-rossi-dp-ppps.jpeg?resize=350%2C200&ssl=1","width":350,"height":200,"srcset":"https:\/\/i0.wp.com\/wp.ufpel.edu.br\/empauta\/files\/2019\/09\/paulo-rossi-dp-ppps.jpeg?resize=350%2C200&ssl=1 1x, https:\/\/i0.wp.com\/wp.ufpel.edu.br\/empauta\/files\/2019\/09\/paulo-rossi-dp-ppps.jpeg?resize=525%2C300&ssl=1 1.5x, https:\/\/i0.wp.com\/wp.ufpel.edu.br\/empauta\/files\/2019\/09\/paulo-rossi-dp-ppps.jpeg?resize=700%2C400&ssl=1 2x, https:\/\/i0.wp.com\/wp.ufpel.edu.br\/empauta\/files\/2019\/09\/paulo-rossi-dp-ppps.jpeg?resize=1050%2C600&ssl=1 3x"},"classes":[]},{"id":14848,"url":"https:\/\/wp.ufpel.edu.br\/empauta\/pec-dos-precatorios-e-denuncia-de-orcamento-secreto-sacodem-brasilia-hoje\/","url_meta":{"origin":14427,"position":2},"title":"PEC dos Precat\u00f3rios e den\u00fancia de or\u00e7amento secreto sacodem Bras\u00edlia hoje","author":"Em Pauta","date":"09\/11\/2021","format":false,"excerpt":"O objetivo da proposta \u00e9 liberar 90 bilh\u00f5es de reais do or\u00e7amento em 2022, acima do teto de gastos. Governo quer usar parte da verba para custear o programa Auxilio Brasil, substituto do Bolsa Fam\u00edlia. Repercuss\u00e3o negativa amea\u00e7a rejei\u00e7\u00e3o do projeto hoje, se votos forem mudados. STF analisa or\u00e7amento secreto.\u2026","rel":"","context":"Em &quot;Economia e Pol\u00edtica&quot;","block_context":{"text":"Economia e Pol\u00edtica","link":"https:\/\/wp.ufpel.edu.br\/empauta\/category\/todos\/economiaepolitica\/"},"img":{"alt_text":"","src":"https:\/\/i0.wp.com\/wp.ufpel.edu.br\/empauta\/files\/2021\/11\/img20200826155502659-768x512-1.jpg?resize=350%2C200&ssl=1","width":350,"height":200,"srcset":"https:\/\/i0.wp.com\/wp.ufpel.edu.br\/empauta\/files\/2021\/11\/img20200826155502659-768x512-1.jpg?resize=350%2C200&ssl=1 1x, https:\/\/i0.wp.com\/wp.ufpel.edu.br\/empauta\/files\/2021\/11\/img20200826155502659-768x512-1.jpg?resize=525%2C300&ssl=1 1.5x, https:\/\/i0.wp.com\/wp.ufpel.edu.br\/empauta\/files\/2021\/11\/img20200826155502659-768x512-1.jpg?resize=700%2C400&ssl=1 2x"},"classes":[]},{"id":14875,"url":"https:\/\/wp.ufpel.edu.br\/empauta\/pec-dos-precatorios-e-aprovada-em-segundo-turno-na-camara\/","url_meta":{"origin":14427,"position":3},"title":"PEC dos Precat\u00f3rios \u00e9 aprovada em segundo turno na C\u00e2mara","author":"Em Pauta","date":"15\/11\/2021","format":false,"excerpt":"Proposta que mexe no Teto de Gastos e limita pagamentos de precat\u00f3rios, abre espa\u00e7o de mais de R$ 91 bilh\u00f5es de reais no or\u00e7amento em 2022 Por Victoria Dutra\/Em Pauta A C\u00e2mara dos Deputados aprovou, na ter\u00e7a-feira (09\/11), com 323 votos favor\u00e1veis a 172 contras, o texto base da PEC\u2026","rel":"","context":"Em &quot;Economia e Pol\u00edtica&quot;","block_context":{"text":"Economia e Pol\u00edtica","link":"https:\/\/wp.ufpel.edu.br\/empauta\/category\/todos\/economiaepolitica\/"},"img":{"alt_text":"","src":"https:\/\/i0.wp.com\/wp.ufpel.edu.br\/empauta\/files\/2021\/11\/2021-02-01t233816z-1430889166-rc2zjl95adgb-rtrmadp-3-brazil-politics.jpg?resize=350%2C200&ssl=1","width":350,"height":200,"srcset":"https:\/\/i0.wp.com\/wp.ufpel.edu.br\/empauta\/files\/2021\/11\/2021-02-01t233816z-1430889166-rc2zjl95adgb-rtrmadp-3-brazil-politics.jpg?resize=350%2C200&ssl=1 1x, https:\/\/i0.wp.com\/wp.ufpel.edu.br\/empauta\/files\/2021\/11\/2021-02-01t233816z-1430889166-rc2zjl95adgb-rtrmadp-3-brazil-politics.jpg?resize=525%2C300&ssl=1 1.5x, https:\/\/i0.wp.com\/wp.ufpel.edu.br\/empauta\/files\/2021\/11\/2021-02-01t233816z-1430889166-rc2zjl95adgb-rtrmadp-3-brazil-politics.jpg?resize=700%2C400&ssl=1 2x"},"classes":[]},{"id":9695,"url":"https:\/\/wp.ufpel.edu.br\/empauta\/camara-aprova-selecao-para-agentes-redutores-de-danos\/","url_meta":{"origin":14427,"position":4},"title":"C\u00e2mara aprova sele\u00e7\u00e3o para agentes redutores de danos.","author":"Em Pauta","date":"12\/07\/2017","format":false,"excerpt":"Parlamentares d\u00e3o o aval para a Secretaria de Administra\u00e7\u00e3o realizar um novo processo seletivo. Por Fernando Vargas Foi aprovado na sess\u00e3o ordin\u00e1ria de hoje, na C\u00e2mara Municipal, o projeto que prev\u00ea a contrata\u00e7\u00e3o de 20 agentes redutores de danos por meio de um processo seletivo. O contrato de dois anos\u2026","rel":"","context":"Em &quot;Economia e Pol\u00edtica&quot;","block_context":{"text":"Economia e Pol\u00edtica","link":"https:\/\/wp.ufpel.edu.br\/empauta\/category\/todos\/economiaepolitica\/"},"img":{"alt_text":"","src":"https:\/\/i0.wp.com\/wp.ufpel.edu.br\/empauta\/files\/2017\/07\/C%C3%A2mara-Municipal-de-Pelotas.jpg?resize=350%2C200&ssl=1","width":350,"height":200,"srcset":"https:\/\/i0.wp.com\/wp.ufpel.edu.br\/empauta\/files\/2017\/07\/C%C3%A2mara-Municipal-de-Pelotas.jpg?resize=350%2C200&ssl=1 1x, https:\/\/i0.wp.com\/wp.ufpel.edu.br\/empauta\/files\/2017\/07\/C%C3%A2mara-Municipal-de-Pelotas.jpg?resize=525%2C300&ssl=1 1.5x, https:\/\/i0.wp.com\/wp.ufpel.edu.br\/empauta\/files\/2017\/07\/C%C3%A2mara-Municipal-de-Pelotas.jpg?resize=700%2C400&ssl=1 2x, https:\/\/i0.wp.com\/wp.ufpel.edu.br\/empauta\/files\/2017\/07\/C%C3%A2mara-Municipal-de-Pelotas.jpg?resize=1050%2C600&ssl=1 3x, https:\/\/i0.wp.com\/wp.ufpel.edu.br\/empauta\/files\/2017\/07\/C%C3%A2mara-Municipal-de-Pelotas.jpg?resize=1400%2C800&ssl=1 4x"},"classes":[]},{"id":13510,"url":"https:\/\/wp.ufpel.edu.br\/empauta\/proposta-que-preve-mudancas-nas-regras-eleitorais-tem-votacao-adiada-no-senado\/","url_meta":{"origin":14427,"position":5},"title":"Proposta que prev\u00ea mudan\u00e7as nas regras eleitorais tem vota\u00e7\u00e3o adiada no Senado","author":"Em Pauta","date":"15\/09\/2019","format":false,"excerpt":"Na \u00faltima quarta-feira (11) o Senado adiou a vota\u00e7\u00e3o do projeto de lei que altera as regras para o Fundo Eleitoral.","rel":"","context":"Em &quot;Economia e Pol\u00edtica&quot;","block_context":{"text":"Economia e Pol\u00edtica","link":"https:\/\/wp.ufpel.edu.br\/empauta\/category\/todos\/economiaepolitica\/"},"img":{"alt_text":"","src":"https:\/\/i0.wp.com\/wp.ufpel.edu.br\/empauta\/files\/2019\/09\/roque-de-s%C3%A1-agencia-senado.jpg?resize=350%2C200&ssl=1","width":350,"height":200,"srcset":"https:\/\/i0.wp.com\/wp.ufpel.edu.br\/empauta\/files\/2019\/09\/roque-de-s%C3%A1-agencia-senado.jpg?resize=350%2C200&ssl=1 1x, https:\/\/i0.wp.com\/wp.ufpel.edu.br\/empauta\/files\/2019\/09\/roque-de-s%C3%A1-agencia-senado.jpg?resize=525%2C300&ssl=1 1.5x, https:\/\/i0.wp.com\/wp.ufpel.edu.br\/empauta\/files\/2019\/09\/roque-de-s%C3%A1-agencia-senado.jpg?resize=700%2C400&ssl=1 2x"},"classes":[]}],"_links":{"self":[{"href":"https:\/\/wp.ufpel.edu.br\/empauta\/wp-json\/wp\/v2\/posts\/14427","targetHints":{"allow":["GET"]}}],"collection":[{"href":"https:\/\/wp.ufpel.edu.br\/empauta\/wp-json\/wp\/v2\/posts"}],"about":[{"href":"https:\/\/wp.ufpel.edu.br\/empauta\/wp-json\/wp\/v2\/types\/post"}],"author":[{"embeddable":true,"href":"https:\/\/wp.ufpel.edu.br\/empauta\/wp-json\/wp\/v2\/users\/587"}],"replies":[{"embeddable":true,"href":"https:\/\/wp.ufpel.edu.br\/empauta\/wp-json\/wp\/v2\/comments?post=14427"}],"version-history":[{"count":1,"href":"https:\/\/wp.ufpel.edu.br\/empauta\/wp-json\/wp\/v2\/posts\/14427\/revisions"}],"predecessor-version":[{"id":14428,"href":"https:\/\/wp.ufpel.edu.br\/empauta\/wp-json\/wp\/v2\/posts\/14427\/revisions\/14428"}],"wp:attachment":[{"href":"https:\/\/wp.ufpel.edu.br\/empauta\/wp-json\/wp\/v2\/media?parent=14427"}],"wp:term":[{"taxonomy":"category","embeddable":true,"href":"https:\/\/wp.ufpel.edu.br\/empauta\/wp-json\/wp\/v2\/categories?post=14427"},{"taxonomy":"post_tag","embeddable":true,"href":"https:\/\/wp.ufpel.edu.br\/empauta\/wp-json\/wp\/v2\/tags?post=14427"}],"curies":[{"name":"wp","href":"https:\/\/api.w.org\/{rel}","templated":true}]}}