{"id":13786,"date":"2019-10-22T22:53:58","date_gmt":"2019-10-23T01:53:58","guid":{"rendered":"https:\/\/wp.ufpel.edu.br\/empauta\/?p=13786"},"modified":"2019-10-22T22:53:58","modified_gmt":"2019-10-23T01:53:58","slug":"estudantes-do-curso-de-nutricao-conversam-com-pelotenses-para-promover-vida-saudavel","status":"publish","type":"post","link":"https:\/\/wp.ufpel.edu.br\/empauta\/estudantes-do-curso-de-nutricao-conversam-com-pelotenses-para-promover-vida-saudavel\/","title":{"rendered":"Estudantes do curso de Nutri\u00e7\u00e3o conversam com pelotenses para promover vida saud\u00e1vel"},"content":{"rendered":"<p style=\"text-align: right\"><strong><em>Por Nathianni Gomes<\/em><\/strong><\/p>\n<div id=\"attachment_13787\" style=\"width: 4106px\" class=\"wp-caption aligncenter\"><a href=\"https:\/\/wp.ufpel.edu.br\/empauta\/files\/2019\/10\/IMG_20191018_164509859_HDR.jpg\"><img loading=\"lazy\" decoding=\"async\" aria-describedby=\"caption-attachment-13787\" class=\"wp-image-13787 size-full\" src=\"https:\/\/wp.ufpel.edu.br\/empauta\/files\/2019\/10\/IMG_20191018_164509859_HDR.jpg\" alt=\"\" width=\"4096\" height=\"3072\" srcset=\"https:\/\/wp.ufpel.edu.br\/empauta\/files\/2019\/10\/IMG_20191018_164509859_HDR.jpg 4096w, https:\/\/wp.ufpel.edu.br\/empauta\/files\/2019\/10\/IMG_20191018_164509859_HDR-212x159.jpg 212w, https:\/\/wp.ufpel.edu.br\/empauta\/files\/2019\/10\/IMG_20191018_164509859_HDR-424x318.jpg 424w, https:\/\/wp.ufpel.edu.br\/empauta\/files\/2019\/10\/IMG_20191018_164509859_HDR-768x576.jpg 768w\" sizes=\"auto, (max-width: 4096px) 100vw, 4096px\" \/><\/a><p id=\"caption-attachment-13787\" class=\"wp-caption-text\">Estudantes de Nutri\u00e7\u00e3o da UFPEL em a\u00e7\u00e3o no Mercado P\u00fablico. Imagem: Nathianni Gomes<\/p><\/div>\n<p style=\"text-align: justify\"><span style=\"font-weight: 400\">Na tarde de sexta-feira (18), estudantes de Nutri\u00e7\u00e3o da Universidade Federal de Pelotas (UFPel) realizaram uma a\u00e7\u00e3o que comp\u00f5e o Semin\u00e1rio sobre Pr\u00e1ticas Alternativas em Alimenta\u00e7\u00e3o e Nutri\u00e7\u00e3o. No Largo do Mercado P\u00fablico, expuseram para a popula\u00e7\u00e3o a import\u00e2ncia da alimenta\u00e7\u00e3o saud\u00e1vel e op\u00e7\u00f5es de refei\u00e7\u00f5es com alimentos org\u00e2nicos.<\/span><\/p>\n<p style=\"text-align: justify\"><span style=\"font-weight: 400\">O Semin\u00e1rio sobre Pr\u00e1ticas Alternativas em Alimenta\u00e7\u00e3o e Nutri\u00e7\u00e3o \u00e9 um projeto de ensino da Faculdade de Nutri\u00e7\u00e3o da UFPel que visa gerar conhecimento a respeito de alternativas alimentares, com \u00eanfase em alimentos org\u00e2nicos e agroecol\u00f3gicos. Para tanto, os estudantes participam de reuni\u00f5es, semin\u00e1rios e visitas t\u00e9cnicas, como esta, no Mercado P\u00fablico.<\/span><\/p>\n<p style=\"text-align: justify\"><span style=\"font-weight: 400\">Marina Penadez (18), estudante do segundo semestre de Nutri\u00e7\u00e3o, explicou a a\u00e7\u00e3o realizada na tarde de sexta. <strong><em>\u201cEstamos abordando principalmente a quest\u00e3o de gordura trans, s\u00f3dio e a\u00e7\u00facar, o que \u00e9 e o que fazem ao organismo\u201d<\/em><\/strong>, disse, enquanto mostrava exemplos da quantidade de a\u00e7\u00facar e s\u00f3dio existentes em alguns alimentos industrializados.<\/span><\/p>\n<p style=\"text-align: justify\"><span style=\"font-weight: 400\">Com banners informativos, <em>folders<\/em> sobre a profiss\u00e3o do nutricionista e exemplos de lojas de alimentos org\u00e2nicos, os estudantes conversaram com a popula\u00e7\u00e3o a respeito da alimenta\u00e7\u00e3o saud\u00e1vel. Eles tamb\u00e9m abordaram os lanches fit, que somente mascaram o a\u00e7\u00facar existente, e alimentos processados e embutidos.<\/span><\/p>\n<p style=\"text-align: justify\"><span style=\"font-weight: 400\">A estudante Nathalia Diniz (18), tamb\u00e9m do segundo semestre, enfatizou a import\u00e2ncia dos alimentos in natura: <strong><em>\u201calimentos como fast food, por mais pr\u00e1ticos que sejam, s\u00e3o prejudiciais a longo tempo. Por exemplo, o AVC \u00e9 causado pelo entupimento de art\u00e9rias, devido a esse excesso de gordura, de s\u00f3dio\u201d<\/em><\/strong>.<\/span><\/p>\n<p style=\"text-align: justify\"><span style=\"font-weight: 400\">A a\u00e7\u00e3o introduziu o assunto para v\u00e1rias pessoas que passavam pelo Largo do Mercado, como Alzenira de Oliveira, de 49 anos. <strong><em>\u201cN\u00f3s somos leigos nessas coisas, aqui ganhei umas dicas das meninas. Mas, mesmo assim, elas me encaminharam para uma nutricionista\u201d<\/em><\/strong>, relatou.<\/span><\/p>\n<p style=\"text-align: justify\"><span style=\"font-weight: 400\">A iniciativa tamb\u00e9m foi importante para a estudante de qu\u00edmica forense Kelen Goulart, de 42 anos, acompanhada da filha, que tinha um trabalho de escola sobre alimenta\u00e7\u00e3o saud\u00e1vel. Assim, Kelen viu a oportunidade de mostrar \u00e0 pequena a pr\u00e1tica com futuras profissionais: <strong><em>\u201cno ambiente escolar, ela pode achar que \u00e9 s\u00f3 para a pr\u00e1tica da escola e aqui ela v\u00ea que n\u00e3o \u00e9 s\u00f3 isso\u201d,<\/em><\/strong> concluiu.<\/span><\/p>\n<p style=\"text-align: justify\"><span style=\"font-weight: 400\">De acordo com a Organiza\u00e7\u00e3o Pan-Americana da Sa\u00fade Brasil, \u00e9 aconselh\u00e1vel limitar o consumo de a\u00e7\u00facares para menos de 50g (cerca de 12 colheres de ch\u00e1) e manter o consumo di\u00e1rio de sal abaixo de 5g, para prevenir hipertens\u00e3o e AVC. Al\u00e9m disso, a entidade alerta para a necessidade de uma dieta saud\u00e1vel com frutas, legumes, verduras, gr\u00e3os, cereais e com prefer\u00eancia \u00e0s gorduras n\u00e3o saturadas, encontradas em peixes, nozes e azeites.<\/span><\/p>\n<p style=\"text-align: justify\"><span style=\"font-weight: 400\">\u00c9 importante ressaltar: para iniciar qualquer dieta, \u00e9 necess\u00e1rio o acompanhamento de um profissional nutricionista, que determinar\u00e1 a quantidade necess\u00e1ria de alimentos para nutrir cada indiv\u00edduo. As a\u00e7\u00f5es realizadas pelos estudantes de Nutri\u00e7\u00e3o s\u00e3o destinadas ao esclarecimento sobre os riscos de alimentos industrializados e \u00e0 promo\u00e7\u00e3o de uma vida mais saud\u00e1vel atrav\u00e9s de alimentos agroecol\u00f3gicos.<\/span><\/p>\n<p class=\"jetpack-slideshow-noscript robots-nocontent\">Este slideshow necessita de JavaScript.<\/p><div id=\"gallery-13786-1-slideshow\" class=\"jetpack-slideshow-window jetpack-slideshow jetpack-slideshow-black\" data-trans=\"fade\" data-autostart=\"1\" data-gallery=\"[{&quot;src&quot;:&quot;https:\\\/\\\/wp.ufpel.edu.br\\\/empauta\\\/files\\\/2019\\\/10\\\/IMG_20191018_164543283.jpg&quot;,&quot;id&quot;:&quot;13791&quot;,&quot;title&quot;:&quot;IMG_20191018_164543283&quot;,&quot;alt&quot;:&quot;&quot;,&quot;caption&quot;:&quot;&quot;,&quot;itemprop&quot;:&quot;image&quot;},{&quot;src&quot;:&quot;https:\\\/\\\/wp.ufpel.edu.br\\\/empauta\\\/files\\\/2019\\\/10\\\/IMG_20191018_164935863_HDR.jpg&quot;,&quot;id&quot;:&quot;13793&quot;,&quot;title&quot;:&quot;IMG_20191018_164935863_HDR&quot;,&quot;alt&quot;:&quot;&quot;,&quot;caption&quot;:&quot;&quot;,&quot;itemprop&quot;:&quot;image&quot;},{&quot;src&quot;:&quot;https:\\\/\\\/wp.ufpel.edu.br\\\/empauta\\\/files\\\/2019\\\/10\\\/IMG_20191018_164635670_HDR.jpg&quot;,&quot;id&quot;:&quot;13792&quot;,&quot;title&quot;:&quot;IMG_20191018_164635670_HDR&quot;,&quot;alt&quot;:&quot;&quot;,&quot;caption&quot;:&quot;&quot;,&quot;itemprop&quot;:&quot;image&quot;},{&quot;src&quot;:&quot;https:\\\/\\\/wp.ufpel.edu.br\\\/empauta\\\/files\\\/2019\\\/10\\\/IMG_20191018_164106034_HDR.jpg&quot;,&quot;id&quot;:&quot;13790&quot;,&quot;title&quot;:&quot;IMG_20191018_164106034_HDR&quot;,&quot;alt&quot;:&quot;&quot;,&quot;caption&quot;:&quot;&quot;,&quot;itemprop&quot;:&quot;image&quot;},{&quot;src&quot;:&quot;https:\\\/\\\/wp.ufpel.edu.br\\\/empauta\\\/files\\\/2019\\\/10\\\/IMG_20191018_164059544_HDR.jpg&quot;,&quot;id&quot;:&quot;13789&quot;,&quot;title&quot;:&quot;IMG_20191018_164059544_HDR&quot;,&quot;alt&quot;:&quot;&quot;,&quot;caption&quot;:&quot;&quot;,&quot;itemprop&quot;:&quot;image&quot;},{&quot;src&quot;:&quot;https:\\\/\\\/wp.ufpel.edu.br\\\/empauta\\\/files\\\/2019\\\/10\\\/WhatsApp-Image-2019-10-21-at-22.07.45.jpeg&quot;,&quot;id&quot;:&quot;13788&quot;,&quot;title&quot;:&quot;WhatsApp Image 2019-10-21 at 22.07.45&quot;,&quot;alt&quot;:&quot;&quot;,&quot;caption&quot;:&quot;&quot;,&quot;itemprop&quot;:&quot;image&quot;}]\" itemscope itemtype=\"https:\/\/schema.org\/ImageGallery\"><\/div>\n<p>&nbsp;<\/p>\n","protected":false},"excerpt":{"rendered":"<p>Estudantes de Nutri\u00e7\u00e3o da Universidade Federal de Pelotas (UFPel) realizaram uma a\u00e7\u00e3o que comp\u00f5e o Semin\u00e1rio sobre Pr\u00e1ticas Alternativas em Alimenta\u00e7\u00e3o e Nutri\u00e7\u00e3o.<\/p>\n","protected":false},"author":587,"featured_media":13787,"comment_status":"closed","ping_status":"closed","sticky":false,"template":"","format":"standard","meta":{"jetpack_post_was_ever_published":false,"_jetpack_newsletter_access":"","_jetpack_dont_email_post_to_subs":false,"_jetpack_newsletter_tier_id":0,"_jetpack_memberships_contains_paywalled_content":false,"_jetpack_memberships_contains_paid_content":false,"footnotes":"","jetpack_publicize_message":"","jetpack_publicize_feature_enabled":true,"jetpack_social_post_already_shared":true,"jetpack_social_options":{"image_generator_settings":{"template":"highway","default_image_id":0,"font":"","enabled":false},"version":2}},"categories":[9],"tags":[79,355],"class_list":["post-13786","post","type-post","status-publish","format-standard","has-post-thumbnail","hentry","category-geral","tag-geral","tag-nathianni-gomes"],"jetpack_publicize_connections":[],"jetpack_featured_media_url":"https:\/\/wp.ufpel.edu.br\/empauta\/files\/2019\/10\/IMG_20191018_164509859_HDR.jpg","jetpack_sharing_enabled":true,"jetpack_shortlink":"https:\/\/wp.me\/p6Xvzq-3Am","jetpack-related-posts":[{"id":21035,"url":"https:\/\/wp.ufpel.edu.br\/empauta\/curso-de-gastronomia-da-ufpel-transforma-estande-da-31a-fenadoce-em-cozinha-de-saberes-com-atividades-abertas-ao-publico\/","url_meta":{"origin":13786,"position":0},"title":"Curso de Gastronomia da UFPel transforma estande da 31\u00aa Fenadoce em cozinha de saberes com atividades abertas ao p\u00fablico","author":"Em Pauta","date":"19\/07\/2025","format":false,"excerpt":"Atividades incluem oficinas gratuitas, resgate de receitas tradicionais e intera\u00e7\u00e3o com escolas da rede municipal. Por B\u00e1rbara Beatriz A. Carvalho O curso de Gastronomia da Universidade Federal de Pelotas (UFPel) marca presen\u00e7a na 31\u00aa Fenadoce com uma programa\u00e7\u00e3o gratuita voltada \u00e0 comunidade. Durante os 20 dias de feira, exceto \u00e0s\u2026","rel":"","context":"Em &quot;Cultura e Entretenimento&quot;","block_context":{"text":"Cultura e Entretenimento","link":"https:\/\/wp.ufpel.edu.br\/empauta\/category\/todos\/culturaeentretenimento\/"},"img":{"alt_text":"","src":"https:\/\/i0.wp.com\/wp.ufpel.edu.br\/empauta\/files\/2025\/07\/1000201430-scaled.jpg?resize=350%2C200&ssl=1","width":350,"height":200,"srcset":"https:\/\/i0.wp.com\/wp.ufpel.edu.br\/empauta\/files\/2025\/07\/1000201430-scaled.jpg?resize=350%2C200&ssl=1 1x, https:\/\/i0.wp.com\/wp.ufpel.edu.br\/empauta\/files\/2025\/07\/1000201430-scaled.jpg?resize=525%2C300&ssl=1 1.5x, https:\/\/i0.wp.com\/wp.ufpel.edu.br\/empauta\/files\/2025\/07\/1000201430-scaled.jpg?resize=700%2C400&ssl=1 2x, https:\/\/i0.wp.com\/wp.ufpel.edu.br\/empauta\/files\/2025\/07\/1000201430-scaled.jpg?resize=1050%2C600&ssl=1 3x, https:\/\/i0.wp.com\/wp.ufpel.edu.br\/empauta\/files\/2025\/07\/1000201430-scaled.jpg?resize=1400%2C800&ssl=1 4x"},"classes":[]},{"id":13926,"url":"https:\/\/wp.ufpel.edu.br\/empauta\/barraca-da-saude-realiza-acao-pelo-dia-do-servidor-publico\/","url_meta":{"origin":13786,"position":1},"title":"Barraca da sa\u00fade realiza a\u00e7\u00e3o pelo Dia do Servidor P\u00fablico","author":"Em Pauta","date":"09\/11\/2019","format":false,"excerpt":"Em comemora\u00e7\u00e3o ao Dia do Servidor P\u00fablico, a Barraca da Sa\u00fade, projeto de extens\u00e3o da Universidade Federal de Pelotas (UFPel), realizou uma a\u00e7\u00e3o no campus Cap\u00e3o do Le\u00e3o","rel":"","context":"Em &quot;Geral&quot;","block_context":{"text":"Geral","link":"https:\/\/wp.ufpel.edu.br\/empauta\/category\/todos\/geral\/"},"img":{"alt_text":"","src":"https:\/\/i0.wp.com\/wp.ufpel.edu.br\/empauta\/files\/2019\/11\/barraca2.jpeg?resize=350%2C200&ssl=1","width":350,"height":200,"srcset":"https:\/\/i0.wp.com\/wp.ufpel.edu.br\/empauta\/files\/2019\/11\/barraca2.jpeg?resize=350%2C200&ssl=1 1x, https:\/\/i0.wp.com\/wp.ufpel.edu.br\/empauta\/files\/2019\/11\/barraca2.jpeg?resize=525%2C300&ssl=1 1.5x, https:\/\/i0.wp.com\/wp.ufpel.edu.br\/empauta\/files\/2019\/11\/barraca2.jpeg?resize=700%2C400&ssl=1 2x"},"classes":[]},{"id":8854,"url":"https:\/\/wp.ufpel.edu.br\/empauta\/faculdade-de-medicina-da-ufpel-fara-evento-de-conscientizacao-sobre-a-saude-infantil\/","url_meta":{"origin":13786,"position":2},"title":"Faculdade de Medicina da UFPel far\u00e1 evento de conscientiza\u00e7\u00e3o sobre a sa\u00fade infantil","author":"Em Pauta","date":"07\/10\/2016","format":false,"excerpt":"Por: Mariana Hallal As taxas de sedentarismo e de obesidade infantil crescem no mundo inteiro. Pensando nisso, a Faculdade de Medicina (FAMED-UFPel), em conjunto com a Federa\u00e7\u00e3o Internacional de Associa\u00e7\u00f5es de Estudantes de Medicina (IFMSA), far\u00e1 um evento voltado \u00e0 sa\u00fade nutricional infantil. A campanha, que conta com a colabora\u00e7\u00e3o\u2026","rel":"","context":"Em &quot;Geral&quot;","block_context":{"text":"Geral","link":"https:\/\/wp.ufpel.edu.br\/empauta\/category\/todos\/geral\/"},"img":{"alt_text":"","src":"","width":0,"height":0},"classes":[]},{"id":7446,"url":"https:\/\/wp.ufpel.edu.br\/empauta\/faculdade-de-nutricao-realiza-analises-microbiologicas-para-a-comunidade\/","url_meta":{"origin":13786,"position":3},"title":"Faculdade de Nutri\u00e7\u00e3o realiza an\u00e1lises microbiol\u00f3gicas para a comunidade","author":"Em Pauta","date":"01\/12\/2015","format":false,"excerpt":"por Andressa Machado O Projeto de Presta\u00e7\u00e3o de Servi\u00e7os em An\u00e1lise de Alimentos t\u00eam suas atividades destinadas a qualquer pessoa que tenha interesse em realizar an\u00e1lises microbiol\u00f3gicas em alimentos, \u00e1gua ou ambientes. O projeto tem como coordenadora a Prof\u00aa Dr\u00aa Jozi Mello, da Faculdade de Nutri\u00e7\u00e3o (UFPel). As atividades s\u00e3o\u2026","rel":"","context":"Em &quot;Ci\u00eancia e Tecnologia&quot;","block_context":{"text":"Ci\u00eancia e Tecnologia","link":"https:\/\/wp.ufpel.edu.br\/empauta\/category\/todos\/cienciaetecnologia\/"},"img":{"alt_text":"","src":"","width":0,"height":0},"classes":[]},{"id":13664,"url":"https:\/\/wp.ufpel.edu.br\/empauta\/seminario-do-plano-de-cultura-da-ufpel-propoe-dialogo-sobre-acoes-culturais\/","url_meta":{"origin":13786,"position":4},"title":"Semin\u00e1rio do Plano de Cultura da UFPel prop\u00f5e di\u00e1logo sobre a\u00e7\u00f5es culturais","author":"Em Pauta","date":"03\/10\/2019","format":false,"excerpt":"O Semin\u00e1rio Universidade e Sociedade Organizada reuniu Pr\u00f3-Reitorias, Coordena\u00e7\u00f5es e Secretarias Municipais no audit\u00f3rio do Museu do Doce na sexta-feira (27).","rel":"","context":"Em &quot;Cultura e Entretenimento&quot;","block_context":{"text":"Cultura e Entretenimento","link":"https:\/\/wp.ufpel.edu.br\/empauta\/category\/todos\/culturaeentretenimento\/"},"img":{"alt_text":"","src":"https:\/\/i0.wp.com\/wp.ufpel.edu.br\/empauta\/files\/2019\/10\/plano-de-cultura.jpeg?resize=350%2C200&ssl=1","width":350,"height":200,"srcset":"https:\/\/i0.wp.com\/wp.ufpel.edu.br\/empauta\/files\/2019\/10\/plano-de-cultura.jpeg?resize=350%2C200&ssl=1 1x, https:\/\/i0.wp.com\/wp.ufpel.edu.br\/empauta\/files\/2019\/10\/plano-de-cultura.jpeg?resize=525%2C300&ssl=1 1.5x, https:\/\/i0.wp.com\/wp.ufpel.edu.br\/empauta\/files\/2019\/10\/plano-de-cultura.jpeg?resize=700%2C400&ssl=1 2x, https:\/\/i0.wp.com\/wp.ufpel.edu.br\/empauta\/files\/2019\/10\/plano-de-cultura.jpeg?resize=1050%2C600&ssl=1 3x"},"classes":[]},{"id":17862,"url":"https:\/\/wp.ufpel.edu.br\/empauta\/povos-indigenas-na-ufpel-permanencia-e-resistencia\/","url_meta":{"origin":13786,"position":5},"title":"Povos Ind\u00edgenas na UFPEL: Perman\u00eancia e Resist\u00eancia","author":"Em Pauta","date":"04\/05\/2023","format":false,"excerpt":"O Grupo de A\u00e7\u00e3o e Pesquisa em Educa\u00e7\u00e3o Popular (GAPE) promoveu evento sobre os direitos dos povos tradicionais atrav\u00e9s da \u00f3tica indigena no dia 19 de abril Por Maria Rita Rolim e Vanessa Oliveira \/ Em Pauta Durante o Abril Ind\u00edgena, diversos eventos foram realizados para visibilizar a luta dos\u2026","rel":"","context":"Em &quot;Economia e Pol\u00edtica&quot;","block_context":{"text":"Economia e Pol\u00edtica","link":"https:\/\/wp.ufpel.edu.br\/empauta\/category\/todos\/economiaepolitica\/"},"img":{"alt_text":"","src":"https:\/\/i0.wp.com\/wp.ufpel.edu.br\/empauta\/files\/2023\/05\/IMG_9936.jpg?resize=350%2C200&ssl=1","width":350,"height":200,"srcset":"https:\/\/i0.wp.com\/wp.ufpel.edu.br\/empauta\/files\/2023\/05\/IMG_9936.jpg?resize=350%2C200&ssl=1 1x, https:\/\/i0.wp.com\/wp.ufpel.edu.br\/empauta\/files\/2023\/05\/IMG_9936.jpg?resize=525%2C300&ssl=1 1.5x, https:\/\/i0.wp.com\/wp.ufpel.edu.br\/empauta\/files\/2023\/05\/IMG_9936.jpg?resize=700%2C400&ssl=1 2x, https:\/\/i0.wp.com\/wp.ufpel.edu.br\/empauta\/files\/2023\/05\/IMG_9936.jpg?resize=1050%2C600&ssl=1 3x, https:\/\/i0.wp.com\/wp.ufpel.edu.br\/empauta\/files\/2023\/05\/IMG_9936.jpg?resize=1400%2C800&ssl=1 4x"},"classes":[]}],"_links":{"self":[{"href":"https:\/\/wp.ufpel.edu.br\/empauta\/wp-json\/wp\/v2\/posts\/13786","targetHints":{"allow":["GET"]}}],"collection":[{"href":"https:\/\/wp.ufpel.edu.br\/empauta\/wp-json\/wp\/v2\/posts"}],"about":[{"href":"https:\/\/wp.ufpel.edu.br\/empauta\/wp-json\/wp\/v2\/types\/post"}],"author":[{"embeddable":true,"href":"https:\/\/wp.ufpel.edu.br\/empauta\/wp-json\/wp\/v2\/users\/587"}],"replies":[{"embeddable":true,"href":"https:\/\/wp.ufpel.edu.br\/empauta\/wp-json\/wp\/v2\/comments?post=13786"}],"version-history":[{"count":3,"href":"https:\/\/wp.ufpel.edu.br\/empauta\/wp-json\/wp\/v2\/posts\/13786\/revisions"}],"predecessor-version":[{"id":13796,"href":"https:\/\/wp.ufpel.edu.br\/empauta\/wp-json\/wp\/v2\/posts\/13786\/revisions\/13796"}],"wp:featuredmedia":[{"embeddable":true,"href":"https:\/\/wp.ufpel.edu.br\/empauta\/wp-json\/wp\/v2\/media\/13787"}],"wp:attachment":[{"href":"https:\/\/wp.ufpel.edu.br\/empauta\/wp-json\/wp\/v2\/media?parent=13786"}],"wp:term":[{"taxonomy":"category","embeddable":true,"href":"https:\/\/wp.ufpel.edu.br\/empauta\/wp-json\/wp\/v2\/categories?post=13786"},{"taxonomy":"post_tag","embeddable":true,"href":"https:\/\/wp.ufpel.edu.br\/empauta\/wp-json\/wp\/v2\/tags?post=13786"}],"curies":[{"name":"wp","href":"https:\/\/api.w.org\/{rel}","templated":true}]}}