{"id":13653,"date":"2019-10-02T22:05:25","date_gmt":"2019-10-03T01:05:25","guid":{"rendered":"https:\/\/wp.ufpel.edu.br\/empauta\/?p=13653"},"modified":"2019-10-02T22:05:25","modified_gmt":"2019-10-03T01:05:25","slug":"resenha-ad-astra-rumo-as-estrelas","status":"publish","type":"post","link":"https:\/\/wp.ufpel.edu.br\/empauta\/resenha-ad-astra-rumo-as-estrelas\/","title":{"rendered":"Resenha: Ad Astra &#8211; Rumo \u00e0s Estrelas"},"content":{"rendered":"<p style=\"text-align: right\"><strong><em>Por Gra\u00e7a Vignolo de Siqueira<\/em><\/strong><\/p>\n<p><a href=\"https:\/\/wp.ufpel.edu.br\/empauta\/files\/2019\/10\/AdAstra.retang.jpg\"><img loading=\"lazy\" decoding=\"async\" class=\"aligncenter size-full wp-image-13654\" src=\"https:\/\/wp.ufpel.edu.br\/empauta\/files\/2019\/10\/AdAstra.retang.jpg\" alt=\"\" width=\"800\" height=\"445\" srcset=\"https:\/\/wp.ufpel.edu.br\/empauta\/files\/2019\/10\/AdAstra.retang.jpg 800w, https:\/\/wp.ufpel.edu.br\/empauta\/files\/2019\/10\/AdAstra.retang-212x118.jpg 212w, https:\/\/wp.ufpel.edu.br\/empauta\/files\/2019\/10\/AdAstra.retang-424x236.jpg 424w, https:\/\/wp.ufpel.edu.br\/empauta\/files\/2019\/10\/AdAstra.retang-768x427.jpg 768w\" sizes=\"auto, (max-width: 800px) 100vw, 800px\" \/><\/a><\/p>\n<p><strong>Sinopse:<\/strong><\/p>\n<p style=\"text-align: justify\"><span style=\"font-weight: 400\"><em>\u201cRoy McBride (Brad Pitt) \u00e9 um engenheiro espacial que decide empreender a maior jornada de sua vida: viajar para o espa\u00e7o, cruzar a gal\u00e1xia e tentar descobrir o que aconteceu com seu pai (Tommy Lee Jones), um astronauta que se perdeu h\u00e1 vinte anos no caminho para Netuno.\u201d<\/em>\u00a0<\/span><\/p>\n<p style=\"text-align: justify\"><em><span style=\"font-weight: 400\">Ad Astra \u2013 Rumos \u00e0s Estrelas <\/span><\/em><span style=\"font-weight: 400\">n\u00e3o \u00e9 para muitos. Mistura um pouco de <\/span><em><span style=\"font-weight: 400\">Interestelar, 2001 Uma Odisseia no Espa\u00e7o <\/span><\/em><span style=\"font-weight: 400\">e <\/span><span style=\"font-weight: 400\">at\u00e9 <\/span><em><span style=\"font-weight: 400\">Gravidade <\/span><\/em><span style=\"font-weight: 400\">e ainda,<\/span><span style=\"font-weight: 400\"> trata da rela\u00e7\u00e3o pai e filho.<\/span><\/p>\n<p style=\"text-align: justify\"><span style=\"font-weight: 400\">Roy sempre teve o pai como um her\u00f3i; e quis ser astronauta, pois essa era a profiss\u00e3o dele. Seu pai fez uma viagem interplanet\u00e1ria e nunca mais voltou. E nada se sabe sobre o que aconteceu.<\/span><\/p>\n<p style=\"text-align: justify\"><span style=\"font-weight: 400\">Vinte anos se passam e aparecem explos\u00f5es que podem afetar a Terra, e Roy \u00e9 chamado a uma miss\u00e3o no espa\u00e7o com a miss\u00e3o: descobrir a causa das explos\u00f5es e extermin\u00e1-la.<\/span><\/p>\n<p style=\"text-align: justify\"><span style=\"font-weight: 400\">Roy \u00e9 frio. Vive numa solid\u00e3o que ele pr\u00f3prio se imp\u00f4s. Talvez porque seja o espelho do pai. Talvez porque n\u00e3o consiga se relacionar com o outro. Embora obediente, e incrivelmente calmo. Combina com o espa\u00e7o.<\/span><\/p>\n<p style=\"text-align: justify\"><span style=\"font-weight: 400\">O som e imagens do filme s\u00e3o deslumbrantes. Os efeitos sonoros misturados \u00e0 trilha s\u00e3o eficazes. A narra\u00e7\u00e3o em <\/span><em><span style=\"font-weight: 400\">off<\/span><\/em><i><span style=\"font-weight: 400\">,<\/span><\/i><span style=\"font-weight: 400\"> pelo pr\u00f3prio Roy, nos leva para dentro da hist\u00f3ria, acompanhada de alguns <\/span><em><span style=\"font-weight: 400\">flashbacks<\/span><\/em><span style=\"font-weight: 400\"> que, por vezes, s\u00e3o mon\u00f3tonos.\u00a0<\/span><\/p>\n<p style=\"text-align: justify\"><span style=\"font-weight: 400\">Aposto que <\/span><em><span style=\"font-weight: 400\">Ad Astra \u2013 Rumo \u00e0s Estrelas<\/span><\/em><span style=\"font-weight: 400\"> leva uma ou mais estatuetas. Quem sabe, desta vez, Brad Pitt ganhe o pr\u00eamio de Melhor Ator no Oscar 2020?<\/span><\/p>\n<p style=\"text-align: justify\"><span style=\"font-weight: 400\">Com dire\u00e7\u00e3o de James Grey, o filme n\u00e3o \u00e9 s\u00f3 isso. Tem a\u00e7\u00e3o e algum suspense. Tem imagens incr\u00edveis na lua, inclusive com persegui\u00e7\u00e3o. Al\u00e9m da mensagem introspectiva masculina de: eu sou como meu pai ou conseguirei escapar das armadilhas gen\u00e9ticas? O que ele fez realmente interfere em quem eu possa ser?<\/span><\/p>\n<p style=\"text-align: justify\"><span style=\"font-weight: 400\">Recomendo para quem curte assistir a dramas, embora um pouco ficcional, e para quem, assim como eu, se extasie com belas imagens.<\/span><\/p>\n<p><span style=\"font-weight: 400\">Nota: 9,5<\/span><\/p>\n<div class=\"video-container\"><iframe loading=\"lazy\" title=\"Ad Astra: Rumo \u00c0s Estrelas | Trailer Oficial | Legendado HD\" width=\"500\" height=\"281\" src=\"https:\/\/www.youtube.com\/embed\/0kfRv-L-vqg?feature=oembed&#038;wmode=opaque\" frameborder=\"0\" allow=\"accelerometer; autoplay; clipboard-write; encrypted-media; gyroscope; picture-in-picture; web-share\" referrerpolicy=\"strict-origin-when-cross-origin\" allowfullscreen><\/iframe><\/div>\n","protected":false},"excerpt":{"rendered":"<p>Roy McBride (Brad Pitt) \u00e9 um engenheiro espacial que decide empreender a maior jornada de sua vida: viajar para o espa\u00e7o, cruzar a gal\u00e1xia e tentar descobrir o que aconteceu com seu pai (Tommy Lee Jones), um astronauta que se perdeu h\u00e1 vinte anos no caminho para Netuno.<\/p>\n","protected":false},"author":587,"featured_media":13654,"comment_status":"closed","ping_status":"closed","sticky":false,"template":"","format":"standard","meta":{"jetpack_post_was_ever_published":false,"_jetpack_newsletter_access":"","_jetpack_dont_email_post_to_subs":false,"_jetpack_newsletter_tier_id":0,"_jetpack_memberships_contains_paywalled_content":false,"_jetpack_memberships_contains_paid_content":false,"footnotes":"","jetpack_publicize_message":"","jetpack_publicize_feature_enabled":true,"jetpack_social_post_already_shared":true,"jetpack_social_options":{"image_generator_settings":{"template":"highway","default_image_id":0,"font":"","enabled":false},"version":2}},"categories":[324],"tags":[379,84],"class_list":["post-13653","post","type-post","status-publish","format-standard","has-post-thumbnail","hentry","category-criticaseresenhas","tag-criticas-e-resenhas","tag-graca-vignolo-de-siqueira"],"jetpack_publicize_connections":[],"jetpack_featured_media_url":"https:\/\/wp.ufpel.edu.br\/empauta\/files\/2019\/10\/AdAstra.retang.jpg","jetpack_sharing_enabled":true,"jetpack_shortlink":"https:\/\/wp.me\/p6Xvzq-3yd","jetpack-related-posts":[{"id":11640,"url":"https:\/\/wp.ufpel.edu.br\/empauta\/o-primeiro-homem\/","url_meta":{"origin":13653,"position":0},"title":"O Primeiro Homem","author":"Em Pauta","date":"31\/10\/2018","format":false,"excerpt":"Por Gra\u00e7a Vignolo de Siqueira Sinopse: \u201cFilme sobre a vida do astronauta norte-americano\u00a0Neil Armstrong (Ryan Gosling) e sua jornada para se tornar o primeiro homem a andar na Lua. Os sacrif\u00edcios e custos de Neil, e toda uma na\u00e7\u00e3o, durante uma das mais perigosas miss\u00f5es na hist\u00f3ria das viagens espaciais.\u201d\u2026","rel":"","context":"Em &quot;Cr\u00edticas e Resenhas&quot;","block_context":{"text":"Cr\u00edticas e Resenhas","link":"https:\/\/wp.ufpel.edu.br\/empauta\/category\/todos\/criticaseresenhas\/"},"img":{"alt_text":"","src":"https:\/\/i0.wp.com\/wp.ufpel.edu.br\/empauta\/files\/2018\/10\/OPrimeiroHomemquadrado.jpg?resize=350%2C200&ssl=1","width":350,"height":200,"srcset":"https:\/\/i0.wp.com\/wp.ufpel.edu.br\/empauta\/files\/2018\/10\/OPrimeiroHomemquadrado.jpg?resize=350%2C200&ssl=1 1x, https:\/\/i0.wp.com\/wp.ufpel.edu.br\/empauta\/files\/2018\/10\/OPrimeiroHomemquadrado.jpg?resize=525%2C300&ssl=1 1.5x, https:\/\/i0.wp.com\/wp.ufpel.edu.br\/empauta\/files\/2018\/10\/OPrimeiroHomemquadrado.jpg?resize=700%2C400&ssl=1 2x"},"classes":[]},{"id":5014,"url":"https:\/\/wp.ufpel.edu.br\/empauta\/resenha-perdido-em-marte\/","url_meta":{"origin":13653,"position":1},"title":"Perdido em Marte","author":"Em Pauta","date":"18\/10\/2015","format":false,"excerpt":"por Gra\u00e7a Siqueira Sinopse: \u201cO astronauta Mark Watney (Matt Damon) \u00e9 enviado a uma miss\u00e3o em Marte junto com a equipe da comandante Melissa Lewis (Jessica Chastain). Ap\u00f3s uma severa tempestade ele \u00e9 dado como morto, abandonado pelos colegas, acorda sozinho no misterioso planeta com escassos suprimentos, sem saber como\u2026","rel":"","context":"Em &quot;Cr\u00edticas e Resenhas&quot;","block_context":{"text":"Cr\u00edticas e Resenhas","link":"https:\/\/wp.ufpel.edu.br\/empauta\/category\/todos\/criticaseresenhas\/"},"img":{"alt_text":"","src":"https:\/\/i0.wp.com\/wp.ufpel.edu.br\/empauta\/files\/2015\/10\/Perdido-em-Marte-6.jpg?resize=350%2C200&ssl=1","width":350,"height":200,"srcset":"https:\/\/i0.wp.com\/wp.ufpel.edu.br\/empauta\/files\/2015\/10\/Perdido-em-Marte-6.jpg?resize=350%2C200&ssl=1 1x, https:\/\/i0.wp.com\/wp.ufpel.edu.br\/empauta\/files\/2015\/10\/Perdido-em-Marte-6.jpg?resize=525%2C300&ssl=1 1.5x"},"classes":[]},{"id":391,"url":"https:\/\/wp.ufpel.edu.br\/empauta\/12-anos-de-escravidao\/","url_meta":{"origin":13653,"position":2},"title":"12 Anos de Escravid\u00e3o","author":"Em Pauta","date":"10\/03\/2014","format":false,"excerpt":"Por \u00a0Gra\u00e7a Vignolo de Siqueira Sinopse: \u201cBaseado\u00a0em fatos reais, o filme mostra Solomon Northup (ChiwetelEjiofor), um escravo liberto que \u00e9 sequestrado em 1841 e for\u00e7ado por um propriet\u00e1rio de escravos (Michael Fassbender) a trabalhar em uma planta\u00e7\u00e3o na regi\u00e3o de Louisiana, nos Estados Unidos. Resgatado apenas 12 anos\u00a0mais tarde \u00e9\u2026","rel":"","context":"Em &quot;Cr\u00edticas e Resenhas&quot;","block_context":{"text":"Cr\u00edticas e Resenhas","link":"https:\/\/wp.ufpel.edu.br\/empauta\/category\/todos\/criticaseresenhas\/"},"img":{"alt_text":"12 Anos_Escravid+\u00fao","src":"https:\/\/i0.wp.com\/wp.ufpel.edu.br\/empauta\/files\/2014\/03\/12-Anos_Escravid-%C3%BAo-199x300.jpg?resize=350%2C200&ssl=1","width":350,"height":200},"classes":[]},{"id":13378,"url":"https:\/\/wp.ufpel.edu.br\/empauta\/resenha-era-uma-vez-em-hollywood\/","url_meta":{"origin":13653,"position":3},"title":"Resenha: Era uma vez em&#8230; Hollywood","author":"Em Pauta","date":"24\/08\/2019","format":false,"excerpt":"\u201cRick Dalton (Leonardo DiCaprio), em 1969, \u00e9 um ator de TV em decl\u00ednio de carreira. Juntamente com seu dubl\u00ea Cliff Booth (Brad Pitt) est\u00e1 decidido a fazer o nome em Hollywood. Para tanto, ele conhece muitas pessoas influentes na ind\u00fastria cinematogr\u00e1fica. Inclusive, Rick \u00e9 vizinho de Roman Polanski (Rafal Zawierucha)\u2026","rel":"","context":"Em &quot;Not\u00edcias&quot;","block_context":{"text":"Not\u00edcias","link":"https:\/\/wp.ufpel.edu.br\/empauta\/category\/noticias\/"},"img":{"alt_text":"","src":"https:\/\/i0.wp.com\/wp.ufpel.edu.br\/empauta\/files\/2019\/08\/EraUmaVez.ret_.png?resize=350%2C200&ssl=1","width":350,"height":200,"srcset":"https:\/\/i0.wp.com\/wp.ufpel.edu.br\/empauta\/files\/2019\/08\/EraUmaVez.ret_.png?resize=350%2C200&ssl=1 1x, https:\/\/i0.wp.com\/wp.ufpel.edu.br\/empauta\/files\/2019\/08\/EraUmaVez.ret_.png?resize=525%2C300&ssl=1 1.5x, https:\/\/i0.wp.com\/wp.ufpel.edu.br\/empauta\/files\/2019\/08\/EraUmaVez.ret_.png?resize=700%2C400&ssl=1 2x"},"classes":[]},{"id":9139,"url":"https:\/\/wp.ufpel.edu.br\/empauta\/passageiros\/","url_meta":{"origin":13653,"position":4},"title":"PASSAGEIROS","author":"Em Pauta","date":"20\/01\/2017","format":false,"excerpt":"Por: Gra\u00e7a Vignolo de Siqueira Sinopse: \u201cDois passageiros acordam 90 anos antes do tempo programado durante uma viagem ao espa\u00e7o devido a um mau funcionamento de suas c\u00e1psulas. Sozinhos, Jim (Chris Pratt) e Aurora (Jennifer Lawrence) come\u00e7am a estreitar o seu relacionamento. Entretanto, a paz \u00e9 amea\u00e7ada quando eles descobrem\u2026","rel":"","context":"Em &quot;Cr\u00edticas e Resenhas&quot;","block_context":{"text":"Cr\u00edticas e Resenhas","link":"https:\/\/wp.ufpel.edu.br\/empauta\/category\/todos\/criticaseresenhas\/"},"img":{"alt_text":"","src":"https:\/\/i0.wp.com\/wp.ufpel.edu.br\/empauta\/files\/2017\/01\/Passageiroscartaz.jpg?resize=350%2C200&ssl=1","width":350,"height":200,"srcset":"https:\/\/i0.wp.com\/wp.ufpel.edu.br\/empauta\/files\/2017\/01\/Passageiroscartaz.jpg?resize=350%2C200&ssl=1 1x, https:\/\/i0.wp.com\/wp.ufpel.edu.br\/empauta\/files\/2017\/01\/Passageiroscartaz.jpg?resize=525%2C300&ssl=1 1.5x, https:\/\/i0.wp.com\/wp.ufpel.edu.br\/empauta\/files\/2017\/01\/Passageiroscartaz.jpg?resize=700%2C400&ssl=1 2x"},"classes":[]},{"id":12072,"url":"https:\/\/wp.ufpel.edu.br\/empauta\/alita-anjo-de-combate\/","url_meta":{"origin":13653,"position":5},"title":"ALITA: ANJO DE COMBATE","author":"Em Pauta","date":"26\/02\/2019","format":false,"excerpt":"Por Gra\u00e7a Vignolo de Siqueira Sinopse: \u201cUma ciborgue (Rosa Salazar) \u00e9 descoberta pelo cientista Dr. Ido (Christoph Waltz). Ela n\u00e3o tem mem\u00f3rias de sua cria\u00e7\u00e3o, mas possui grande conhecimento de artes marciais. Enquanto busca informa\u00e7\u00f5es sobre seu passado, trabalha como ca\u00e7adora de recompensas e descobre um interesse amoroso.\u201d Eu sempre\u2026","rel":"","context":"Em &quot;Cr\u00edticas e Resenhas&quot;","block_context":{"text":"Cr\u00edticas e Resenhas","link":"https:\/\/wp.ufpel.edu.br\/empauta\/category\/todos\/criticaseresenhas\/"},"img":{"alt_text":"","src":"https:\/\/i0.wp.com\/wp.ufpel.edu.br\/empauta\/files\/2019\/02\/Alitaretang.jpg?resize=350%2C200&ssl=1","width":350,"height":200,"srcset":"https:\/\/i0.wp.com\/wp.ufpel.edu.br\/empauta\/files\/2019\/02\/Alitaretang.jpg?resize=350%2C200&ssl=1 1x, https:\/\/i0.wp.com\/wp.ufpel.edu.br\/empauta\/files\/2019\/02\/Alitaretang.jpg?resize=525%2C300&ssl=1 1.5x, https:\/\/i0.wp.com\/wp.ufpel.edu.br\/empauta\/files\/2019\/02\/Alitaretang.jpg?resize=700%2C400&ssl=1 2x"},"classes":[]}],"_links":{"self":[{"href":"https:\/\/wp.ufpel.edu.br\/empauta\/wp-json\/wp\/v2\/posts\/13653","targetHints":{"allow":["GET"]}}],"collection":[{"href":"https:\/\/wp.ufpel.edu.br\/empauta\/wp-json\/wp\/v2\/posts"}],"about":[{"href":"https:\/\/wp.ufpel.edu.br\/empauta\/wp-json\/wp\/v2\/types\/post"}],"author":[{"embeddable":true,"href":"https:\/\/wp.ufpel.edu.br\/empauta\/wp-json\/wp\/v2\/users\/587"}],"replies":[{"embeddable":true,"href":"https:\/\/wp.ufpel.edu.br\/empauta\/wp-json\/wp\/v2\/comments?post=13653"}],"version-history":[{"count":1,"href":"https:\/\/wp.ufpel.edu.br\/empauta\/wp-json\/wp\/v2\/posts\/13653\/revisions"}],"predecessor-version":[{"id":13655,"href":"https:\/\/wp.ufpel.edu.br\/empauta\/wp-json\/wp\/v2\/posts\/13653\/revisions\/13655"}],"wp:featuredmedia":[{"embeddable":true,"href":"https:\/\/wp.ufpel.edu.br\/empauta\/wp-json\/wp\/v2\/media\/13654"}],"wp:attachment":[{"href":"https:\/\/wp.ufpel.edu.br\/empauta\/wp-json\/wp\/v2\/media?parent=13653"}],"wp:term":[{"taxonomy":"category","embeddable":true,"href":"https:\/\/wp.ufpel.edu.br\/empauta\/wp-json\/wp\/v2\/categories?post=13653"},{"taxonomy":"post_tag","embeddable":true,"href":"https:\/\/wp.ufpel.edu.br\/empauta\/wp-json\/wp\/v2\/tags?post=13653"}],"curies":[{"name":"wp","href":"https:\/\/api.w.org\/{rel}","templated":true}]}}