{"id":13585,"date":"2019-09-24T00:33:50","date_gmt":"2019-09-24T03:33:50","guid":{"rendered":"https:\/\/wp.ufpel.edu.br\/empauta\/?p=13585"},"modified":"2019-09-24T00:33:50","modified_gmt":"2019-09-24T03:33:50","slug":"barraca-da-saude-comemora-aniversario-com-doacoes-de-sangue","status":"publish","type":"post","link":"https:\/\/wp.ufpel.edu.br\/empauta\/barraca-da-saude-comemora-aniversario-com-doacoes-de-sangue\/","title":{"rendered":"Barraca da Sa\u00fade comemora anivers\u00e1rio com doa\u00e7\u00f5es de sangue"},"content":{"rendered":"<p style=\"text-align: right\"><em><strong>Por Isadora Ogawa<\/strong><\/em><\/p>\n<p style=\"text-align: justify\"><span style=\"font-weight: 400\">No dia 17 de setembro, a Barraca da Sa\u00fade, projeto de extens\u00e3o da Universidade Federal de Pelotas (UFPel), completou um ano de atividades. Para comemorar, o projeto decidiu presentear a comunidade de Pelotas e regi\u00e3o com doa\u00e7\u00f5es de sangue. Na sexta-feira (13), o Hemocentro Regional de Pelotas foi movimentado por diversos alunos e participantes do projeto.\u00a0<\/span><\/p>\n<div id=\"attachment_13586\" style=\"width: 1510px\" class=\"wp-caption aligncenter\"><a href=\"https:\/\/wp.ufpel.edu.br\/empauta\/files\/2019\/09\/IMG_5853.jpg\"><img loading=\"lazy\" decoding=\"async\" aria-describedby=\"caption-attachment-13586\" class=\"size-full wp-image-13586\" src=\"https:\/\/wp.ufpel.edu.br\/empauta\/files\/2019\/09\/IMG_5853.jpg\" alt=\"\" width=\"1500\" height=\"1000\" srcset=\"https:\/\/wp.ufpel.edu.br\/empauta\/files\/2019\/09\/IMG_5853.jpg 1500w, https:\/\/wp.ufpel.edu.br\/empauta\/files\/2019\/09\/IMG_5853-212x141.jpg 212w, https:\/\/wp.ufpel.edu.br\/empauta\/files\/2019\/09\/IMG_5853-424x283.jpg 424w, https:\/\/wp.ufpel.edu.br\/empauta\/files\/2019\/09\/IMG_5853-768x512.jpg 768w\" sizes=\"auto, (max-width: 1500px) 100vw, 1500px\" \/><\/a><p id=\"caption-attachment-13586\" class=\"wp-caption-text\">Participante do projeto doando sangue. Foto: Talyssa Machado<\/p><\/div>\n<p style=\"text-align: justify\"><span style=\"font-weight: 400\">D\u00e1kny Machado, bolsista do projeto, conta que a ideia surgiu em uma reuni\u00e3o com a comiss\u00e3o organizadora que, al\u00e9m de uma celebra\u00e7\u00e3o, pensou \u201cpor que n\u00e3o fazer uma boa a\u00e7\u00e3o para a comunidade tamb\u00e9m?\u201d, j\u00e1 que durante todo o ano realizam atividades com a popula\u00e7\u00e3o. Al\u00e9m disso, h\u00e1 grande demanda pelas doa\u00e7\u00f5es. <strong><em>\u201cN\u00f3s sempre estamos correndo atr\u00e1s de doadores, porque nossos estoques de sangue est\u00e3o quase sempre baixos\u201d<\/em><\/strong>, afirma Daniela Zanon, enfermeira do hemocentro.<\/span><\/p>\n<p style=\"text-align: justify\"><span style=\"font-weight: 400\">Com a participa\u00e7\u00e3o de aproximadamente cinquenta alunos, a tarde foi intensa no hemocentro pelotense. Henrique Lasyer, de 18 anos, doou sangue pela primeira vez. <strong><em>\u201cFoi uma experi\u00eancia bem legal\u201d<\/em><\/strong>, conta. Daniela ressalta que <strong><em>\u201cprovavelmente v\u00e3o se tornar doadores ass\u00edduos\u201d<\/em><\/strong>, j\u00e1 que a maioria estava doando pela primeira vez. Assim, foi estabelecida uma parceria entre hemocentro e comunidade acad\u00eamica, <strong><em>\u201cuma troca\u201d<\/em><\/strong>, segundo a enfermeira.<\/span><\/p>\n<p style=\"text-align: justify\"><span style=\"font-weight: 400\">O projeto Barraca da Sa\u00fade tem como objetivo promover a integra\u00e7\u00e3o entre universidade e comunidade e oferecer aux\u00edlio, como consultas preventivas para a sa\u00fade f\u00edsica e psicol\u00f3gica, \u00e0s comunidades da zona sul. Estima-se a participa\u00e7\u00e3o de 18 cursos diferentes na atividade, abrangendo alunos das ci\u00eancias biol\u00f3gicas, humanas e exatas.<\/span><\/p>\n","protected":false},"excerpt":{"rendered":"<p>No dia 17 de setembro, a Barraca da Sa\u00fade, projeto de extens\u00e3o da Universidade Federal de Pelotas (UFPel), completou um ano de atividades.<\/p>\n","protected":false},"author":587,"featured_media":13586,"comment_status":"closed","ping_status":"closed","sticky":false,"template":"","format":"standard","meta":{"jetpack_post_was_ever_published":false,"_jetpack_newsletter_access":"","_jetpack_dont_email_post_to_subs":false,"_jetpack_newsletter_tier_id":0,"_jetpack_memberships_contains_paywalled_content":false,"_jetpack_memberships_contains_paid_content":false,"footnotes":"","jetpack_publicize_message":"","jetpack_publicize_feature_enabled":true,"jetpack_social_post_already_shared":true,"jetpack_social_options":{"image_generator_settings":{"template":"highway","default_image_id":0,"font":"","enabled":false},"version":2}},"categories":[9],"tags":[388,79,392],"class_list":["post-13585","post","type-post","status-publish","format-standard","has-post-thumbnail","hentry","category-geral","tag-barraca-da-saude","tag-geral","tag-isadora-ogawa"],"jetpack_publicize_connections":[],"jetpack_featured_media_url":"https:\/\/wp.ufpel.edu.br\/empauta\/files\/2019\/09\/IMG_5853.jpg","jetpack_sharing_enabled":true,"jetpack_shortlink":"https:\/\/wp.me\/p6Xvzq-3x7","jetpack-related-posts":[{"id":13716,"url":"https:\/\/wp.ufpel.edu.br\/empauta\/barraca-da-saude-incentiva-prevencao-no-outubro-rosa\/","url_meta":{"origin":13585,"position":0},"title":"Barraca da Sa\u00fade incentiva preven\u00e7\u00e3o no Outubro Rosa","author":"Em Pauta","date":"12\/10\/2019","format":false,"excerpt":"Logo no come\u00e7o do m\u00eas, as programa\u00e7\u00f5es referentes ao Outubro Rosa tiveram in\u00edcio em Pelotas. E a Barraca da Sa\u00fade, projeto de extens\u00e3o da Universidade Federal de Pelotas (UFPel), esteve no Largo do Mercado Central junto com associa\u00e7\u00f5es e institui\u00e7\u00f5es para apoiar a campanha de conscientiza\u00e7\u00e3o sobre o c\u00e2ncer de\u2026","rel":"","context":"Em &quot;Geral&quot;","block_context":{"text":"Geral","link":"https:\/\/wp.ufpel.edu.br\/empauta\/category\/todos\/geral\/"},"img":{"alt_text":"","src":"https:\/\/i0.wp.com\/wp.ufpel.edu.br\/empauta\/files\/2019\/10\/WhatsApp-Image-2019-10-08-at-10.36.47EDITADA.jpeg?resize=350%2C200&ssl=1","width":350,"height":200,"srcset":"https:\/\/i0.wp.com\/wp.ufpel.edu.br\/empauta\/files\/2019\/10\/WhatsApp-Image-2019-10-08-at-10.36.47EDITADA.jpeg?resize=350%2C200&ssl=1 1x, https:\/\/i0.wp.com\/wp.ufpel.edu.br\/empauta\/files\/2019\/10\/WhatsApp-Image-2019-10-08-at-10.36.47EDITADA.jpeg?resize=525%2C300&ssl=1 1.5x, https:\/\/i0.wp.com\/wp.ufpel.edu.br\/empauta\/files\/2019\/10\/WhatsApp-Image-2019-10-08-at-10.36.47EDITADA.jpeg?resize=700%2C400&ssl=1 2x, https:\/\/i0.wp.com\/wp.ufpel.edu.br\/empauta\/files\/2019\/10\/WhatsApp-Image-2019-10-08-at-10.36.47EDITADA.jpeg?resize=1050%2C600&ssl=1 3x"},"classes":[]},{"id":13418,"url":"https:\/\/wp.ufpel.edu.br\/empauta\/barraca-da-saude-discute-temas-importantes-em-escola-de-piratini\/","url_meta":{"origin":13585,"position":1},"title":"Barraca da Sa\u00fade discute temas importantes em escola de Piratini","author":"Em Pauta","date":"02\/09\/2019","format":false,"excerpt":"Na segunda-feira (26), a Barraca da Sa\u00fade, projeto de extens\u00e3o da Universidade Federal de Pelotas (UFPel), foi at\u00e9 a Escola de Ensino Fundamental Ruy Ramos, no munic\u00edpio de Piratini.","rel":"","context":"Em &quot;Geral&quot;","block_context":{"text":"Geral","link":"https:\/\/wp.ufpel.edu.br\/empauta\/category\/todos\/geral\/"},"img":{"alt_text":"","src":"https:\/\/i0.wp.com\/wp.ufpel.edu.br\/empauta\/files\/2019\/09\/094.jpg?resize=350%2C200&ssl=1","width":350,"height":200,"srcset":"https:\/\/i0.wp.com\/wp.ufpel.edu.br\/empauta\/files\/2019\/09\/094.jpg?resize=350%2C200&ssl=1 1x, https:\/\/i0.wp.com\/wp.ufpel.edu.br\/empauta\/files\/2019\/09\/094.jpg?resize=525%2C300&ssl=1 1.5x, https:\/\/i0.wp.com\/wp.ufpel.edu.br\/empauta\/files\/2019\/09\/094.jpg?resize=700%2C400&ssl=1 2x, https:\/\/i0.wp.com\/wp.ufpel.edu.br\/empauta\/files\/2019\/09\/094.jpg?resize=1050%2C600&ssl=1 3x, https:\/\/i0.wp.com\/wp.ufpel.edu.br\/empauta\/files\/2019\/09\/094.jpg?resize=1400%2C800&ssl=1 4x"},"classes":[]},{"id":13058,"url":"https:\/\/wp.ufpel.edu.br\/empauta\/barraca-da-saude-participa-de-festa-junina-piratini\/","url_meta":{"origin":13585,"position":2},"title":"Barraca da Sa\u00fade participa de festa junina de Piratini","author":"Em Pauta","date":"15\/06\/2019","format":false,"excerpt":"No s\u00e1bado (9), o projeto Barraca da Sa\u00fade da Universidade Federal de Pelotas (UFPel) esteve na cidade de Piratini para celebrar junto \u00e0s escolas Ferreira da Cunha e Ad\u00e3o Preto uma festa Junina.","rel":"","context":"Em &quot;Cultura e Entretenimento&quot;","block_context":{"text":"Cultura e Entretenimento","link":"https:\/\/wp.ufpel.edu.br\/empauta\/category\/todos\/culturaeentretenimento\/"},"img":{"alt_text":"","src":"https:\/\/i0.wp.com\/wp.ufpel.edu.br\/empauta\/files\/2019\/06\/foto-de-capa.jpg?resize=350%2C200&ssl=1","width":350,"height":200,"srcset":"https:\/\/i0.wp.com\/wp.ufpel.edu.br\/empauta\/files\/2019\/06\/foto-de-capa.jpg?resize=350%2C200&ssl=1 1x, https:\/\/i0.wp.com\/wp.ufpel.edu.br\/empauta\/files\/2019\/06\/foto-de-capa.jpg?resize=525%2C300&ssl=1 1.5x, https:\/\/i0.wp.com\/wp.ufpel.edu.br\/empauta\/files\/2019\/06\/foto-de-capa.jpg?resize=700%2C400&ssl=1 2x, https:\/\/i0.wp.com\/wp.ufpel.edu.br\/empauta\/files\/2019\/06\/foto-de-capa.jpg?resize=1050%2C600&ssl=1 3x, https:\/\/i0.wp.com\/wp.ufpel.edu.br\/empauta\/files\/2019\/06\/foto-de-capa.jpg?resize=1400%2C800&ssl=1 4x"},"classes":[]},{"id":13926,"url":"https:\/\/wp.ufpel.edu.br\/empauta\/barraca-da-saude-realiza-acao-pelo-dia-do-servidor-publico\/","url_meta":{"origin":13585,"position":3},"title":"Barraca da sa\u00fade realiza a\u00e7\u00e3o pelo Dia do Servidor P\u00fablico","author":"Em Pauta","date":"09\/11\/2019","format":false,"excerpt":"Em comemora\u00e7\u00e3o ao Dia do Servidor P\u00fablico, a Barraca da Sa\u00fade, projeto de extens\u00e3o da Universidade Federal de Pelotas (UFPel), realizou uma a\u00e7\u00e3o no campus Cap\u00e3o do Le\u00e3o","rel":"","context":"Em &quot;Geral&quot;","block_context":{"text":"Geral","link":"https:\/\/wp.ufpel.edu.br\/empauta\/category\/todos\/geral\/"},"img":{"alt_text":"","src":"https:\/\/i0.wp.com\/wp.ufpel.edu.br\/empauta\/files\/2019\/11\/barraca2.jpeg?resize=350%2C200&ssl=1","width":350,"height":200,"srcset":"https:\/\/i0.wp.com\/wp.ufpel.edu.br\/empauta\/files\/2019\/11\/barraca2.jpeg?resize=350%2C200&ssl=1 1x, https:\/\/i0.wp.com\/wp.ufpel.edu.br\/empauta\/files\/2019\/11\/barraca2.jpeg?resize=525%2C300&ssl=1 1.5x, https:\/\/i0.wp.com\/wp.ufpel.edu.br\/empauta\/files\/2019\/11\/barraca2.jpeg?resize=700%2C400&ssl=1 2x"},"classes":[]},{"id":12429,"url":"https:\/\/wp.ufpel.edu.br\/empauta\/barraca-da-saude-na-reinauguracao-da-emei-marilia-poliesti\/","url_meta":{"origin":13585,"position":4},"title":"Barraca da Sa\u00fade na reinaugura\u00e7\u00e3o da EMEI Mar\u00edlia Poliesti","author":"Em Pauta","date":"24\/04\/2019","format":false,"excerpt":"Na quarta-feira (10), ocorreu a reinaugura\u00e7\u00e3o da Escola Municipal de Educa\u00e7\u00e3o Infantil Mar\u00edlia Poliesti, em que o projeto Barraca da Sa\u00fade esteve presente para prestigiar. Foi em 2017, com o espa\u00e7o ainda n\u00e3o reformado, onde o projeto de extens\u00e3o iniciou suas atividades.","rel":"","context":"Em &quot;Geral&quot;","block_context":{"text":"Geral","link":"https:\/\/wp.ufpel.edu.br\/empauta\/category\/todos\/geral\/"},"img":{"alt_text":"","src":"https:\/\/i0.wp.com\/wp.ufpel.edu.br\/empauta\/files\/2019\/04\/barracareinaugura.jpg1_.jpg?resize=350%2C200&ssl=1","width":350,"height":200,"srcset":"https:\/\/i0.wp.com\/wp.ufpel.edu.br\/empauta\/files\/2019\/04\/barracareinaugura.jpg1_.jpg?resize=350%2C200&ssl=1 1x, https:\/\/i0.wp.com\/wp.ufpel.edu.br\/empauta\/files\/2019\/04\/barracareinaugura.jpg1_.jpg?resize=525%2C300&ssl=1 1.5x, https:\/\/i0.wp.com\/wp.ufpel.edu.br\/empauta\/files\/2019\/04\/barracareinaugura.jpg1_.jpg?resize=700%2C400&ssl=1 2x, https:\/\/i0.wp.com\/wp.ufpel.edu.br\/empauta\/files\/2019\/04\/barracareinaugura.jpg1_.jpg?resize=1050%2C600&ssl=1 3x"},"classes":[]},{"id":12817,"url":"https:\/\/wp.ufpel.edu.br\/empauta\/barraca-da-saude-realiza-acao-em-pedro-osorio\/","url_meta":{"origin":13585,"position":5},"title":"Barraca da Sa\u00fade realiza a\u00e7\u00e3o em Pedro Os\u00f3rio","author":"Em Pauta","date":"20\/05\/2019","format":false,"excerpt":"No s\u00e1bado (04), a Barraca da Sa\u00fade esteve na Associa\u00e7\u00e3o Beneficente Lar de Idosos S\u00e3o Francisco de Assis, no munic\u00edpio de Pedro Os\u00f3rio, para realizar consultas preventivas para a sa\u00fade f\u00edsica e psicol\u00f3gica dos idosos do local.","rel":"","context":"Em &quot;Geral&quot;","block_context":{"text":"Geral","link":"https:\/\/wp.ufpel.edu.br\/empauta\/category\/todos\/geral\/"},"img":{"alt_text":"","src":"https:\/\/i0.wp.com\/wp.ufpel.edu.br\/empauta\/files\/2019\/05\/WhatsApp-Image-2019-05-18-at-23.14.12-2.jpeg?resize=350%2C200&ssl=1","width":350,"height":200,"srcset":"https:\/\/i0.wp.com\/wp.ufpel.edu.br\/empauta\/files\/2019\/05\/WhatsApp-Image-2019-05-18-at-23.14.12-2.jpeg?resize=350%2C200&ssl=1 1x, https:\/\/i0.wp.com\/wp.ufpel.edu.br\/empauta\/files\/2019\/05\/WhatsApp-Image-2019-05-18-at-23.14.12-2.jpeg?resize=525%2C300&ssl=1 1.5x, https:\/\/i0.wp.com\/wp.ufpel.edu.br\/empauta\/files\/2019\/05\/WhatsApp-Image-2019-05-18-at-23.14.12-2.jpeg?resize=700%2C400&ssl=1 2x, https:\/\/i0.wp.com\/wp.ufpel.edu.br\/empauta\/files\/2019\/05\/WhatsApp-Image-2019-05-18-at-23.14.12-2.jpeg?resize=1050%2C600&ssl=1 3x"},"classes":[]}],"_links":{"self":[{"href":"https:\/\/wp.ufpel.edu.br\/empauta\/wp-json\/wp\/v2\/posts\/13585","targetHints":{"allow":["GET"]}}],"collection":[{"href":"https:\/\/wp.ufpel.edu.br\/empauta\/wp-json\/wp\/v2\/posts"}],"about":[{"href":"https:\/\/wp.ufpel.edu.br\/empauta\/wp-json\/wp\/v2\/types\/post"}],"author":[{"embeddable":true,"href":"https:\/\/wp.ufpel.edu.br\/empauta\/wp-json\/wp\/v2\/users\/587"}],"replies":[{"embeddable":true,"href":"https:\/\/wp.ufpel.edu.br\/empauta\/wp-json\/wp\/v2\/comments?post=13585"}],"version-history":[{"count":1,"href":"https:\/\/wp.ufpel.edu.br\/empauta\/wp-json\/wp\/v2\/posts\/13585\/revisions"}],"predecessor-version":[{"id":13587,"href":"https:\/\/wp.ufpel.edu.br\/empauta\/wp-json\/wp\/v2\/posts\/13585\/revisions\/13587"}],"wp:featuredmedia":[{"embeddable":true,"href":"https:\/\/wp.ufpel.edu.br\/empauta\/wp-json\/wp\/v2\/media\/13586"}],"wp:attachment":[{"href":"https:\/\/wp.ufpel.edu.br\/empauta\/wp-json\/wp\/v2\/media?parent=13585"}],"wp:term":[{"taxonomy":"category","embeddable":true,"href":"https:\/\/wp.ufpel.edu.br\/empauta\/wp-json\/wp\/v2\/categories?post=13585"},{"taxonomy":"post_tag","embeddable":true,"href":"https:\/\/wp.ufpel.edu.br\/empauta\/wp-json\/wp\/v2\/tags?post=13585"}],"curies":[{"name":"wp","href":"https:\/\/api.w.org\/{rel}","templated":true}]}}