{"id":13520,"date":"2019-09-16T11:48:32","date_gmt":"2019-09-16T14:48:32","guid":{"rendered":"https:\/\/wp.ufpel.edu.br\/empauta\/?p=13520"},"modified":"2019-09-16T11:48:32","modified_gmt":"2019-09-16T14:48:32","slug":"inscricoes-para-o-evento-elas-na-ciencia-sao-prorrogadas-ate-amanha","status":"publish","type":"post","link":"https:\/\/wp.ufpel.edu.br\/empauta\/inscricoes-para-o-evento-elas-na-ciencia-sao-prorrogadas-ate-amanha\/","title":{"rendered":"Inscri\u00e7\u00f5es para o evento \u201cElas na ci\u00eancia\u201d s\u00e3o prorrogadas at\u00e9 amanh\u00e3"},"content":{"rendered":"<h5><strong>As vagas s\u00e3o limitadas e o material arrecadado nas inscri\u00e7\u00f5es ser\u00e1 doado para a Escola Municipal Margarida Gastal<\/strong><\/h5>\n<p style=\"text-align: right\"><i><span style=\"font-weight: 400\">\u00a0\u00a0\u00a0\u00a0\u00a0\u00a0\u00a0\u00a0\u00a0\u00a0\u00a0\u00a0\u00a0\u00a0\u00a0\u00a0\u00a0\u00a0\u00a0\u00a0\u00a0\u00a0\u00a0\u00a0\u00a0\u00a0\u00a0\u00a0\u00a0\u00a0\u00a0\u00a0\u00a0\u00a0\u00a0\u00a0\u00a0\u00a0\u00a0\u00a0\u00a0\u00a0\u00a0\u00a0\u00a0\u00a0\u00a0\u00a0\u00a0\u00a0\u00a0\u00a0\u00a0\u00a0\u00a0\u00a0\u00a0\u00a0\u00a0\u00a0\u00a0\u00a0\u00a0\u00a0\u00a0\u00a0\u00a0\u00a0\u00a0\u00a0\u00a0\u00a0\u00a0\u00a0\u00a0\u00a0\u00a0\u00a0\u00a0\u00a0\u00a0\u00a0\u00a0<strong>\u00a0\u00a0Por Giordanna Benkenstein Vallejos<\/strong><\/span><\/i><\/p>\n<div id=\"attachment_13521\" style=\"width: 1410px\" class=\"wp-caption aligncenter\"><a href=\"https:\/\/wp.ufpel.edu.br\/empauta\/files\/2019\/09\/Capa-site-01-01.png\"><img loading=\"lazy\" decoding=\"async\" aria-describedby=\"caption-attachment-13521\" class=\"size-full wp-image-13521\" src=\"https:\/\/wp.ufpel.edu.br\/empauta\/files\/2019\/09\/Capa-site-01-01.png\" alt=\"\" width=\"1400\" height=\"400\" srcset=\"https:\/\/wp.ufpel.edu.br\/empauta\/files\/2019\/09\/Capa-site-01-01.png 1400w, https:\/\/wp.ufpel.edu.br\/empauta\/files\/2019\/09\/Capa-site-01-01-212x61.png 212w, https:\/\/wp.ufpel.edu.br\/empauta\/files\/2019\/09\/Capa-site-01-01-424x121.png 424w, https:\/\/wp.ufpel.edu.br\/empauta\/files\/2019\/09\/Capa-site-01-01-768x219.png 768w\" sizes=\"auto, (max-width: 1400px) 100vw, 1400px\" \/><\/a><p id=\"caption-attachment-13521\" class=\"wp-caption-text\">O evento acontece em 25 e 26 desse m\u00eas. Imagem: Divulga\u00e7\u00e3o do evento<\/p><\/div>\n<p style=\"text-align: justify\"><span style=\"font-weight: 400\">As inscri\u00e7\u00f5es para o evento \u201cElas na ci\u00eancia\u201d foram prorrogadas at\u00e9 amanh\u00e3 (17). O evento prop\u00f5e palestras e mesas redondas, tendo como pauta o papel da mulher e as rela\u00e7\u00f5es de g\u00eanero na \u00e1rea cient\u00edfica. A atividade ocorrer\u00e1 nos dias 25, das 19h \u00e0s\u00a0 22h, e 26 de setembro, das 9h \u00e0s 18h45.<\/span><\/p>\n<p style=\"text-align: justify\"><span style=\"font-weight: 400\">Alguns dos t\u00f3picos abordados nesses dois dias ser\u00e3o: \u201cElas na ci\u00eancia: desafios e perspectivas para a inclus\u00e3o de novos talentos\u201d, \u201cPara mulheres na ci\u00eancia: impacto da premia\u00e7\u00e3o na carreira cient\u00edfica\u201d e \u201cParent in science: a maternidade e a carreira cient\u00edfica\u201d. Durante o evento haver\u00e1 intervalos para coquetel, coffee break e um jantar de encerramento por ades\u00e3o.<\/span><\/p>\n<p style=\"text-align: justify\"><span style=\"font-weight: 400\">Para realizar sua inscri\u00e7\u00e3o, \u00e9 necess\u00e1rio o preenchimento e envio do formul\u00e1rio de inscri\u00e7\u00e3o (<\/span><a href=\"https:\/\/wp.ufpel.edu.br\/elasnaciencia\/\"><span style=\"font-weight: 400\">https:\/\/wp.ufpel.edu.br\/elasnaciencia\/<\/span><\/a><span style=\"font-weight: 400\">). A confirma\u00e7\u00e3o se dar\u00e1 mediante a entrega de um dos kits escolares listados abaixo. Todo material arrecadado ser\u00e1 doado para a Escola Municipal Margarida Gastal.<\/span><\/p>\n<ul>\n<li style=\"font-weight: 400;text-align: justify\"><span style=\"font-weight: 400\">Kit 1: 1 caderno 200 folhas + 2 cadernos de 96 folhas<\/span><\/li>\n<li style=\"font-weight: 400;text-align: justify\"><span style=\"font-weight: 400\">Kit 2: 1 pacote de 500 folhas de of\u00edcio + 2 r\u00e9guas +2 tesouras + 2 colas brancas<\/span><\/li>\n<li style=\"font-weight: 400;text-align: justify\"><span style=\"font-weight: 400\">Kit 3: 1 caixa de l\u00e1pis de cor (12 cores) + 1 caixa de canetinhas (12 cores)<\/span><\/li>\n<li style=\"font-weight: 400;text-align: justify\"><span style=\"font-weight: 400\">Kit 4: 2 cadernos de caligrafia + 2 caixas de giz de cera + 2 caixas de tinta tempera + 3 apontadores.<\/span><\/li>\n<\/ul>\n","protected":false},"excerpt":{"rendered":"<p>As inscri\u00e7\u00f5es para o evento \u201cElas na ci\u00eancia\u201d foram prorrogadas at\u00e9 amanh\u00e3 (17). O evento prop\u00f5e palestras e mesas redondas, tendo como pauta o papel da mulher e as rela\u00e7\u00f5es de g\u00eanero na \u00e1rea cient\u00edfica.<\/p>\n","protected":false},"author":587,"featured_media":13521,"comment_status":"closed","ping_status":"closed","sticky":false,"template":"","format":"standard","meta":{"jetpack_post_was_ever_published":false,"_jetpack_newsletter_access":"","_jetpack_dont_email_post_to_subs":false,"_jetpack_newsletter_tier_id":0,"_jetpack_memberships_contains_paywalled_content":false,"_jetpack_memberships_contains_paid_content":false,"footnotes":"","jetpack_publicize_message":"","jetpack_publicize_feature_enabled":true,"jetpack_social_post_already_shared":true,"jetpack_social_options":{"image_generator_settings":{"template":"highway","default_image_id":0,"font":"","enabled":false},"version":2}},"categories":[9],"tags":[79,369,186],"class_list":["post-13520","post","type-post","status-publish","format-standard","has-post-thumbnail","hentry","category-geral","tag-geral","tag-giordanna-benkenstein-vallejos","tag-ufpel"],"jetpack_publicize_connections":[],"jetpack_featured_media_url":"https:\/\/wp.ufpel.edu.br\/empauta\/files\/2019\/09\/Capa-site-01-01.png","jetpack_sharing_enabled":true,"jetpack_shortlink":"https:\/\/wp.me\/p6Xvzq-3w4","jetpack-related-posts":[{"id":13648,"url":"https:\/\/wp.ufpel.edu.br\/empauta\/elas-na-ciencia-debate-o-papel-e-as-dificuldades-da-mulher-no-meio-cientifico\/","url_meta":{"origin":13520,"position":0},"title":"Elas na Ci\u00eancia debate o papel e as dificuldades da mulher no meio cient\u00edfico","author":"Em Pauta","date":"02\/10\/2019","format":false,"excerpt":"O evento Elas na Ci\u00eancia estava lotado de mulheres e homens que ouviram e participaram atentamente das palestras e atividades propostas nos dias 25 e 26 de setembro, na Biblioteca P\u00fablica Pelotense e no audit\u00f3rio da FAEM.","rel":"","context":"Em &quot;Not\u00edcias&quot;","block_context":{"text":"Not\u00edcias","link":"https:\/\/wp.ufpel.edu.br\/empauta\/category\/noticias\/"},"img":{"alt_text":"","src":"https:\/\/i0.wp.com\/wp.ufpel.edu.br\/empauta\/files\/2019\/10\/b0031t300605.jpg?resize=350%2C200&ssl=1","width":350,"height":200,"srcset":"https:\/\/i0.wp.com\/wp.ufpel.edu.br\/empauta\/files\/2019\/10\/b0031t300605.jpg?resize=350%2C200&ssl=1 1x, https:\/\/i0.wp.com\/wp.ufpel.edu.br\/empauta\/files\/2019\/10\/b0031t300605.jpg?resize=525%2C300&ssl=1 1.5x, https:\/\/i0.wp.com\/wp.ufpel.edu.br\/empauta\/files\/2019\/10\/b0031t300605.jpg?resize=700%2C400&ssl=1 2x, https:\/\/i0.wp.com\/wp.ufpel.edu.br\/empauta\/files\/2019\/10\/b0031t300605.jpg?resize=1050%2C600&ssl=1 3x, https:\/\/i0.wp.com\/wp.ufpel.edu.br\/empauta\/files\/2019\/10\/b0031t300605.jpg?resize=1400%2C800&ssl=1 4x"},"classes":[]},{"id":12225,"url":"https:\/\/wp.ufpel.edu.br\/empauta\/12225\/","url_meta":{"origin":13520,"position":1},"title":"Palestra do evento &#8216;Integra CLC&#8217;: Desamarrando as palavras com Vitor Necchi","author":"Em Pauta","date":"05\/04\/2019","format":false,"excerpt":"Por Giordanna Benkenstein Vallejos\u00a0 Na noite de ontem (4), \u00e0s 19h, ocorreu na ASUFPel a palestra com o porto alegrense Vitor Necchi, dentro do evento 'Integra CLC', organizado pelo Centro de Letras e Comunica\u00e7\u00e3o da UFPel, abordando os temas: palavra desamarrada, leitura, representa\u00e7\u00e3o e inven\u00e7\u00e3o do mundo. A palestra com\u2026","rel":"","context":"Em &quot;Geral&quot;","block_context":{"text":"Geral","link":"https:\/\/wp.ufpel.edu.br\/empauta\/category\/todos\/geral\/"},"img":{"alt_text":"","src":"https:\/\/i0.wp.com\/wp.ufpel.edu.br\/empauta\/files\/2019\/04\/WhatsApp-Image-2019-04-04-at-22.21.46.jpeg?resize=350%2C200&ssl=1","width":350,"height":200,"srcset":"https:\/\/i0.wp.com\/wp.ufpel.edu.br\/empauta\/files\/2019\/04\/WhatsApp-Image-2019-04-04-at-22.21.46.jpeg?resize=350%2C200&ssl=1 1x, https:\/\/i0.wp.com\/wp.ufpel.edu.br\/empauta\/files\/2019\/04\/WhatsApp-Image-2019-04-04-at-22.21.46.jpeg?resize=525%2C300&ssl=1 1.5x"},"classes":[]},{"id":12531,"url":"https:\/\/wp.ufpel.edu.br\/empauta\/desafio-pre-universitario-dara-aulao-sobre-a-primeira-guerra-mundial-aberto-ao-publico\/","url_meta":{"origin":13520,"position":2},"title":"Desafio Pr\u00e9-Universit\u00e1rio dar\u00e1 Aul\u00e3o sobre a Primeira Guerra Mundial aberto ao p\u00fablico","author":"Em Pauta","date":"03\/05\/2019","format":false,"excerpt":"O cursinho Desafio Pr\u00e9-Universit\u00e1rio Popular ir\u00e1 realizar um evento sobre a Primeira Guerra Mundial,\u00a0 \u00e0s 14h, do dia 18 de maio na sede do curso, localizado na rua Tiradentes, esquina com a F\u00e9lix da Cunha. O Aul\u00e3o ser\u00e1 gratuito e aberto \u00e0 comunidade. O ponto principal do Aul\u00e3o s\u00e3o as\u2026","rel":"","context":"Em &quot;Geral&quot;","block_context":{"text":"Geral","link":"https:\/\/wp.ufpel.edu.br\/empauta\/category\/todos\/geral\/"},"img":{"alt_text":"","src":"https:\/\/i0.wp.com\/wp.ufpel.edu.br\/empauta\/files\/2019\/05\/58372587_2283296105323084_1737812521798074368_n.jpg?resize=350%2C200&ssl=1","width":350,"height":200,"srcset":"https:\/\/i0.wp.com\/wp.ufpel.edu.br\/empauta\/files\/2019\/05\/58372587_2283296105323084_1737812521798074368_n.jpg?resize=350%2C200&ssl=1 1x, https:\/\/i0.wp.com\/wp.ufpel.edu.br\/empauta\/files\/2019\/05\/58372587_2283296105323084_1737812521798074368_n.jpg?resize=525%2C300&ssl=1 1.5x, https:\/\/i0.wp.com\/wp.ufpel.edu.br\/empauta\/files\/2019\/05\/58372587_2283296105323084_1737812521798074368_n.jpg?resize=700%2C400&ssl=1 2x"},"classes":[]},{"id":2263,"url":"https:\/\/wp.ufpel.edu.br\/empauta\/inscricoes-para-a-feira-literaria-sao-prorrogadas\/","url_meta":{"origin":13520,"position":3},"title":"Inscri\u00e7\u00f5es para a Feira Liter\u00e1ria s\u00e3o prorrogadas","author":"Em Pauta","date":"18\/09\/2014","format":false,"excerpt":"Por Jean Carlo dos Santos O evento liter\u00e1rio, que come\u00e7a dia 30 de outubro e termina dia 15 de novembro, teve as inscri\u00e7\u00f5es de propostas de atividades culturais, art\u00edsticas, cient\u00edficas e acad\u00eamicas prorrogadas at\u00e9 o dia 29 de setembro. A \"Feira Liter\u00e1ria da UFPel: uma nova leitura de mundo\"\u00a0ocorre simultaneamente\u2026","rel":"","context":"Em &quot;Geral&quot;","block_context":{"text":"Geral","link":"https:\/\/wp.ufpel.edu.br\/empauta\/category\/todos\/geral\/"},"img":{"alt_text":"","src":"","width":0,"height":0},"classes":[]},{"id":13804,"url":"https:\/\/wp.ufpel.edu.br\/empauta\/aulao-final-para-o-enem-2019-sera-gratuito-e-aberto-a-comunidade\/","url_meta":{"origin":13520,"position":4},"title":"Aul\u00e3o Final para o Enem 2019 ser\u00e1 gratuito e aberto \u00e0 comunidade","author":"Em Pauta","date":"24\/10\/2019","format":false,"excerpt":"O Desafio Pr\u00e9-Universit\u00e1rio Popular ir\u00e1 promover aul\u00e3o com as principais dicas e conte\u00fados de cada \u00e1rea da prova Por Giordanna Benkenstein Vallejos\u00a0 O evento \u201cAul\u00e3o Final para o Enem 2019\u201d \u00e9 gratuito e ocorrer\u00e1 no pr\u00f3ximo s\u00e1bado (26), \u00e0s 14h, no audit\u00f3rio do Col\u00e9gio Pelotense (rua Marc\u00edlio Dias, n\u00ba 1597\u2026","rel":"","context":"Em &quot;Geral&quot;","block_context":{"text":"Geral","link":"https:\/\/wp.ufpel.edu.br\/empauta\/category\/todos\/geral\/"},"img":{"alt_text":"","src":"https:\/\/i0.wp.com\/wp.ufpel.edu.br\/empauta\/files\/2019\/10\/d9a91622-3c2a-4532-bbf3-a263f388f92f.jpg?resize=350%2C200&ssl=1","width":350,"height":200,"srcset":"https:\/\/i0.wp.com\/wp.ufpel.edu.br\/empauta\/files\/2019\/10\/d9a91622-3c2a-4532-bbf3-a263f388f92f.jpg?resize=350%2C200&ssl=1 1x, https:\/\/i0.wp.com\/wp.ufpel.edu.br\/empauta\/files\/2019\/10\/d9a91622-3c2a-4532-bbf3-a263f388f92f.jpg?resize=525%2C300&ssl=1 1.5x, https:\/\/i0.wp.com\/wp.ufpel.edu.br\/empauta\/files\/2019\/10\/d9a91622-3c2a-4532-bbf3-a263f388f92f.jpg?resize=700%2C400&ssl=1 2x, https:\/\/i0.wp.com\/wp.ufpel.edu.br\/empauta\/files\/2019\/10\/d9a91622-3c2a-4532-bbf3-a263f388f92f.jpg?resize=1050%2C600&ssl=1 3x"},"classes":[]},{"id":13640,"url":"https:\/\/wp.ufpel.edu.br\/empauta\/jornada-freiriana-um-evento-para-valorizar-os-ensinamentos-de-paulo-freire\/","url_meta":{"origin":13520,"position":5},"title":"Jornada Freiriana: um evento para valorizar os ensinamentos de Paulo Freire","author":"Em Pauta","date":"02\/10\/2019","format":false,"excerpt":"A Jornada Freiriana ocorrer\u00e1 no dia 11 de outubro, \u00e0s 9h, no campus II da Universidade Federal de Pelotas (UFPel).","rel":"","context":"Em &quot;Geral&quot;","block_context":{"text":"Geral","link":"https:\/\/wp.ufpel.edu.br\/empauta\/category\/todos\/geral\/"},"img":{"alt_text":"","src":"https:\/\/i0.wp.com\/wp.ufpel.edu.br\/empauta\/files\/2019\/10\/6dff29fb-29a0-492e-8198-68921b34ebc7.jpg?resize=350%2C200&ssl=1","width":350,"height":200,"srcset":"https:\/\/i0.wp.com\/wp.ufpel.edu.br\/empauta\/files\/2019\/10\/6dff29fb-29a0-492e-8198-68921b34ebc7.jpg?resize=350%2C200&ssl=1 1x, https:\/\/i0.wp.com\/wp.ufpel.edu.br\/empauta\/files\/2019\/10\/6dff29fb-29a0-492e-8198-68921b34ebc7.jpg?resize=525%2C300&ssl=1 1.5x, https:\/\/i0.wp.com\/wp.ufpel.edu.br\/empauta\/files\/2019\/10\/6dff29fb-29a0-492e-8198-68921b34ebc7.jpg?resize=700%2C400&ssl=1 2x, https:\/\/i0.wp.com\/wp.ufpel.edu.br\/empauta\/files\/2019\/10\/6dff29fb-29a0-492e-8198-68921b34ebc7.jpg?resize=1050%2C600&ssl=1 3x"},"classes":[]}],"_links":{"self":[{"href":"https:\/\/wp.ufpel.edu.br\/empauta\/wp-json\/wp\/v2\/posts\/13520","targetHints":{"allow":["GET"]}}],"collection":[{"href":"https:\/\/wp.ufpel.edu.br\/empauta\/wp-json\/wp\/v2\/posts"}],"about":[{"href":"https:\/\/wp.ufpel.edu.br\/empauta\/wp-json\/wp\/v2\/types\/post"}],"author":[{"embeddable":true,"href":"https:\/\/wp.ufpel.edu.br\/empauta\/wp-json\/wp\/v2\/users\/587"}],"replies":[{"embeddable":true,"href":"https:\/\/wp.ufpel.edu.br\/empauta\/wp-json\/wp\/v2\/comments?post=13520"}],"version-history":[{"count":1,"href":"https:\/\/wp.ufpel.edu.br\/empauta\/wp-json\/wp\/v2\/posts\/13520\/revisions"}],"predecessor-version":[{"id":13522,"href":"https:\/\/wp.ufpel.edu.br\/empauta\/wp-json\/wp\/v2\/posts\/13520\/revisions\/13522"}],"wp:featuredmedia":[{"embeddable":true,"href":"https:\/\/wp.ufpel.edu.br\/empauta\/wp-json\/wp\/v2\/media\/13521"}],"wp:attachment":[{"href":"https:\/\/wp.ufpel.edu.br\/empauta\/wp-json\/wp\/v2\/media?parent=13520"}],"wp:term":[{"taxonomy":"category","embeddable":true,"href":"https:\/\/wp.ufpel.edu.br\/empauta\/wp-json\/wp\/v2\/categories?post=13520"},{"taxonomy":"post_tag","embeddable":true,"href":"https:\/\/wp.ufpel.edu.br\/empauta\/wp-json\/wp\/v2\/tags?post=13520"}],"curies":[{"name":"wp","href":"https:\/\/api.w.org\/{rel}","templated":true}]}}