{"id":1331,"date":"2014-06-14T14:00:50","date_gmt":"2014-06-14T17:00:50","guid":{"rendered":"http:\/\/agpel.ufpel.edu.br\/?p=1331"},"modified":"2017-11-10T02:23:07","modified_gmt":"2017-11-10T04:23:07","slug":"malevola","status":"publish","type":"post","link":"https:\/\/wp.ufpel.edu.br\/empauta\/malevola\/","title":{"rendered":"Mal\u00e9vola"},"content":{"rendered":"<p style=\"text-align: right\">Por <a title=\"Gra\u00e7a Vignolo de Siqueira\" href=\"http:\/\/agpel.ufpel.edu.br\/?tag=graca-vignolo-de-siqueira\" target=\"_blank\">Gra\u00e7a Vignolo de Siqueira<\/a><\/p>\n<p style=\"text-align: justify\"><strong>Sinopse:<\/strong><\/p>\n<p style=\"text-align: justify\">\u201cMal\u00e9vola (Angelina Jolie) \u00e9 uma fada movida pelo sentimento de vingan\u00e7a. Junto com seu fiel companheiro Diaval, ela resolve enfrentar o novo rei (Sharlto Copley) e coloca um feiti\u00e7o na filha dele, Aurora (Elle Fanning). Para livr\u00e1-la do feiti\u00e7o, o rei pede ajuda as tr\u00eas fadas para que a criem na floresta. Quando Mal\u00e9vola percebe que Aurora j\u00e1 crescida est\u00e1 prestes a estabelecer a paz entre os mundos, a vil\u00e3 \u00e9 obrigada a tomar uma decis\u00e3o dr\u00e1stica.\u201d<\/p>\n<div id=\"attachment_1332\" style=\"width: 590px\" class=\"wp-caption aligncenter\"><a href=\"http:\/\/agpel.ufpel.edu.br\/wp-content\/uploads\/2014\/06\/Malevola2.3.5.jpeg\"><img loading=\"lazy\" decoding=\"async\" aria-describedby=\"caption-attachment-1332\" class=\" wp-image-1332\" alt=\"Malevola2.3.5\" src=\"http:\/\/agpel.ufpel.edu.br\/wp-content\/uploads\/2014\/06\/Malevola2.3.5.jpeg\" width=\"580\" height=\"348\" \/><\/a><p id=\"caption-attachment-1332\" class=\"wp-caption-text\">Foto: Divulga\u00e7\u00e3o<\/p><\/div>\n<p style=\"text-align: justify\">A.M.E.I., isso mesmo, amei muito o novo filme de Angelina Jolie, em que al\u00e9m de atuar, \u00e9 produtora executiva. Muito bem feito, fotografia excelente, dire\u00e7\u00e3o impec\u00e1vel, efeitos especiais bem colocados e um 3D sem exageros. Nova vers\u00e3o de A Bela Adormecida, que foi adaptado para o cinema pela Disney em 1959, essa \u00e9 contada por Mal\u00e9vola.<\/p>\n<p style=\"text-align: justify\">A primeira anima\u00e7\u00e3o era baseada no bal\u00e9 de Tchaikovsky, de 1890, e na vers\u00e3o publicada pelo franc\u00eas Charles Perrault em 1697. Tanto Perrault quanto os Irm\u00e3os Grimm, que tamb\u00e9m a publicaram, foram inspirados no conto de 1634 por Giambattista Basile, que encantou crian\u00e7as por v\u00e1rios s\u00e9culos.<\/p>\n<p style=\"text-align: justify\">Mas essa \u00e9 uma vers\u00e3o encantadora. Embora Mal\u00e9vola sempre tenha tido a fama de \u201ca maior das malvadas\u201d, a Disney, em 2010, resolveu recontar sua hist\u00f3ria pelo \u00e2ngulo inusitado da vil\u00e3. Ela conta o que aconteceu antes, quando era inocente e uma poderosa fada, porque n\u00e3o acredita nos homens e qual o motivo de sua vingan\u00e7a. Afinal crescemos acreditando que Mal\u00e9vola se vingara apenas porque n\u00e3o fora convidada \u00e0 festa de apresenta\u00e7\u00e3o da princesa Aurora. Mas c\u00e1 entre n\u00f3s, era um motivo muito pequeno mesmo\u2026<\/p>\n<p style=\"text-align: justify\">Angelina Jolie d\u00e1 um show de interpreta\u00e7\u00e3o, ora com muita raiva, ora com carinho no olhar\u2026 A princesa Aurora tamb\u00e9m \u00e9 um doce de menina, interpretada pela jovem Mary Elle Fanning, 16 anos, irm\u00e3 mais nova da atriz Dakota Fanning. Elle, que iniciou sua carreira aos tr\u00eas anos, j\u00e1 \u00e9 uma \u00f3tima atriz.<\/p>\n<p style=\"text-align: justify\">Mal\u00e9vola \u00e9 uma doce fada, com muitos poderes e que protege o reino dos Moors. Ainda menina conhece Stefan, um humano em quem ela confiar\u00e1 e lhe jurar\u00e1 amor verdadeiro. Mas sua ambi\u00e7\u00e3o \u00e9 maior e ele simplesmente desaparece para viver ao lado do rei e, quem sabe num futuro, ficar em seu lugar. Quando o rei resolve invadir o reino de Moor encontra uma Mal\u00e9vola que o impedir\u00e1 e, para isso, o fere mortalmente.<\/p>\n<p style=\"text-align: justify\">O rei ent\u00e3o promete seu trono a quem lhe trouxer a cabe\u00e7a da fada de longas asas e grande poder. Os homens temem Mal\u00e9vola, mas um deles, Stefan, tudo far\u00e1 para ter o trono e a filha do rei. Para isso reencontra Mal\u00e9vola e lhe avisa da persegui\u00e7\u00e3o do rei. Esquece, por\u00e9m de informar que tamb\u00e9m est\u00e1 interessado no trono. Ap\u00f3s dar-lhe uma po\u00e7\u00e3o que a faz dormir arranca suas asas para provar ao rei o seu feito. O rei morre e deixa Stefan em seu lugar. Ele casa com a princesa e, mais tarde, tem uma filha, a princesa Aurora.<\/p>\n<div id=\"attachment_1360\" style=\"width: 644px\" class=\"wp-caption aligncenter\"><a href=\"https:\/\/wp.ufpel.edu.br\/empauta\/files\/2014\/06\/10437307_10202230522472340_480707826_n.jpg\"><img loading=\"lazy\" decoding=\"async\" aria-describedby=\"caption-attachment-1360\" class=\"size-full wp-image-1360\" alt=\"Foto: Divulga\u00e7\u00e3o\" src=\"https:\/\/wp.ufpel.edu.br\/empauta\/files\/2014\/06\/10437307_10202230522472340_480707826_n.jpg\" width=\"634\" height=\"414\" \/><\/a><p id=\"caption-attachment-1360\" class=\"wp-caption-text\">Foto: Divulga\u00e7\u00e3o<\/p><\/div>\n<p style=\"text-align: justify\">Todos v\u00e3o ao reino no batismo de Aurora levar-lhe presentes. As tr\u00eas fadinhas, Fauna, Flora e Primavera, tamb\u00e9m est\u00e3o presenteando a princesinha quando chega Mal\u00e9vola. Tra\u00edda, com raiva de Stefan, lan\u00e7a a maldi\u00e7\u00e3o t\u00e3o conhecida: quando Aurora fizer 16 anos ter\u00e1 seu dedo perfurado por uma roca e adormecer\u00e1 para sempre ou at\u00e9 que receba um beijo de um amor verdadeiro. Claro, que assim determina por n\u00e3o acreditar nem um pouco no amor.<\/p>\n<p style=\"text-align: justify\">Stefan afasta Aurora do reino e pede \u00e0s tr\u00eas fadinhas que a criem na floresta sem que ningu\u00e9m saiba quem \u00e9. Al\u00e9m disso, queima todas as rocas conhecidas e atira tudo no por\u00e3o do castelo. E o tempo passa. As fadinhas s\u00e3o completamente inexperientes na cria\u00e7\u00e3o de um beb\u00ea e, portanto, Mal\u00e9vola e Diaval est\u00e3o sempre lhe acompanhando e dando aten\u00e7\u00e3o.<\/p>\n<p style=\"text-align: justify\">Aurora come\u00e7a a crescer acostumada com a \u201cfada madrinha\u201d por perto. N\u00e3o tem medo de sua assustadora apar\u00eancia com chifres na cabe\u00e7a. Aos tr\u00eas anos, mais ou menos, acaricia a cabe\u00e7a de Mal\u00e9vola. Essa \u00e9 uma cena muito interessante, pois o diretor desejava uma crian\u00e7a loirinha, que se aproximasse de Angelina sem medo de sua maquiagem austera e roupas pretas. Ent\u00e3o Angelina lembrou que apenas uma crian\u00e7a poderia contracenar ao seu lado sem medo: sua pequena Vivianne Jolie-Pritt.<\/p>\n<p style=\"text-align: justify\">Aurora cresce, fica amiga de Mal\u00e9vola, ama o reino Moor, conhece um pr\u00edncipe encantado, mas quando aos 16 anos descobre a maldi\u00e7\u00e3o que lhe foi imposta resolve abandonar tudo e partir para o castelo. Mal\u00e9vola se arrepende e vai ao seu encontro para evitar que o feiti\u00e7o se concretize, levando junto Diaval e o pr\u00edncipe Fillipe.<\/p>\n<p style=\"text-align: justify\">J\u00e1 estou contando muito. Corram ao cinema. N\u00e3o percam Mal\u00e9vola, que \u00e9 fruto de uma nova safra da Disney refilmando seus cl\u00e1ssicos para a nova gera\u00e7\u00e3o. E descubram qual o verdadeiro amor que pode despertar Aurora. Nota 10.<\/p>\n<div id=\"attachment_1336\" style=\"width: 358px\" class=\"wp-caption aligncenter\"><a href=\"https:\/\/wp.ufpel.edu.br\/empauta\/files\/2014\/06\/Malevola3.3.5.jpg\"><img loading=\"lazy\" decoding=\"async\" aria-describedby=\"caption-attachment-1336\" class=\" wp-image-1336 \" alt=\"Malevola3.3.5\" src=\"https:\/\/wp.ufpel.edu.br\/empauta\/files\/2014\/06\/Malevola3.3.5.jpg\" width=\"348\" height=\"580\" \/><\/a><p id=\"caption-attachment-1336\" class=\"wp-caption-text\">Foto: Divulga\u00e7\u00e3o<\/p><\/div>\n","protected":false},"excerpt":{"rendered":"<p>Por Gra\u00e7a Vignolo de Siqueira Sinopse: \u201cMal\u00e9vola (Angelina Jolie) \u00e9 uma fada movida pelo sentimento de vingan\u00e7a. Junto com seu fiel companheiro Diaval, ela resolve enfrentar o novo rei (Sharlto Copley) e coloca um&#46;&#46;&#46;<\/p>\n","protected":false},"author":587,"featured_media":0,"comment_status":"closed","ping_status":"closed","sticky":false,"template":"","format":"standard","meta":{"jetpack_post_was_ever_published":false,"_jetpack_newsletter_access":"","_jetpack_dont_email_post_to_subs":false,"_jetpack_newsletter_tier_id":0,"_jetpack_memberships_contains_paywalled_content":false,"_jetpack_memberships_contains_paid_content":false,"footnotes":"","jetpack_publicize_message":"","jetpack_publicize_feature_enabled":true,"jetpack_social_post_already_shared":false,"jetpack_social_options":{"image_generator_settings":{"template":"highway","default_image_id":0,"font":"","enabled":false},"version":2}},"categories":[324],"tags":[84],"class_list":["post-1331","post","type-post","status-publish","format-standard","hentry","category-criticaseresenhas","tag-graca-vignolo-de-siqueira"],"jetpack_publicize_connections":[],"jetpack_featured_media_url":"","jetpack_sharing_enabled":true,"jetpack_shortlink":"https:\/\/wp.me\/s6Xvzq-malevola","jetpack-related-posts":[{"id":13825,"url":"https:\/\/wp.ufpel.edu.br\/empauta\/resenha-malevola-dona-do-mal\/","url_meta":{"origin":1331,"position":0},"title":"Resenha: Mal\u00e9vola &#8211; Dona do mal","author":"Em Pauta","date":"25\/10\/2019","format":false,"excerpt":"Cinco anos ap\u00f3s Aurora (Elle Fanning) despertar do sono profundo, a agora rainha dos Moors \u00e9 pedida em casamento pelo pr\u00edncipe Phillip (Harris Dickinson). Ela aceita o pedido e, com isso, parte rumo ao reino de Ulstead ao lado de Mal\u00e9vola (Angelina Jolie), no intuito de conhecer seus futuros sogros,\u2026","rel":"","context":"Em &quot;Cr\u00edticas e Resenhas&quot;","block_context":{"text":"Cr\u00edticas e Resenhas","link":"https:\/\/wp.ufpel.edu.br\/empauta\/category\/todos\/criticaseresenhas\/"},"img":{"alt_text":"","src":"https:\/\/i0.wp.com\/wp.ufpel.edu.br\/empauta\/files\/2019\/10\/Malevola2.retang.jpg?resize=350%2C200&ssl=1","width":350,"height":200,"srcset":"https:\/\/i0.wp.com\/wp.ufpel.edu.br\/empauta\/files\/2019\/10\/Malevola2.retang.jpg?resize=350%2C200&ssl=1 1x, https:\/\/i0.wp.com\/wp.ufpel.edu.br\/empauta\/files\/2019\/10\/Malevola2.retang.jpg?resize=525%2C300&ssl=1 1.5x, https:\/\/i0.wp.com\/wp.ufpel.edu.br\/empauta\/files\/2019\/10\/Malevola2.retang.jpg?resize=700%2C400&ssl=1 2x"},"classes":[]},{"id":7722,"url":"https:\/\/wp.ufpel.edu.br\/empauta\/deuses-do-egito\/","url_meta":{"origin":1331,"position":1},"title":"Deuses do Egito","author":"Em Pauta","date":"10\/03\/2016","format":false,"excerpt":"por Gra\u00e7a Vignolo Siqueira Sinopse: \u201cFilme \u00e9pico, Deuses do Egito \u00e9 a grande estreia da semana. Conta a hist\u00f3ria do soldado mortal Beck (Brenton Thwaites) que vive em um Egito ancestral dominado por deuses. Junto ao deus H\u00f3rus (Nikolaj Coster-Waldau) enfrentam Set (Gerard Butler), deus da Escurid\u00e3o.\u201d Aventura, fantasia e\u2026","rel":"","context":"Em &quot;Cr\u00edticas e Resenhas&quot;","block_context":{"text":"Cr\u00edticas e Resenhas","link":"https:\/\/wp.ufpel.edu.br\/empauta\/category\/todos\/criticaseresenhas\/"},"img":{"alt_text":"","src":"https:\/\/i0.wp.com\/wp.ufpel.edu.br\/empauta\/files\/2016\/03\/frutas1-2.jpg?resize=350%2C200&ssl=1","width":350,"height":200,"srcset":"https:\/\/i0.wp.com\/wp.ufpel.edu.br\/empauta\/files\/2016\/03\/frutas1-2.jpg?resize=350%2C200&ssl=1 1x, https:\/\/i0.wp.com\/wp.ufpel.edu.br\/empauta\/files\/2016\/03\/frutas1-2.jpg?resize=525%2C300&ssl=1 1.5x, https:\/\/i0.wp.com\/wp.ufpel.edu.br\/empauta\/files\/2016\/03\/frutas1-2.jpg?resize=700%2C400&ssl=1 2x, https:\/\/i0.wp.com\/wp.ufpel.edu.br\/empauta\/files\/2016\/03\/frutas1-2.jpg?resize=1050%2C600&ssl=1 3x"},"classes":[]},{"id":13904,"url":"https:\/\/wp.ufpel.edu.br\/empauta\/resenha-o-exterminador-do-futuro-destino-sombrio\/","url_meta":{"origin":1331,"position":2},"title":"Resenha | O exterminador do futuro: Destino sombrio","author":"Em Pauta","date":"07\/11\/2019","format":false,"excerpt":"Por Gra\u00e7a Vignolo de Siqueira Sinopse: \u201cNa sexta aventura da saga Exterminador do Futuro, Arnold Schwarzenegger interpreta novamente o papel ic\u00f4nico de T-800, enquanto Linda Hamilton encarna mais uma vez Sarah Connor.\u201d Vinte e oito anos ap\u00f3s O Exterminador do Futuro 2- O Julgamento Final\u00a0 temos uma continua\u00e7\u00e3o reconhecida pelo\u2026","rel":"","context":"Em &quot;Cr\u00edticas e Resenhas&quot;","block_context":{"text":"Cr\u00edticas e Resenhas","link":"https:\/\/wp.ufpel.edu.br\/empauta\/category\/todos\/criticaseresenhas\/"},"img":{"alt_text":"","src":"https:\/\/i0.wp.com\/wp.ufpel.edu.br\/empauta\/files\/2019\/11\/Exterminador.Destino.retang.jpg?resize=350%2C200&ssl=1","width":350,"height":200,"srcset":"https:\/\/i0.wp.com\/wp.ufpel.edu.br\/empauta\/files\/2019\/11\/Exterminador.Destino.retang.jpg?resize=350%2C200&ssl=1 1x, https:\/\/i0.wp.com\/wp.ufpel.edu.br\/empauta\/files\/2019\/11\/Exterminador.Destino.retang.jpg?resize=525%2C300&ssl=1 1.5x, https:\/\/i0.wp.com\/wp.ufpel.edu.br\/empauta\/files\/2019\/11\/Exterminador.Destino.retang.jpg?resize=700%2C400&ssl=1 2x"},"classes":[]},{"id":13273,"url":"https:\/\/wp.ufpel.edu.br\/empauta\/resenha-o-rei-leao\/","url_meta":{"origin":1331,"position":3},"title":"Resenha &#8211; O Rei Le\u00e3o","author":"Em Pauta","date":"25\/07\/2019","format":false,"excerpt":"\u201cSimba (Jo\u00e3o V\u00edtor Mafra\/\u00cdcaro Silva) \u00e9 um jovem le\u00e3o cujo destino \u00e9 se tornar o rei da selva. Entretanto, uma armadilha elaborada por seu tio Scar (Rodrigo Miallareti) faz com que Mufasa (Saulo Javan), o atual rei, morra ao tentar salvar o filhote.","rel":"","context":"Em &quot;Cr\u00edticas e Resenhas&quot;","block_context":{"text":"Cr\u00edticas e Resenhas","link":"https:\/\/wp.ufpel.edu.br\/empauta\/category\/todos\/criticaseresenhas\/"},"img":{"alt_text":"","src":"https:\/\/i0.wp.com\/wp.ufpel.edu.br\/empauta\/files\/2019\/07\/poster-de-o-rei-leao-1563389106984_v2_900x506.png?resize=350%2C200&ssl=1","width":350,"height":200,"srcset":"https:\/\/i0.wp.com\/wp.ufpel.edu.br\/empauta\/files\/2019\/07\/poster-de-o-rei-leao-1563389106984_v2_900x506.png?resize=350%2C200&ssl=1 1x, https:\/\/i0.wp.com\/wp.ufpel.edu.br\/empauta\/files\/2019\/07\/poster-de-o-rei-leao-1563389106984_v2_900x506.png?resize=525%2C300&ssl=1 1.5x, https:\/\/i0.wp.com\/wp.ufpel.edu.br\/empauta\/files\/2019\/07\/poster-de-o-rei-leao-1563389106984_v2_900x506.png?resize=700%2C400&ssl=1 2x"},"classes":[]},{"id":10433,"url":"https:\/\/wp.ufpel.edu.br\/empauta\/o-rei-do-show\/","url_meta":{"origin":1331,"position":4},"title":"O Rei do Show","author":"Em Pauta","date":"23\/01\/2018","format":false,"excerpt":"Por Gra\u00e7a Vignolo de Siqueira Sinopse: \u201cDe origem humilde e desde a inf\u00e2ncia sonhando com um mundo m\u00e1gico,\u00a0P.T. Barnum (Hugh Jackman) desafia as barreiras sociais se casando com Charity (Michelle Williams), a filha do patr\u00e3o do pai e d\u00e1 o pontap\u00e9 inicial na realiza\u00e7\u00e3o de seu maior desejo abrindo uma\u2026","rel":"","context":"Em &quot;Cr\u00edticas e Resenhas&quot;","block_context":{"text":"Cr\u00edticas e Resenhas","link":"https:\/\/wp.ufpel.edu.br\/empauta\/category\/todos\/criticaseresenhas\/"},"img":{"alt_text":"","src":"https:\/\/i0.wp.com\/wp.ufpel.edu.br\/empauta\/files\/2018\/01\/OReidoShowcartaz.jpg?resize=350%2C200&ssl=1","width":350,"height":200,"srcset":"https:\/\/i0.wp.com\/wp.ufpel.edu.br\/empauta\/files\/2018\/01\/OReidoShowcartaz.jpg?resize=350%2C200&ssl=1 1x, https:\/\/i0.wp.com\/wp.ufpel.edu.br\/empauta\/files\/2018\/01\/OReidoShowcartaz.jpg?resize=525%2C300&ssl=1 1.5x"},"classes":[]},{"id":303,"url":"https:\/\/wp.ufpel.edu.br\/empauta\/hercules\/","url_meta":{"origin":1331,"position":5},"title":"H\u00e9rcules","author":"Em Pauta","date":"13\/02\/2014","format":false,"excerpt":"Por Gra\u00e7a Vignolo de Siqueira Sinopse: Tra\u00eddo por seu padrasto, o rei Anfitri\u00e3o (Scott Adkins), Alcides\/Hercules (Kellan Lutz) \u00e9 exilado e vendido como escravo. Ele precisar\u00e1 de todos poderes que tem e os que desconhece tamb\u00e9m para retornar \u00e0 sua casa, o reino que por direito \u00e9 seu. Quer voltar\u2026","rel":"","context":"Em &quot;Cr\u00edticas e Resenhas&quot;","block_context":{"text":"Cr\u00edticas e Resenhas","link":"https:\/\/wp.ufpel.edu.br\/empauta\/category\/todos\/criticaseresenhas\/"},"img":{"alt_text":"Imagem: divulga\u00e7\u00e3o","src":"https:\/\/i0.wp.com\/wp.ufpel.edu.br\/empauta\/files\/2014\/02\/Hercules-656x1024.jpg?resize=350%2C200&ssl=1","width":350,"height":200},"classes":[]}],"_links":{"self":[{"href":"https:\/\/wp.ufpel.edu.br\/empauta\/wp-json\/wp\/v2\/posts\/1331","targetHints":{"allow":["GET"]}}],"collection":[{"href":"https:\/\/wp.ufpel.edu.br\/empauta\/wp-json\/wp\/v2\/posts"}],"about":[{"href":"https:\/\/wp.ufpel.edu.br\/empauta\/wp-json\/wp\/v2\/types\/post"}],"author":[{"embeddable":true,"href":"https:\/\/wp.ufpel.edu.br\/empauta\/wp-json\/wp\/v2\/users\/587"}],"replies":[{"embeddable":true,"href":"https:\/\/wp.ufpel.edu.br\/empauta\/wp-json\/wp\/v2\/comments?post=1331"}],"version-history":[{"count":1,"href":"https:\/\/wp.ufpel.edu.br\/empauta\/wp-json\/wp\/v2\/posts\/1331\/revisions"}],"predecessor-version":[{"id":6664,"href":"https:\/\/wp.ufpel.edu.br\/empauta\/wp-json\/wp\/v2\/posts\/1331\/revisions\/6664"}],"wp:attachment":[{"href":"https:\/\/wp.ufpel.edu.br\/empauta\/wp-json\/wp\/v2\/media?parent=1331"}],"wp:term":[{"taxonomy":"category","embeddable":true,"href":"https:\/\/wp.ufpel.edu.br\/empauta\/wp-json\/wp\/v2\/categories?post=1331"},{"taxonomy":"post_tag","embeddable":true,"href":"https:\/\/wp.ufpel.edu.br\/empauta\/wp-json\/wp\/v2\/tags?post=1331"}],"curies":[{"name":"wp","href":"https:\/\/api.w.org\/{rel}","templated":true}]}}