{"id":13171,"date":"2019-07-01T11:23:24","date_gmt":"2019-07-01T14:23:24","guid":{"rendered":"https:\/\/wp.ufpel.edu.br\/empauta\/?p=13171"},"modified":"2019-07-01T11:23:24","modified_gmt":"2019-07-01T14:23:24","slug":"wimbledon-2019-marcara-o-auge-da-temporada-do-tenis-em-quadras-de-grama","status":"publish","type":"post","link":"https:\/\/wp.ufpel.edu.br\/empauta\/wimbledon-2019-marcara-o-auge-da-temporada-do-tenis-em-quadras-de-grama\/","title":{"rendered":"Wimbledon 2019 marcar\u00e1 o auge da temporada do t\u00eanis em quadras de grama"},"content":{"rendered":"<div id=\"attachment_13172\" style=\"width: 1010px\" class=\"wp-caption aligncenter\"><a href=\"https:\/\/wp.ufpel.edu.br\/empauta\/files\/2019\/07\/Novak-Djokovic.jpg\"><img loading=\"lazy\" decoding=\"async\" aria-describedby=\"caption-attachment-13172\" class=\"size-full wp-image-13172\" src=\"https:\/\/wp.ufpel.edu.br\/empauta\/files\/2019\/07\/Novak-Djokovic.jpg\" alt=\"\" width=\"1000\" height=\"643\" srcset=\"https:\/\/wp.ufpel.edu.br\/empauta\/files\/2019\/07\/Novak-Djokovic.jpg 1000w, https:\/\/wp.ufpel.edu.br\/empauta\/files\/2019\/07\/Novak-Djokovic-212x136.jpg 212w, https:\/\/wp.ufpel.edu.br\/empauta\/files\/2019\/07\/Novak-Djokovic-424x273.jpg 424w, https:\/\/wp.ufpel.edu.br\/empauta\/files\/2019\/07\/Novak-Djokovic-768x494.jpg 768w\" sizes=\"auto, (max-width: 1000px) 100vw, 1000px\" \/><\/a><p id=\"caption-attachment-13172\" class=\"wp-caption-text\">Djokovic, campe\u00e3o de Wimbledon 2018, tentar\u00e1 repetir esta imagem no ano de 2019. Imagem: REUTERS\/ Andrew Couldridge<\/p><\/div>\n<p style=\"text-align: right\"><em>Por Lu\u00eds Artur Janes Silva<\/em><\/p>\n<p style=\"text-align: justify\"><span style=\"font-weight: 400\">Nesta segunda (01), teremos o in\u00edcio da chave principal do Aberto de T\u00eanis da Inglaterra, o tradicional torneio de Wimbledon, o mais antigo campeonato do esporte das raquetes, disputado no naipe masculino desde o ano de 1877. O Grand Slam com maior valor simb\u00f3lico vai movimentar o mundo do t\u00eanis nas pr\u00f3ximas duas semanas. Neste texto, mostraremos uma breve apanhado sobre o que esperar do maior campeonato de t\u00eanis do mundo.<\/span><\/p>\n<p style=\"text-align: justify\"><span style=\"font-weight: 400\">A chave principal masculina de Wimbledon reunir\u00e1 128 jogadores, sendo que cento e doze classificaram-se diretamente e outros dezesseis vieram do torneio qualificat\u00f3rio, que iniciou na \u00faltima segunda, 24 de junho, e teve outros 128 tenistas. Destaque para os brasileiros Rog\u00e9rio Dutra Silva e Thiago Monteiro. Rogerinho venceu na rodada inicial, sobrepujando o brit\u00e2nico Evan Hoyt, por um duplo 7-6, mas foi eliminado na etapa seguinte, derrotado pelo franc\u00eas Gr\u00e9goire Barr\u00e8re em sets diretos (3-6, 6-7). Enquanto isso, Monteiro foi al\u00e9m, garantindo lugar na chave principal em Londres.<\/span><\/p>\n<p style=\"text-align: justify\"><span style=\"font-weight: 400\">O melhor tenista brasileiro da atualidade eliminou o italiano Roberto Marcora, o estadunidense Christopher Eubanks e o japon\u00eas Yosuke Watanuki, que foi derrotado por tr\u00eas sets a um, com parciais de 3-6, 7-6, 6-3, 6-3. Na rodada inicial da chave principal, Monteiro ter\u00e1 um grande desafio, pois enfrentar\u00e1 Kei Nishikori, o oitavo cabe\u00e7a de chave do torneio. O brasileiro n\u00e3o \u00e9 favorito no confronto, mas poder\u00e1 aproveitar o fato de que o japon\u00eas tem um saque (fundamento essencial na quadra de grama) pouco eficiente e, quem sabe, ir mais adiante no campeonato.<\/span><\/p>\n<p style=\"text-align: justify\"><span style=\"font-weight: 400\">Historicamente, o maior vencedor de Wimbledon \u00e9 o su\u00ed\u00e7o Roger Federer, oito vezes campe\u00e3o na grama sagrada da capital inglesa. Federer ganhou cinco vezes consecutivas entre 2003 e 2007, igualando a marca dos brit\u00e2nicos William Renshaw e Lawrence Doherty e do sueco Bj\u00f6rn Borg. Na contagem geral de conquistas, o su\u00ed\u00e7o \u00e9 seguido de perto por Renshaw e Pete Sampras, donos de sete canecos em quadras inglesas.<\/span><\/p>\n<p style=\"text-align: justify\"><span style=\"font-weight: 400\">Federer forma a trinca de favoritos ao t\u00edtulo de Wimbledon, junto com o atual campe\u00e3o, o s\u00e9rvio Novak Djokovic, quatro trof\u00e9us no curr\u00edculo. Para fechar o trio de ases, temos a presen\u00e7a do espanhol Rafael Nadal, que mesmo sem ser especialista, \u00e9 dono de dois canecos na Inglaterra (2008, 2010). Entre os gigantes, Djokovic inicia a temporada de defesa de muitos pontos no ranking mundial, por causa disso, caso o s\u00e9rvio n\u00e3o ven\u00e7a o torneio, fatalmente perder\u00e1 pontos na tabela, ou seja, estar\u00e1 no fio da navalha.<\/span><\/p>\n<p style=\"text-align: justify\"><span style=\"font-weight: 400\">Al\u00e9m dos mitos, cabe destacar o canadense F\u00e9lix Auger-Aliassime, o espanhol Feliciano L\u00f3pez (campe\u00e3o do ATP 500 de Londres), o estadunidense Sam Querrey e o franc\u00eas Pierre-Hugues Herbert com possibilidades reais de aprontar para o trio de ferro. Mas tamb\u00e9m vale lembrar Milos Raonic, cabe\u00e7a de chave 15 de Wimbledon, que n\u00e3o est\u00e1 num grande momento, mas j\u00e1 foi vice-campe\u00e3o na Inglaterra em 2016, quando perdeu para o local Andy Murray. Ou seja, o canadense Raonic sabe o caminho das pedras londrino.<\/span><\/p>\n<p style=\"text-align: justify\"><span style=\"font-weight: 400\">A chave feminina de Wimbledon tem uma rela\u00e7\u00e3o hist\u00f3rica bastante estreita com o Brasil. Gra\u00e7as a performance de Maria Esther Bueno, \u00edcone do esporte nacional dos anos 1960, tr\u00eas vezes campe\u00e3 e dois segundos lugares nas quadras de grama de Londres. Carreira grandiosa num pa\u00eds que n\u00e3o faz parte do primeiro escal\u00e3o do t\u00eanis, mas longe dos n\u00fameros de Martina Navratilova, nascida na antiga Tchecoslov\u00e1quia, mas naturalizada cidad\u00e3 dos Estados Unidos. Navratilova possui nove canecos em Wimbledon e \u00e9 recordista de t\u00edtulos consecutivos, com seis conquistas entre 1982 e 1987.<\/span><\/p>\n<p style=\"text-align: justify\"><span style=\"font-weight: 400\">Considerando as tenistas da atualidade, o destaque vai para as irm\u00e3s Serena e Venus Williams. Serena tem sete trof\u00e9us na Inglaterra (2002, 03, 09, 10, 12, 15 e 16), complementados por tr\u00eas vice-campeonatos. Enquanto isso, Venus conquistou cinco t\u00edtulos (2000, 01, 05, 07 e 08) e, de quebra, possui quatro segundos lugares.<\/span><\/p>\n<p style=\"text-align: justify\"><span style=\"font-weight: 400\">O torneio feminino de Wimbledon teve 128 jogadoras na etapa qualificat\u00f3ria e classificou a brasileira Beatriz Haddad Maia \u00e0 chave principal. Bia foi cabe\u00e7a chave dezessete do torneio de qualifica\u00e7\u00e3o e eliminou a argentina Paula Ormaechea, a alem\u00e3 Anna Zaja e a s\u00e9rvia Olga Danilovic, que foi derrotada por duplo 6-4. A brasileira ter\u00e1 uma parada dura na rodada inicial de Wimbledon, quando encontrar\u00e1 a espanhola Garbi\u00f1e Muguruza, campe\u00e3 em Londres no ano de 2017 e vice dois anos antes. Bia ser\u00e1 franco atiradora, mas enfrentar\u00e1 uma Muguruza decadente, residindo neste fato, a chance de um triunfo verde e amarelo.\u00a0<\/span><\/p>\n<p style=\"text-align: justify\"><span style=\"font-weight: 400\">No rol das favoritas, os principais destaques da competi\u00e7\u00e3o s\u00e3o as duas melhores tenistas da atualidade. A australiana Ashleigh Barty, n\u00famero um do mundo, melhor jogadora da temporada e ganhadora de Roland Garros, parece ser a aposta certa para arrebatar o t\u00edtulo, mas a japonesa Naomi Osaka, segunda melhor do planeta e vencedora dos dois Grand Slam anteriores, pode incomodar. Al\u00e9m destas, cabe valorizar a presen\u00e7a da grande campe\u00e3 Serena Williams, que n\u00e3o vive o melhor momento da carreira, mas pode fazer valer o seu peso hist\u00f3rico. Correndo por fora, a alem\u00e3 Angelique Kerber, que conquistou o caneco no ano passado, quer manter a sua hegemonia na grama sagrada de Londres.\u00a0<\/span><\/p>\n<p style=\"text-align: justify\"><span style=\"font-weight: 400\">Na chave masculina de duplas, Wimbledon ter\u00e1 tr\u00eas brasileiros, sendo que dois deles est\u00e3o entre os favoritos para conquistar o campeonato. A trinca brasileira ter\u00e1 o ga\u00facho Marcelo Demoliner, que jogar\u00e1 acompanhado do indiano Divij Sharan, que procurar\u00e1 fazer uma campanha honrosa no Slam, pois todos sabem que a dupla em quest\u00e3o n\u00e3o est\u00e1 no grupo dos principais aspirantes ao pr\u00eamio m\u00e1ximo do torneio.<\/span><\/p>\n<p style=\"text-align: justify\"><span style=\"font-weight: 400\">Enquanto isso, Bruno Soares e Marcelo Melo est\u00e3o no bloco dos principais pretendentes ao t\u00edtulo. Melo, que atua com o polon\u00eas Lukasz Kubot, faz parte da dupla cabe\u00e7a de chave n\u00famero um de Wimbledon. Sem conquistar t\u00edtulos nesta temporada, a dupla espera mostrar seu verdadeiro jogo em Londres e repetir 2017, quando foram campe\u00f5es do torneio. Ali\u00e1s, Melo tem bom retrospecto na capital inglesa, pois abocanhou o vice-campeonato em 2013. Bruno Soares, dono de dois trof\u00e9us nesta temporada (Sydney e Stuttgart), disputar\u00e1 o primeiro Grand Slam com seu novo parceiro, o croata Mate Pavic.<\/span><\/p>\n<p style=\"text-align: justify\"><span style=\"font-weight: 400\">Os principais concorrentes dos brasileiros Soares e Melo s\u00e3o as duplas formadas pelos colombianos Juan Sebasti\u00e1n Cabal e Robert Farah, que vive grande fase e, al\u00e9m deles, cabe destacar os experientes John Peers (AUS) que joga com Henri Kontinen (FIN) e os irm\u00e3os Bob e Mike Bryan, duas vezes campe\u00f5es (2006, 2011) e outros tr\u00eas vices (2005, 07 e 09). Mike foi campe\u00e3o no ano passado, mas atuando ao lado de Jack Sock, quando derrotaram Raven Klaasen (AFS) e Michael Venus (AUS) na final. Klaasen e Venus tamb\u00e9m podem ser colocados entre os favoritos ao campeonato.<\/span><\/p>\n<p style=\"text-align: justify\"><span style=\"font-weight: 400\">Finalmente, chegamos \u00e0 chave feminina de duplas, que come\u00e7ou a ser disputada em 1913, nas quadras de Wimbledon, no mesmo ano que os duos mistos. A hist\u00f3ria brasileira nas duplas femininas e mistas \u00e9 simplesmente fant\u00e1stica. Maria Esther Bueno conquistou cinco t\u00edtulos com v\u00e1rias parceiras estadunidenses (1958, 60, 63, 65 e 66). Al\u00e9m disso, foi vice-campe\u00e3 em 1967. J\u00e1 nas duplas mistas, Bueno abocanhou tr\u00eas segundos lugares (1959, 1960 e 1967), sempre atuando com jogadores australianos.<\/span><\/p>\n<p style=\"text-align: justify\"><span style=\"font-weight: 400\">As atuais campe\u00e3s, as tchecas Barbora Krejcikova e Katerina Siniakov\u00e1, se quiserem ganhar novamente, ter\u00e3o que superar as cabe\u00e7as de chave n\u00famero um, Timea Babos (HUN) e Kristina Mladenovic (FRA). Um pouco abaixo, temos os duos formados por Barbora Str\u00fdcov\u00e1 (TCH) e Hsieh Su-Wei (TAIPEI), que ter\u00e3o a companhia de Gabriela Dabrowski (CAN) e Xu Yifan (CHN). Com uma boa quantidade de favoritas e a imprevisibilidade do t\u00eanis de duplas, teremos uma dura disputa pelo t\u00edtulo.<\/span><\/p>\n","protected":false},"excerpt":{"rendered":"<p>Nesta segunda (01), teremos o in\u00edcio da chave principal do Aberto de T\u00eanis da Inglaterra, o tradicional torneio de Wimbledon, o mais antigo campeonato do esporte das raquetes, disputado no naipe masculino desde o ano de 1877<\/p>\n","protected":false},"author":587,"featured_media":13172,"comment_status":"closed","ping_status":"closed","sticky":false,"template":"","format":"standard","meta":{"jetpack_post_was_ever_published":false,"_jetpack_newsletter_access":"","_jetpack_dont_email_post_to_subs":false,"_jetpack_newsletter_tier_id":0,"_jetpack_memberships_contains_paywalled_content":false,"_jetpack_memberships_contains_paid_content":false,"footnotes":"","jetpack_publicize_message":"","jetpack_publicize_feature_enabled":true,"jetpack_social_post_already_shared":true,"jetpack_social_options":{"image_generator_settings":{"template":"highway","default_image_id":0,"font":"","enabled":false},"version":2}},"categories":[8],"tags":[389,244],"class_list":["post-13171","post","type-post","status-publish","format-standard","has-post-thumbnail","hentry","category-esportes","tag-esportes","tag-luis-artur-janes-silva"],"jetpack_publicize_connections":[],"jetpack_featured_media_url":"https:\/\/wp.ufpel.edu.br\/empauta\/files\/2019\/07\/Novak-Djokovic.jpg","jetpack_sharing_enabled":true,"jetpack_shortlink":"https:\/\/wp.me\/p6Xvzq-3qr","jetpack-related-posts":[{"id":13233,"url":"https:\/\/wp.ufpel.edu.br\/empauta\/primeira-semana-da-chave-principal-de-wimbledon-2019-termina-com-o-surgimento-de-uma-candidata-a-lenda-do-tenis\/","url_meta":{"origin":13171,"position":0},"title":"Primeira semana da chave principal de Wimbledon 2019 termina com o surgimento de uma candidata a lenda do t\u00eanis","author":"Em Pauta","date":"08\/07\/2019","format":false,"excerpt":"Nesta segunda (08), teremos o in\u00edcio da semana derradeira da chave principal do Aberto de T\u00eanis da Inglaterra, o tradicional torneio de Wimbledon. Sem jogos neste domingo (07), o campeonato recome\u00e7a com a disputa das oitavas de final entre os simplistas masculinos e femininos. Al\u00e9m disso, teremos a continua\u00e7\u00e3o das\u2026","rel":"","context":"Em &quot;Esportes&quot;","block_context":{"text":"Esportes","link":"https:\/\/wp.ufpel.edu.br\/empauta\/category\/todos\/esportes\/"},"img":{"alt_text":"","src":"https:\/\/i0.wp.com\/wp.ufpel.edu.br\/empauta\/files\/2019\/07\/Gauff.jpg?resize=350%2C200&ssl=1","width":350,"height":200,"srcset":"https:\/\/i0.wp.com\/wp.ufpel.edu.br\/empauta\/files\/2019\/07\/Gauff.jpg?resize=350%2C200&ssl=1 1x, https:\/\/i0.wp.com\/wp.ufpel.edu.br\/empauta\/files\/2019\/07\/Gauff.jpg?resize=525%2C300&ssl=1 1.5x, https:\/\/i0.wp.com\/wp.ufpel.edu.br\/empauta\/files\/2019\/07\/Gauff.jpg?resize=700%2C400&ssl=1 2x, https:\/\/i0.wp.com\/wp.ufpel.edu.br\/empauta\/files\/2019\/07\/Gauff.jpg?resize=1050%2C600&ssl=1 3x, https:\/\/i0.wp.com\/wp.ufpel.edu.br\/empauta\/files\/2019\/07\/Gauff.jpg?resize=1400%2C800&ssl=1 4x"},"classes":[]},{"id":13381,"url":"https:\/\/wp.ufpel.edu.br\/empauta\/brasileiro-marcelo-melo-e-campeao-no-tenis\/","url_meta":{"origin":13171,"position":1},"title":"Brasileiro Marcelo Melo \u00e9 campe\u00e3o no t\u00eanis","author":"Em Pauta","date":"24\/08\/2019","format":false,"excerpt":"Nesta sexta (23), o t\u00eanis brasileiro conquistou mais um t\u00edtulo na figura de Marcelo Melo, parceiro do polon\u00eas Lukasz Kubot.","rel":"","context":"Em &quot;Esportes&quot;","block_context":{"text":"Esportes","link":"https:\/\/wp.ufpel.edu.br\/empauta\/category\/todos\/esportes\/"},"img":{"alt_text":"","src":"https:\/\/i0.wp.com\/wp.ufpel.edu.br\/empauta\/files\/2019\/08\/Marcelo-Melo.jpg?resize=350%2C200&ssl=1","width":350,"height":200,"srcset":"https:\/\/i0.wp.com\/wp.ufpel.edu.br\/empauta\/files\/2019\/08\/Marcelo-Melo.jpg?resize=350%2C200&ssl=1 1x, https:\/\/i0.wp.com\/wp.ufpel.edu.br\/empauta\/files\/2019\/08\/Marcelo-Melo.jpg?resize=525%2C300&ssl=1 1.5x, https:\/\/i0.wp.com\/wp.ufpel.edu.br\/empauta\/files\/2019\/08\/Marcelo-Melo.jpg?resize=700%2C400&ssl=1 2x, https:\/\/i0.wp.com\/wp.ufpel.edu.br\/empauta\/files\/2019\/08\/Marcelo-Melo.jpg?resize=1050%2C600&ssl=1 3x"},"classes":[]},{"id":13248,"url":"https:\/\/wp.ufpel.edu.br\/empauta\/segunda-semana-da-chave-principal-de-wimbledon-2019-tem-muitas-surpresas-no-torneio-feminino-e-consagra-novak-djokovic\/","url_meta":{"origin":13171,"position":2},"title":"Segunda semana da chave principal de Wimbledon 2019 tem muitas surpresas no torneio feminino e consagra Novak Djokovic","author":"Em Pauta","date":"16\/07\/2019","format":false,"excerpt":"Por Lu\u00eds Artur Janes Silva Neste domingo (14), tivemos o encerramento do mais tradicional torneio de t\u00eanis do mundo, o Aberto da Inglaterra, tamb\u00e9m conhecido como Wimbledon, o terceiro Grand Slam da temporada. Ap\u00f3s tr\u00eas longas semanas, o \u00faltimo evento do campeonato foi a final de duplas mistas, que reuniu\u2026","rel":"","context":"Em &quot;Esportes&quot;","block_context":{"text":"Esportes","link":"https:\/\/wp.ufpel.edu.br\/empauta\/category\/todos\/esportes\/"},"img":{"alt_text":"","src":"https:\/\/i0.wp.com\/wp.ufpel.edu.br\/empauta\/files\/2019\/07\/Novak.jpg?resize=350%2C200&ssl=1","width":350,"height":200,"srcset":"https:\/\/i0.wp.com\/wp.ufpel.edu.br\/empauta\/files\/2019\/07\/Novak.jpg?resize=350%2C200&ssl=1 1x, https:\/\/i0.wp.com\/wp.ufpel.edu.br\/empauta\/files\/2019\/07\/Novak.jpg?resize=525%2C300&ssl=1 1.5x, https:\/\/i0.wp.com\/wp.ufpel.edu.br\/empauta\/files\/2019\/07\/Novak.jpg?resize=700%2C400&ssl=1 2x, https:\/\/i0.wp.com\/wp.ufpel.edu.br\/empauta\/files\/2019\/07\/Novak.jpg?resize=1050%2C600&ssl=1 3x, https:\/\/i0.wp.com\/wp.ufpel.edu.br\/empauta\/files\/2019\/07\/Novak.jpg?resize=1400%2C800&ssl=1 4x"},"classes":[]},{"id":14082,"url":"https:\/\/wp.ufpel.edu.br\/empauta\/tenis-brasileiro-decepciona-no-aberto-da-australia\/","url_meta":{"origin":13171,"position":3},"title":"T\u00eanis brasileiro decepciona no Aberto da Austr\u00e1lia","author":"Em Pauta","date":"27\/01\/2020","format":false,"excerpt":"Por Lu\u00eds Artur Janes Silva\u00a0 Na madrugada deste domingo (26), o Brasil encerrou a sua participa\u00e7\u00e3o no Aberto de T\u00eanis da Austr\u00e1lia de forma melanc\u00f3lica. O derradeiro cap\u00edtulo do fracasso foi a partida v\u00e1lida pela segunda rodada da chave principal de duplas mistas, na qual o brasileiro Bruno Soares, que\u2026","rel":"","context":"Em &quot;Esportes&quot;","block_context":{"text":"Esportes","link":"https:\/\/wp.ufpel.edu.br\/empauta\/category\/todos\/esportes\/"},"img":{"alt_text":"","src":"https:\/\/i0.wp.com\/wp.ufpel.edu.br\/empauta\/files\/2020\/01\/Mate-Pavic-Bruno-Soares.jpg?resize=350%2C200&ssl=1","width":350,"height":200,"srcset":"https:\/\/i0.wp.com\/wp.ufpel.edu.br\/empauta\/files\/2020\/01\/Mate-Pavic-Bruno-Soares.jpg?resize=350%2C200&ssl=1 1x, https:\/\/i0.wp.com\/wp.ufpel.edu.br\/empauta\/files\/2020\/01\/Mate-Pavic-Bruno-Soares.jpg?resize=525%2C300&ssl=1 1.5x, https:\/\/i0.wp.com\/wp.ufpel.edu.br\/empauta\/files\/2020\/01\/Mate-Pavic-Bruno-Soares.jpg?resize=700%2C400&ssl=1 2x"},"classes":[]},{"id":11042,"url":"https:\/\/wp.ufpel.edu.br\/empauta\/novak-djokovic-conquista-o-quarto-titulo-em-wimbledon-e-espanta-a-ma-fase\/","url_meta":{"origin":13171,"position":4},"title":"Novak Djokovic conquista o quarto t\u00edtulo em Wimbledon e espanta a m\u00e1 fase","author":"Em Pauta","date":"16\/07\/2018","format":false,"excerpt":"Por Lu\u00eds Artur Janes Silva Neste domingo, dia 15 de julho, o s\u00e9rvio Novak Djokovic venceu o tenista sul-africano Kevin Anderson por 3x0 (6\/2, 6\/2, 7\/6) e conquistou o seu quarto t\u00edtulo em Wimbledon, na Inglaterra, o mais tradicional torneio do esporte das raquetes. O s\u00e9rvio, de 31 anos de\u2026","rel":"","context":"Em &quot;Esportes&quot;","block_context":{"text":"Esportes","link":"https:\/\/wp.ufpel.edu.br\/empauta\/category\/todos\/esportes\/"},"img":{"alt_text":"","src":"https:\/\/i0.wp.com\/wp.ufpel.edu.br\/empauta\/files\/2018\/07\/Novak-Djokovic.jpg?resize=350%2C200&ssl=1","width":350,"height":200,"srcset":"https:\/\/i0.wp.com\/wp.ufpel.edu.br\/empauta\/files\/2018\/07\/Novak-Djokovic.jpg?resize=350%2C200&ssl=1 1x, https:\/\/i0.wp.com\/wp.ufpel.edu.br\/empauta\/files\/2018\/07\/Novak-Djokovic.jpg?resize=525%2C300&ssl=1 1.5x, https:\/\/i0.wp.com\/wp.ufpel.edu.br\/empauta\/files\/2018\/07\/Novak-Djokovic.jpg?resize=700%2C400&ssl=1 2x"},"classes":[]},{"id":14096,"url":"https:\/\/wp.ufpel.edu.br\/empauta\/final-de-duplas-femininas-consagra-timea-babos-e-kristina-mladenovic\/","url_meta":{"origin":13171,"position":5},"title":"Final de duplas femininas consagra Timea Babos  e Kristina Mladenovic","author":"Em Pauta","date":"03\/02\/2020","format":false,"excerpt":"Por Lu\u00eds Artur Janes Silva Na \u00faltima sexta (31), tivemos a decis\u00e3o do torneio de duplas femininas no Aberto da Austr\u00e1lia de t\u00eanis, o primeiro Grand Slam da temporada. O duo formado pela taiwanesa Hsieh Su-wei e pela tcheca Barbora Str\u00fdcov\u00e1, cabe\u00e7a de chave n\u00famero um da competi\u00e7\u00e3o, enfrentou e\u2026","rel":"","context":"Em &quot;Esportes&quot;","block_context":{"text":"Esportes","link":"https:\/\/wp.ufpel.edu.br\/empauta\/category\/todos\/esportes\/"},"img":{"alt_text":"","src":"https:\/\/i0.wp.com\/wp.ufpel.edu.br\/empauta\/files\/2020\/02\/mladenovic-babos.jpg?resize=350%2C200&ssl=1","width":350,"height":200,"srcset":"https:\/\/i0.wp.com\/wp.ufpel.edu.br\/empauta\/files\/2020\/02\/mladenovic-babos.jpg?resize=350%2C200&ssl=1 1x, https:\/\/i0.wp.com\/wp.ufpel.edu.br\/empauta\/files\/2020\/02\/mladenovic-babos.jpg?resize=525%2C300&ssl=1 1.5x, https:\/\/i0.wp.com\/wp.ufpel.edu.br\/empauta\/files\/2020\/02\/mladenovic-babos.jpg?resize=700%2C400&ssl=1 2x"},"classes":[]}],"_links":{"self":[{"href":"https:\/\/wp.ufpel.edu.br\/empauta\/wp-json\/wp\/v2\/posts\/13171","targetHints":{"allow":["GET"]}}],"collection":[{"href":"https:\/\/wp.ufpel.edu.br\/empauta\/wp-json\/wp\/v2\/posts"}],"about":[{"href":"https:\/\/wp.ufpel.edu.br\/empauta\/wp-json\/wp\/v2\/types\/post"}],"author":[{"embeddable":true,"href":"https:\/\/wp.ufpel.edu.br\/empauta\/wp-json\/wp\/v2\/users\/587"}],"replies":[{"embeddable":true,"href":"https:\/\/wp.ufpel.edu.br\/empauta\/wp-json\/wp\/v2\/comments?post=13171"}],"version-history":[{"count":1,"href":"https:\/\/wp.ufpel.edu.br\/empauta\/wp-json\/wp\/v2\/posts\/13171\/revisions"}],"predecessor-version":[{"id":13173,"href":"https:\/\/wp.ufpel.edu.br\/empauta\/wp-json\/wp\/v2\/posts\/13171\/revisions\/13173"}],"wp:featuredmedia":[{"embeddable":true,"href":"https:\/\/wp.ufpel.edu.br\/empauta\/wp-json\/wp\/v2\/media\/13172"}],"wp:attachment":[{"href":"https:\/\/wp.ufpel.edu.br\/empauta\/wp-json\/wp\/v2\/media?parent=13171"}],"wp:term":[{"taxonomy":"category","embeddable":true,"href":"https:\/\/wp.ufpel.edu.br\/empauta\/wp-json\/wp\/v2\/categories?post=13171"},{"taxonomy":"post_tag","embeddable":true,"href":"https:\/\/wp.ufpel.edu.br\/empauta\/wp-json\/wp\/v2\/tags?post=13171"}],"curies":[{"name":"wp","href":"https:\/\/api.w.org\/{rel}","templated":true}]}}