{"id":13017,"date":"2019-06-10T11:36:41","date_gmt":"2019-06-10T14:36:41","guid":{"rendered":"https:\/\/wp.ufpel.edu.br\/empauta\/?p=13017"},"modified":"2019-06-10T11:36:41","modified_gmt":"2019-06-10T14:36:41","slug":"o-imbativel-nadal-vence-pela-decima-segunda-vez-em-roland-garros","status":"publish","type":"post","link":"https:\/\/wp.ufpel.edu.br\/empauta\/o-imbativel-nadal-vence-pela-decima-segunda-vez-em-roland-garros\/","title":{"rendered":"O imbat\u00edvel Nadal vence pela d\u00e9cima segunda vez em Roland Garros"},"content":{"rendered":"<p style=\"text-align: right\"><em>Por Lu\u00eds Artur Janes Silva<\/em><\/p>\n<p style=\"text-align: justify\"><span style=\"font-weight: 400\">Neste domingo (09), tivemos a decis\u00e3o do Aberto da Fran\u00e7a de t\u00eanis, o tradicional Roland Garros, o segundo dos quatro torneios do Grand Slam da temporada. A final do campeonato parisiense reuniu os dois melhores tenistas de quadras de saibro (terra batida) da atualidade. De um lado, o gigante espanhol Rafael Nadal, que venceu o eficiente austr\u00edaco Dominic Thiem, quarto melhor jogador do mundo. Nadal conquistou o d\u00e9cimo segundo trof\u00e9u na cidade de Paris, garantido com uma vit\u00f3ria relativamente tranquila sobre Thiem, que amea\u00e7ou apenas na primeira metade da partida. O jogo terminou tr\u00eas sets a um para Nadal, com parciais de 6-3, 5-7, 6-1 e 6-1. <\/span><\/p>\n<div id=\"attachment_13018\" style=\"width: 1010px\" class=\"wp-caption aligncenter\"><a href=\"https:\/\/wp.ufpel.edu.br\/empauta\/files\/2019\/06\/Nadal.jpg\"><img loading=\"lazy\" decoding=\"async\" aria-describedby=\"caption-attachment-13018\" class=\"size-full wp-image-13018\" src=\"https:\/\/wp.ufpel.edu.br\/empauta\/files\/2019\/06\/Nadal.jpg\" alt=\"\" width=\"1000\" height=\"665\" srcset=\"https:\/\/wp.ufpel.edu.br\/empauta\/files\/2019\/06\/Nadal.jpg 1000w, https:\/\/wp.ufpel.edu.br\/empauta\/files\/2019\/06\/Nadal-212x141.jpg 212w, https:\/\/wp.ufpel.edu.br\/empauta\/files\/2019\/06\/Nadal-424x282.jpg 424w, https:\/\/wp.ufpel.edu.br\/empauta\/files\/2019\/06\/Nadal-768x511.jpg 768w\" sizes=\"auto, (max-width: 1000px) 100vw, 1000px\" \/><\/a><p id=\"caption-attachment-13018\" class=\"wp-caption-text\">Nadal e o saibro de Roland Garros, uma liga\u00e7\u00e3o especial. Imagem: Divulga\u00e7\u00e3o\/FFT.<\/p><\/div>\n<p style=\"text-align: justify\"><span style=\"font-weight: 400\">Roland Garros foi o primeiro Grand Slam que permitiu a participa\u00e7\u00e3o de profissionais, fato que marcou o in\u00edcio da chamada Era Aberta, em 1968. Por ter quadras de saibro que tornam o jogo muito lento, o torneio franc\u00eas tem uma extensa lista de grandes jogadores que nunca triunfaram por l\u00e1. Os estadunidenses Pete Sampras, Jimmy Connors, John McEnroe e Venus Williams s\u00e3o as v\u00edtimas mais famosas deste saibro mortal. Novak Djokovic e Roger Federer, excelentes tenistas, possuem apenas um t\u00edtulo em quadras francesas.<\/span><\/p>\n<p style=\"text-align: justify\"><span style=\"font-weight: 400\">Por isso, o dodecacampeonato de Nadal \u00e9 um feito fora de s\u00e9rie. O espanhol, que nunca perdeu uma final no Grand Slam de Paris, tem cinco t\u00edtulos a mais que o segundo maior vencedor de Roland Garros, o franc\u00eas Max D\u00e9cugis. Al\u00e9m disso, tem a maior sequ\u00eancia de conquistas, cinco canecos entre 2010 e 2014, recorde que \u00e9 complementado por 39 vit\u00f3rias consecutivas, obtidas entre 2010 e 2015.<\/span><\/p>\n<p style=\"text-align: justify\"><span style=\"font-weight: 400\">Na edi\u00e7\u00e3o de 2019, Roland Garros n\u00e3o apresentou muitas surpresas na chave de simples masculina. Por exemplo, nas semifinais, tivemos a classifica\u00e7\u00e3o dos quatro principais tenistas do mundo no momento. Djokovic, Nadal, Federer e Thiem confirmaram o seu favoritismo e passaram pelos advers\u00e1rios sem grandes sustos. Nos enfrentamentos desta fase, Nadal esmagou Federer, que voltava ao Aberto franc\u00eas, depois de tr\u00eas anos de aus\u00eancia. O espanhol aplicou tr\u00eas sets a zero no su\u00ed\u00e7o, com parciais inapel\u00e1veis (6-3, 6-4, 6-2). Enquanto isso, Thiem surpreendeu o melhor do mundo, o s\u00e9rvio Novak Djokovic. Num jogo de cinco sets e muito disputado, o austr\u00edaco triunfou e candidatou-se a repetir a final de 2018, para buscar a revanche contra Rafael Nadal.<\/span><\/p>\n<p style=\"text-align: justify\"><span style=\"font-weight: 400\">Para n\u00e3o dizer que Roland Garros 2019 foi um torneio totalmente sem sal, cabe destacar mais um fracasso franc\u00eas, que n\u00e3o comemora um t\u00edtulo em seus dom\u00ednios desde 1983, quando Yannick Noah conquistou a gl\u00f3ria maior na capital francesa. Nesta edi\u00e7\u00e3o, Benoit Paire e Gael Monfils chegaram at\u00e9 as oitavas de final, quando foram derrotados por Kei Nishikori (3 a 2) e Dominic Thiem (3 a 0), respectivamente.<\/span><\/p>\n<p style=\"text-align: justify\"><span style=\"font-weight: 400\">Al\u00e9m do fracasso franc\u00eas, a emo\u00e7\u00e3o esteve presente no enfrentamento entre Stan Wawrinka e Stefanos Tsitsipas, que fizeram o melhor jogo do campeonato. O grego, que vinha de consistentes resultados no saibro, foi derrotado nas oitavas de final pelo experiente Wawrinka, vencedor do torneio em 2015. A partida durou mais de cinco horas e terminou em tr\u00eas sets a dois para o su\u00ed\u00e7o, com parciais de 7-6, 5-7, 6-4, 3-6, 8-6.<\/span><\/p>\n<p style=\"text-align: justify\"><span style=\"font-weight: 400\">Enquanto isso, o Brasil que j\u00e1 ganhou tr\u00eas t\u00edtulos em Roland Garros com um certo Gustavo Kuerten, teve apenas um tenista na chave principal. Thiago Monteiro, que conquistou tr\u00eas vit\u00f3rias no torneio qualificat\u00f3rio ao Slam, foi derrotado na estreia desta chave principal pelo s\u00e9rvio Dusan Lajovic em sets diretos e com parciais de 6-3, 6-4, 6-4.<\/span><\/p>\n<div id=\"attachment_13019\" style=\"width: 361px\" class=\"wp-caption alignleft\"><a href=\"https:\/\/wp.ufpel.edu.br\/empauta\/files\/2019\/06\/Barty.jpg\"><img loading=\"lazy\" decoding=\"async\" aria-describedby=\"caption-attachment-13019\" class=\" wp-image-13019\" src=\"https:\/\/wp.ufpel.edu.br\/empauta\/files\/2019\/06\/Barty.jpg\" alt=\"\" width=\"351\" height=\"234\" srcset=\"https:\/\/wp.ufpel.edu.br\/empauta\/files\/2019\/06\/Barty.jpg 1024w, https:\/\/wp.ufpel.edu.br\/empauta\/files\/2019\/06\/Barty-212x141.jpg 212w, https:\/\/wp.ufpel.edu.br\/empauta\/files\/2019\/06\/Barty-424x283.jpg 424w, https:\/\/wp.ufpel.edu.br\/empauta\/files\/2019\/06\/Barty-768x512.jpg 768w\" sizes=\"auto, (max-width: 351px) 100vw, 351px\" \/><\/a><p id=\"caption-attachment-13019\" class=\"wp-caption-text\">Ashleigh Barty conquista torneio feminino de Roland Garros e torna-se a segunda melhor tenista do mundo. Imagem: Kai Pfaffenbach\/ REUTERS.<\/p><\/div>\n<p style=\"text-align: justify\"><span style=\"font-weight: 400\">Na chave feminina do Slam franc\u00eas, a festa foi da australiana Ashleigh Barty, que massacrou a tcheca Mark\u00e9ta <\/span><span style=\"font-weight: 400\">Vondrou\u0161ov\u00e1<\/span> <span style=\"font-weight: 400\">na final. A vit\u00f3ria de Barty foi em sets diretos (6-1, 6-3). Se na chave masculina, os quatro grandes tenistas do momento dominaram Roland Garros, entre as mulheres tivemos in\u00fameras surpresas. Na decis\u00e3o, a campe\u00e3 Ashleigh Barty era n\u00famero oito do mundo, e <\/span><span style=\"font-weight: 400\">Vondrou\u0161ov\u00e1 <\/span><span style=\"font-weight: 400\">come\u00e7ou a competi\u00e7\u00e3o na posi\u00e7\u00e3o 38 do ranking.<\/span><\/p>\n<p style=\"text-align: justify\"><span style=\"font-weight: 400\">As semifinalistas Johanna Konta (GBR) e Amanda Anisimova (EUA), ocupavam as posi\u00e7\u00f5es 26 e 51 do ranking feminino, respectivamente. Apesar disso, Konta eliminou a estadunidense Sloane Stephens, s\u00e9tima do mundo, nas quartas de final, e Anisimova, nesta mesma fase, bateu a romena Simona Halep, terceira tenista do planeta, que defendia o t\u00edtulo no saibro de Paris.<\/span><\/p>\n<p style=\"text-align: justify\"><span style=\"font-weight: 400\">Na realidade, as surpresas da chave feminina de Roland Garros come\u00e7aram na primeira rodada do campeonato, quando Venus Williams foi derrotada pela ucraniana Elina Svitolina em sets diretos, com duplo 6-3. Mais adiante, na terceira rodada, a multicampe\u00e3 Serena Williams e a atual n\u00famero um do mundo, a japonesa Naomi Osaka foram derrotadas e deram um adeus prematuro ao torneio. Osaka caiu diante da tcheca <\/span><span style=\"font-weight: 400\">Kate\u0159ina <\/span><span style=\"font-weight: 400\">Siniakov\u00e1, e Serena, tr\u00eas t\u00edtulos em Roland Garros, perdeu para a compatriota Sofia Kenin, que aplicou 6-2 e 7-5 na ganhadora de 23 Grand Slams.<\/span><\/p>\n<p style=\"text-align: justify\"><span style=\"font-weight: 400\">Enquanto isso, o t\u00eanis feminino brasileiro, que foi vice-campe\u00e3o em Roland Garros no distante ano de 1964, gra\u00e7as ao talento da eterna Maria Esther Bueno, n\u00e3o conseguiu passar da fase inicial do torneio qualificat\u00f3rio de 2019. Beatriz Haddad Maia foi obrigada a abandonar a partida contra a ucraniana Katarina Zavatsky, por causa de uma les\u00e3o, justamente quando vencia o terceiro set por tr\u00eas games a dois. Um infeliz final prematuro.<\/span><\/p>\n<p>&nbsp;<\/p>\n<p style=\"text-align: justify\"><strong>ROLAND GARROS NAS DUPLAS<\/strong><\/p>\n<p style=\"text-align: justify\"><span style=\"font-weight: 400\">Os torneios de Grand Slam possuem tr\u00eas categorias de duplas. Al\u00e9m das vers\u00f5es masculina e feminina, encontramos nestes campeonatos as duplas mistas. Na vers\u00e3o masculina da competi\u00e7\u00e3o, os alem\u00e3es Kevin Krawietz e Andreas Mies venceram os franceses J\u00e9r\u00e9my Chardy e Fabrice Martin por dois sets a zero, com parciais de 6-2 e 7-6. Os anfitri\u00f5es tentavam repetir a conquista de 2018, quando Pierre Hugues-Herbert e Nicolas Mahut venceram a disputa nas duplas.<\/span><\/p>\n<p style=\"text-align: justify\"><span style=\"font-weight: 400\">Para o Brasil, que tem um t\u00edtulo de duplas em solo franc\u00eas, conquistado por Marcelo Melo, que atuava com o croata Ivan Dodig, no ano de 2015, esta vers\u00e3o de Roland Garros foi decepcionante. Melo e Lukasz Kubot foram derrotados nas oitavas de final pelos futuros vice-campe\u00f5es. O jogo acabou dois sets a um para os franceses (5-7, 6-2, 6-3). Enquanto isso, o ga\u00facho Marcelo Demoliner, que jogou com o indiano Divij Sharan, parou na rodada anterior \u00e0s oitavas, quando foi derrotado pelo australiano John Peers e pelo finland\u00eas Henri Kontinen, em sets diretos.<\/span><\/p>\n<p style=\"text-align: justify\"><span style=\"font-weight: 400\">Mas a decep\u00e7\u00e3o maior ficou por conta de Bruno Soares, que junto com Jamie Murray formavam a dupla cabe\u00e7a de chave n\u00famero dois do torneio, atr\u00e1s apenas de Marcelo Melo e Lukasz Kubot, na lista de favoritos da competi\u00e7\u00e3o. Soares e Murray perderam na estreia diante dos italianos Lorenzo Sonego e Matteo Berrettini, que triunfaram de virada, por dois sets a um (4-6, 7-5, 7-6).<\/span><\/p>\n<p style=\"text-align: justify\"><span style=\"font-weight: 400\">Na chave feminina de duplas, o Brasil tem um t\u00edtulo e outro vice-campeonato, conquistados por Maria Esther Bueno, que atuando ao lado da estadunidense Darlene Hard, conquistou o caneco no ano de 1960 e ficou com o segundo lugar em 1961. <\/span><\/p>\n<p style=\"text-align: justify\"><span style=\"font-weight: 400\">Em 2019, a festa francesa foi garantida com a conquista de Kristina Mladenovic, que junto com a h\u00fangara Timea Babos, aplicaram dois sets a zero (6-2, 6-3) nas chinesas Duan Yingying e Zheng Saisai. A tarefa da dupla franco-magiar foi facilitada pela elimina\u00e7\u00e3o das campe\u00e3s de 2018, as tchecas Barbora Krej\u010d\u00edkov\u00e1 e Kate\u0159ina Siniakov\u00e1, que foram derrotadas pela ucraniana Nadiia Kichenok e pela estadunidense Abigail Spears, com parciais de 6-2 e 6-4.<\/span><\/p>\n<p style=\"text-align: justify\"><span style=\"font-weight: 400\">Para completar, a brasileira Luisa Stefani, atuando ao lado da australiana Astra Sharma, foi eliminada na rodada inicial da chave de duplas do torneio feminino de Roland Garros. Shelby Rogers (EUA) e M\u00f3nica Puig (Porto Rico) aplicaram dois sets a um na dupla da jogadora do Brasil (6-4, 6-7, 7-6).<\/span><\/p>\n<p style=\"text-align: justify\"><span style=\"font-weight: 400\">Nas duplas mistas, exclusividade dos torneios de Grand Slam, o Brasil tem uma bela hist\u00f3ria. Em 1960, Maria Esther Bueno conquistou o t\u00edtulo junto com o australiano Robert Howe. Cinco anos mais tarde, formando dupla com outro australiano (John Newcombe), a brasileira foi vice-campe\u00e3, sendo derrotada por uma equipe que contava com Margaret Court, a maior vencedora de Grand Slams de todos os tempos entre os simplistas, incluindo homens e mulheres.<\/span><\/p>\n<p style=\"text-align: justify\"><span style=\"font-weight: 400\">J\u00e1 em 1975, Thomaz Koch conquistou Roland Garros ao lado da uruguaia Fiorella Bonicelli. Em 1982, uma dupla totalmente nacional, formada por Cl\u00e1udia Monteiro e C\u00e1ssio Mota ficou com o vice-campeonato em Paris, feito repetido por Jaime Oncins (2001) e Marcelo Melo (2009).<\/span><\/p>\n<p style=\"text-align: justify\"><span style=\"font-weight: 400\">Com todas estas boas campanhas, Bruno Soares tinha uma grande responsabilidade ao chegar nas semifinais de Roland Garros em 2019. Jogando ao lado da estadunidense Nicole Melichar, o brasileiro foi derrotado pela dupla campe\u00e3 de 2018, Latisha Chan (Taip\u00e9) e Ivan Dodig (CRO). O que surpreendeu foram as parciais do confronto (6-2, 6-1). Na final, a asi\u00e1tica e o croata reencontraram os advers\u00e1rios do ano passado, a canadense Gabriela Dabrowski, campe\u00e3 de 2017 nesta categoria, e outro croata (Mate Pavic). Chan e Dodig conquistaram o segundo t\u00edtulo consecutivo ao vencer por dois sets a zero, com parciais de 6-1 e 7-6.<\/span><\/p>\n","protected":false},"excerpt":{"rendered":"<p>Roland Garros foi o primeiro Grand Slam que permitiu a participa\u00e7\u00e3o de profissionais, fato que marcou o in\u00edcio da chamada Era Aberta, em 1968.<\/p>\n","protected":false},"author":587,"featured_media":13018,"comment_status":"closed","ping_status":"closed","sticky":false,"template":"","format":"standard","meta":{"jetpack_post_was_ever_published":false,"_jetpack_newsletter_access":"","_jetpack_dont_email_post_to_subs":false,"_jetpack_newsletter_tier_id":0,"_jetpack_memberships_contains_paywalled_content":false,"_jetpack_memberships_contains_paid_content":false,"footnotes":"","jetpack_publicize_message":"","jetpack_publicize_feature_enabled":true,"jetpack_social_post_already_shared":true,"jetpack_social_options":{"image_generator_settings":{"template":"highway","default_image_id":0,"font":"","enabled":false},"version":2}},"categories":[8],"tags":[389,244],"class_list":["post-13017","post","type-post","status-publish","format-standard","has-post-thumbnail","hentry","category-esportes","tag-esportes","tag-luis-artur-janes-silva"],"jetpack_publicize_connections":[],"jetpack_featured_media_url":"https:\/\/wp.ufpel.edu.br\/empauta\/files\/2019\/06\/Nadal.jpg","jetpack_sharing_enabled":true,"jetpack_shortlink":"https:\/\/wp.me\/p6Xvzq-3nX","jetpack-related-posts":[{"id":14062,"url":"https:\/\/wp.ufpel.edu.br\/empauta\/aberto-da-australia-de-2020-pode-ter-a-quebra-de-uma-marca-historica-no-circuito-grand-slam-do-tenis\/","url_meta":{"origin":13017,"position":0},"title":"Aberto da Austr\u00e1lia de 2020 pode ter a quebra de uma marca hist\u00f3rica no circuito Grand Slam do t\u00eanis","author":"Em Pauta","date":"20\/01\/2020","format":false,"excerpt":"Por Lu\u00eds Artur Janes Silva Na pr\u00f3xima segunda (20), teremos o in\u00edcio da chave principal do Aberto de T\u00eanis da Austr\u00e1lia, o primeiro torneio do circuito Grand Slam, o conjunto dos quatro\u00a0 campeonatos mais importantes do esporte das raquetes. O Aberto australiano \u00e9 disputado desde 1905, sendo o mais recente\u2026","rel":"","context":"Em &quot;Esportes&quot;","block_context":{"text":"Esportes","link":"https:\/\/wp.ufpel.edu.br\/empauta\/category\/todos\/esportes\/"},"img":{"alt_text":"","src":"https:\/\/i0.wp.com\/wp.ufpel.edu.br\/empauta\/files\/2020\/01\/carrossel-federer-nadal-djoko.jpg?resize=350%2C200&ssl=1","width":350,"height":200,"srcset":"https:\/\/i0.wp.com\/wp.ufpel.edu.br\/empauta\/files\/2020\/01\/carrossel-federer-nadal-djoko.jpg?resize=350%2C200&ssl=1 1x, https:\/\/i0.wp.com\/wp.ufpel.edu.br\/empauta\/files\/2020\/01\/carrossel-federer-nadal-djoko.jpg?resize=525%2C300&ssl=1 1.5x, https:\/\/i0.wp.com\/wp.ufpel.edu.br\/empauta\/files\/2020\/01\/carrossel-federer-nadal-djoko.jpg?resize=700%2C400&ssl=1 2x, https:\/\/i0.wp.com\/wp.ufpel.edu.br\/empauta\/files\/2020\/01\/carrossel-federer-nadal-djoko.jpg?resize=1050%2C600&ssl=1 3x, https:\/\/i0.wp.com\/wp.ufpel.edu.br\/empauta\/files\/2020\/01\/carrossel-federer-nadal-djoko.jpg?resize=1400%2C800&ssl=1 4x"},"classes":[]},{"id":11042,"url":"https:\/\/wp.ufpel.edu.br\/empauta\/novak-djokovic-conquista-o-quarto-titulo-em-wimbledon-e-espanta-a-ma-fase\/","url_meta":{"origin":13017,"position":1},"title":"Novak Djokovic conquista o quarto t\u00edtulo em Wimbledon e espanta a m\u00e1 fase","author":"Em Pauta","date":"16\/07\/2018","format":false,"excerpt":"Por Lu\u00eds Artur Janes Silva Neste domingo, dia 15 de julho, o s\u00e9rvio Novak Djokovic venceu o tenista sul-africano Kevin Anderson por 3x0 (6\/2, 6\/2, 7\/6) e conquistou o seu quarto t\u00edtulo em Wimbledon, na Inglaterra, o mais tradicional torneio do esporte das raquetes. O s\u00e9rvio, de 31 anos de\u2026","rel":"","context":"Em &quot;Esportes&quot;","block_context":{"text":"Esportes","link":"https:\/\/wp.ufpel.edu.br\/empauta\/category\/todos\/esportes\/"},"img":{"alt_text":"","src":"https:\/\/i0.wp.com\/wp.ufpel.edu.br\/empauta\/files\/2018\/07\/Novak-Djokovic.jpg?resize=350%2C200&ssl=1","width":350,"height":200,"srcset":"https:\/\/i0.wp.com\/wp.ufpel.edu.br\/empauta\/files\/2018\/07\/Novak-Djokovic.jpg?resize=350%2C200&ssl=1 1x, https:\/\/i0.wp.com\/wp.ufpel.edu.br\/empauta\/files\/2018\/07\/Novak-Djokovic.jpg?resize=525%2C300&ssl=1 1.5x, https:\/\/i0.wp.com\/wp.ufpel.edu.br\/empauta\/files\/2018\/07\/Novak-Djokovic.jpg?resize=700%2C400&ssl=1 2x"},"classes":[]},{"id":14108,"url":"https:\/\/wp.ufpel.edu.br\/empauta\/novak-djokovic-sofre-mas-vence-dominic-thiem-e-conquista-o-aberto-da-australia-pela-oitava-vez\/","url_meta":{"origin":13017,"position":2},"title":"Novak Djokovic sofre, mas vence Dominic Thiem e conquista o Aberto da Austr\u00e1lia pela oitava vez","author":"Em Pauta","date":"04\/02\/2020","format":false,"excerpt":"Por Lu\u00eds Artur Janes Silva\u00a0 Neste domingo (02), tivemos a decis\u00e3o do torneio de simples masculino do Aberto da Austr\u00e1lia. Na final, o s\u00e9rvio Novak Djokovic, 32 anos, enfrentou e venceu o austr\u00edaco Dominic Thiem, 26 anos. Em pouco mais de 4 horas de jogo, o s\u00e9rvio confirmou a sua\u2026","rel":"","context":"Em &quot;Esportes&quot;","block_context":{"text":"Esportes","link":"https:\/\/wp.ufpel.edu.br\/empauta\/category\/todos\/esportes\/"},"img":{"alt_text":"","src":"https:\/\/i0.wp.com\/wp.ufpel.edu.br\/empauta\/files\/2020\/02\/gettyimages-1203526963.jpg?resize=350%2C200&ssl=1","width":350,"height":200,"srcset":"https:\/\/i0.wp.com\/wp.ufpel.edu.br\/empauta\/files\/2020\/02\/gettyimages-1203526963.jpg?resize=350%2C200&ssl=1 1x, https:\/\/i0.wp.com\/wp.ufpel.edu.br\/empauta\/files\/2020\/02\/gettyimages-1203526963.jpg?resize=525%2C300&ssl=1 1.5x, https:\/\/i0.wp.com\/wp.ufpel.edu.br\/empauta\/files\/2020\/02\/gettyimages-1203526963.jpg?resize=700%2C400&ssl=1 2x, https:\/\/i0.wp.com\/wp.ufpel.edu.br\/empauta\/files\/2020\/02\/gettyimages-1203526963.jpg?resize=1050%2C600&ssl=1 3x"},"classes":[]},{"id":12414,"url":"https:\/\/wp.ufpel.edu.br\/empauta\/festa-italiana-no-masters-1000-de-monte-carlo\/","url_meta":{"origin":13017,"position":3},"title":"Festa italiana no Masters 1000 de Monte Carlo","author":"Em Pauta","date":"23\/04\/2019","format":false,"excerpt":"Neste domingo (21), tivemos a final do Masters 1000 de Monte Carlo, o terceiro torneio desta s\u00e9rie na temporada, que inaugura o circuito europeu das quadras de saibro (ou terra batida), que atingir\u00e1 o auge no final de maio e in\u00edcio de junho, quando teremos Roland Garros, o segundo Grand\u2026","rel":"","context":"Em &quot;Esportes&quot;","block_context":{"text":"Esportes","link":"https:\/\/wp.ufpel.edu.br\/empauta\/category\/todos\/esportes\/"},"img":{"alt_text":"","src":"https:\/\/i0.wp.com\/wp.ufpel.edu.br\/empauta\/files\/2019\/04\/ranking_atp_fabio_fognini_masters_monte-carlo_free_big.jpg?resize=350%2C200&ssl=1","width":350,"height":200,"srcset":"https:\/\/i0.wp.com\/wp.ufpel.edu.br\/empauta\/files\/2019\/04\/ranking_atp_fabio_fognini_masters_monte-carlo_free_big.jpg?resize=350%2C200&ssl=1 1x, https:\/\/i0.wp.com\/wp.ufpel.edu.br\/empauta\/files\/2019\/04\/ranking_atp_fabio_fognini_masters_monte-carlo_free_big.jpg?resize=525%2C300&ssl=1 1.5x, https:\/\/i0.wp.com\/wp.ufpel.edu.br\/empauta\/files\/2019\/04\/ranking_atp_fabio_fognini_masters_monte-carlo_free_big.jpg?resize=700%2C400&ssl=1 2x"},"classes":[]},{"id":12675,"url":"https:\/\/wp.ufpel.edu.br\/empauta\/djokovic-reencontra-as-boas-atuacoes-e-vence-o-masters-1000-de-madri\/","url_meta":{"origin":13017,"position":4},"title":"Djokovic reencontra as boas atua\u00e7\u00f5es e vence o Masters 1000 de Madri","author":"Em Pauta","date":"13\/05\/2019","format":false,"excerpt":"Neste domingo (12), tivemos a final do Masters 1000 de Madri, o quarto torneio desta s\u00e9rie na temporada, que marca o in\u00edcio da reta final de prepara\u00e7\u00e3o ao Aberto de T\u00eanis da Fran\u00e7a (Roland Garros), que \u00e9 o principal evento do t\u00eanis mundial em quadras de saibro (terra batida).","rel":"","context":"Em &quot;Esportes&quot;","block_context":{"text":"Esportes","link":"https:\/\/wp.ufpel.edu.br\/empauta\/category\/todos\/esportes\/"},"img":{"alt_text":"","src":"https:\/\/i0.wp.com\/wp.ufpel.edu.br\/empauta\/files\/2019\/05\/000_1GE27S.jpg?resize=350%2C200&ssl=1","width":350,"height":200,"srcset":"https:\/\/i0.wp.com\/wp.ufpel.edu.br\/empauta\/files\/2019\/05\/000_1GE27S.jpg?resize=350%2C200&ssl=1 1x, https:\/\/i0.wp.com\/wp.ufpel.edu.br\/empauta\/files\/2019\/05\/000_1GE27S.jpg?resize=525%2C300&ssl=1 1.5x, https:\/\/i0.wp.com\/wp.ufpel.edu.br\/empauta\/files\/2019\/05\/000_1GE27S.jpg?resize=700%2C400&ssl=1 2x"},"classes":[]},{"id":14096,"url":"https:\/\/wp.ufpel.edu.br\/empauta\/final-de-duplas-femininas-consagra-timea-babos-e-kristina-mladenovic\/","url_meta":{"origin":13017,"position":5},"title":"Final de duplas femininas consagra Timea Babos  e Kristina Mladenovic","author":"Em Pauta","date":"03\/02\/2020","format":false,"excerpt":"Por Lu\u00eds Artur Janes Silva Na \u00faltima sexta (31), tivemos a decis\u00e3o do torneio de duplas femininas no Aberto da Austr\u00e1lia de t\u00eanis, o primeiro Grand Slam da temporada. O duo formado pela taiwanesa Hsieh Su-wei e pela tcheca Barbora Str\u00fdcov\u00e1, cabe\u00e7a de chave n\u00famero um da competi\u00e7\u00e3o, enfrentou e\u2026","rel":"","context":"Em &quot;Esportes&quot;","block_context":{"text":"Esportes","link":"https:\/\/wp.ufpel.edu.br\/empauta\/category\/todos\/esportes\/"},"img":{"alt_text":"","src":"https:\/\/i0.wp.com\/wp.ufpel.edu.br\/empauta\/files\/2020\/02\/mladenovic-babos.jpg?resize=350%2C200&ssl=1","width":350,"height":200,"srcset":"https:\/\/i0.wp.com\/wp.ufpel.edu.br\/empauta\/files\/2020\/02\/mladenovic-babos.jpg?resize=350%2C200&ssl=1 1x, https:\/\/i0.wp.com\/wp.ufpel.edu.br\/empauta\/files\/2020\/02\/mladenovic-babos.jpg?resize=525%2C300&ssl=1 1.5x, https:\/\/i0.wp.com\/wp.ufpel.edu.br\/empauta\/files\/2020\/02\/mladenovic-babos.jpg?resize=700%2C400&ssl=1 2x"},"classes":[]}],"_links":{"self":[{"href":"https:\/\/wp.ufpel.edu.br\/empauta\/wp-json\/wp\/v2\/posts\/13017","targetHints":{"allow":["GET"]}}],"collection":[{"href":"https:\/\/wp.ufpel.edu.br\/empauta\/wp-json\/wp\/v2\/posts"}],"about":[{"href":"https:\/\/wp.ufpel.edu.br\/empauta\/wp-json\/wp\/v2\/types\/post"}],"author":[{"embeddable":true,"href":"https:\/\/wp.ufpel.edu.br\/empauta\/wp-json\/wp\/v2\/users\/587"}],"replies":[{"embeddable":true,"href":"https:\/\/wp.ufpel.edu.br\/empauta\/wp-json\/wp\/v2\/comments?post=13017"}],"version-history":[{"count":3,"href":"https:\/\/wp.ufpel.edu.br\/empauta\/wp-json\/wp\/v2\/posts\/13017\/revisions"}],"predecessor-version":[{"id":13022,"href":"https:\/\/wp.ufpel.edu.br\/empauta\/wp-json\/wp\/v2\/posts\/13017\/revisions\/13022"}],"wp:featuredmedia":[{"embeddable":true,"href":"https:\/\/wp.ufpel.edu.br\/empauta\/wp-json\/wp\/v2\/media\/13018"}],"wp:attachment":[{"href":"https:\/\/wp.ufpel.edu.br\/empauta\/wp-json\/wp\/v2\/media?parent=13017"}],"wp:term":[{"taxonomy":"category","embeddable":true,"href":"https:\/\/wp.ufpel.edu.br\/empauta\/wp-json\/wp\/v2\/categories?post=13017"},{"taxonomy":"post_tag","embeddable":true,"href":"https:\/\/wp.ufpel.edu.br\/empauta\/wp-json\/wp\/v2\/tags?post=13017"}],"curies":[{"name":"wp","href":"https:\/\/api.w.org\/{rel}","templated":true}]}}