{"id":12902,"date":"2019-05-29T14:00:14","date_gmt":"2019-05-29T17:00:14","guid":{"rendered":"https:\/\/wp.ufpel.edu.br\/empauta\/?p=12902"},"modified":"2019-05-29T12:07:35","modified_gmt":"2019-05-29T15:07:35","slug":"vii-musico-pelotense-gabriel-faro-lanca-seu-primeiro-ep","status":"publish","type":"post","link":"https:\/\/wp.ufpel.edu.br\/empauta\/vii-musico-pelotense-gabriel-faro-lanca-seu-primeiro-ep\/","title":{"rendered":"VII: M\u00fasico pelotense Gabriel Faro lan\u00e7a seu primeiro EP"},"content":{"rendered":"<p style=\"text-align: right\"><em>Por Mariana Argoud<\/em><\/p>\n<p style=\"text-align: justify\"><span style=\"font-weight: 400\">Na pr\u00f3xima sexta-feira (31) ser\u00e1 lan\u00e7ado o EP VII, primeiro trabalho produzido pelo m\u00fasico pelotense Gabriel Faro. A produ\u00e7\u00e3o, que mistura diferentes estilos musicais \u2013 como rock progressivo, m\u00fasica brasileira, \u00e9tnica e erudita &#8211; cont\u00e9m cinco m\u00fasicas instrumentais em que o m\u00fasico, al\u00e9m de compor as faixas, tamb\u00e9m grava as linhas de bateria e de piano. <\/span><\/p>\n<div id=\"attachment_12904\" style=\"width: 410px\" class=\"wp-caption alignright\"><a href=\"https:\/\/wp.ufpel.edu.br\/empauta\/files\/2019\/05\/Arte-Ruan-Sampaio-Leal.jpg\"><img loading=\"lazy\" decoding=\"async\" aria-describedby=\"caption-attachment-12904\" class=\"wp-image-12904 \" src=\"https:\/\/wp.ufpel.edu.br\/empauta\/files\/2019\/05\/Arte-Ruan-Sampaio-Leal.jpg\" alt=\"\" width=\"400\" height=\"400\" srcset=\"https:\/\/wp.ufpel.edu.br\/empauta\/files\/2019\/05\/Arte-Ruan-Sampaio-Leal.jpg 5669w, https:\/\/wp.ufpel.edu.br\/empauta\/files\/2019\/05\/Arte-Ruan-Sampaio-Leal-159x159.jpg 159w, https:\/\/wp.ufpel.edu.br\/empauta\/files\/2019\/05\/Arte-Ruan-Sampaio-Leal-318x318.jpg 318w, https:\/\/wp.ufpel.edu.br\/empauta\/files\/2019\/05\/Arte-Ruan-Sampaio-Leal-768x768.jpg 768w, https:\/\/wp.ufpel.edu.br\/empauta\/files\/2019\/05\/Arte-Ruan-Sampaio-Leal-160x160.jpg 160w, https:\/\/wp.ufpel.edu.br\/empauta\/files\/2019\/05\/Arte-Ruan-Sampaio-Leal-320x320.jpg 320w\" sizes=\"auto, (max-width: 400px) 100vw, 400px\" \/><\/a><p id=\"caption-attachment-12904\" class=\"wp-caption-text\">Cartaz de divulga\u00e7\u00e3o. Arte: Ruan Sampaio Leal<\/p><\/div>\n<p style=\"text-align: justify\"><span style=\"font-weight: 400\">Conforme Faro, o processo de produ\u00e7\u00e3o do projeto foi quase totalmente caseiro. As m\u00fasicas foram compostas no seu pr\u00f3prio quarto, com a utiliza\u00e7\u00e3o de um teclado e de um computador, e utilizando a bateria e o piano para testar a sonoridade das faixas. \u201cFoi um processo relativamente r\u00e1pido, levei em torno de um m\u00eas para compor as cinco faixas pertencentes ao EP\u201d, ressalta Gabriel. O m\u00fasico conta ainda que o estilo musical do EP surgiu da busca por transmitir a pr\u00f3pria identidade, a partir de refer\u00eancias que tem desde que come\u00e7ou a estudar m\u00fasica: \u201cBusquei compor dentro daquilo que achava mais a minha cara, queria ter um EP sincero e n\u00e3o que se adaptasse com a tend\u00eancia sonora do mercado atual\u201d, afirma. <\/span><\/p>\n<p style=\"text-align: justify\"><span style=\"font-weight: 400\">O projeto contou com participa\u00e7\u00e3o de J\u00fanior Vieira nas grava\u00e7\u00f5es e mixagem, Lauro Maia na masteriza\u00e7\u00e3o, Wagner Sicca no baixo el\u00e9trico, Ruan Sampaio Leal na concep\u00e7\u00e3o e cria\u00e7\u00e3o da capa e T\u00e1cio Wurdig e Mateus Messias nas fotografias e filmagens durante as sess\u00f5es de grava\u00e7\u00e3o. <\/span><\/p>\n<p style=\"text-align: justify\"><span style=\"font-weight: 400\">Segundo Gabriel, seu EP \u00e9 um dos muitos produzidos em Pelotas pelos alunos da Universidade Federal de Pelotas (UFPel). \u201cAcho importante mostrar para a nossa cidade o que tem sido feito em termos musicais. Muitas pessoas n\u00e3o sabem que a UFPel fornece um curso de m\u00fasica muito bem avaliado nacionalmente e trabalhos como este, n\u00e3o s\u00f3 o meu, incluo de colegas que j\u00e1 lan\u00e7aram CDs ou EPs, servem para demonstrar como a cidade possui uma cultura que est\u00e1 ativa e com grandes trabalhos\u201d, destaca. <\/span><\/p>\n<p style=\"text-align: justify\"><strong>Sobre o m\u00fasico<\/strong><\/p>\n<div id=\"attachment_12903\" style=\"width: 307px\" class=\"wp-caption alignleft\"><a href=\"https:\/\/wp.ufpel.edu.br\/empauta\/files\/2019\/05\/Foto-T\u00e1cio-Wurdig.jpg\"><img loading=\"lazy\" decoding=\"async\" aria-describedby=\"caption-attachment-12903\" class=\" wp-image-12903\" src=\"https:\/\/wp.ufpel.edu.br\/empauta\/files\/2019\/05\/Foto-T\u00e1cio-Wurdig.jpg\" alt=\"\" width=\"297\" height=\"198\" srcset=\"https:\/\/wp.ufpel.edu.br\/empauta\/files\/2019\/05\/Foto-T\u00e1cio-Wurdig.jpg 5184w, https:\/\/wp.ufpel.edu.br\/empauta\/files\/2019\/05\/Foto-T\u00e1cio-Wurdig-212x141.jpg 212w, https:\/\/wp.ufpel.edu.br\/empauta\/files\/2019\/05\/Foto-T\u00e1cio-Wurdig-424x283.jpg 424w, https:\/\/wp.ufpel.edu.br\/empauta\/files\/2019\/05\/Foto-T\u00e1cio-Wurdig-768x512.jpg 768w\" sizes=\"auto, (max-width: 297px) 100vw, 297px\" \/><\/a><p id=\"caption-attachment-12903\" class=\"wp-caption-text\">O m\u00fasico \u00e9 aluno do curso de composi\u00e7\u00e3o musical da UFPel. Imagem: T\u00e1cio Wurdig<\/p><\/div>\n<p style=\"text-align: justify\"><span style=\"font-weight: 400\">Gabriel tem 21 anos e est\u00e1 no s\u00e9timo semestre do curso de composi\u00e7\u00e3o musical da UFPel. Toca bateria desde os 3 anos de idade, incentivado pelo tio e baterista profissional, Luke Faro, tendo aulas com os professores Renato Pop\u00f3 e Marco Primo. Neste ano, Gabriel come\u00e7ou a ministrar aulas de bateria. Al\u00e9m da bateria, Faro tamb\u00e9m toca piano, hang drum, percuss\u00e3o e viol\u00e3o. Atualmente, Faro participa das bandas The Woods e Lazz, al\u00e9m de participar de um projeto com colegas da UFPel, chamado Quinteto Maga e de produzir trilhas sonoras para a empresa VMC. <\/span><\/p>\n<p>&nbsp;<\/p>\n<p style=\"text-align: justify\"><strong>O EP \u201cVII\u201d estar\u00e1 dispon\u00edvel no dia 31 de maio no Spotify, Deezer, iTunes, Youtube, Facebook e Soundcloud.<\/strong><\/p>\n","protected":false},"excerpt":{"rendered":"<p>Na pr\u00f3xima sexta-feira (31) ser\u00e1 lan\u00e7ado o EP VII, primeiro trabalho produzido pelo m\u00fasico pelotense Gabriel Faro. A produ\u00e7\u00e3o, que mistura diferentes estilos musicais \u2013 como rock progressivo, m\u00fasica brasileira, \u00e9tnica e erudita &#8211; cont\u00e9m cinco m\u00fasicas instrumentais em que o m\u00fasico, al\u00e9m de compor as faixas, tamb\u00e9m grava as linhas de bateria e de piano.<\/p>\n","protected":false},"author":587,"featured_media":12904,"comment_status":"closed","ping_status":"closed","sticky":false,"template":"","format":"standard","meta":{"jetpack_post_was_ever_published":false,"_jetpack_newsletter_access":"","_jetpack_dont_email_post_to_subs":false,"_jetpack_newsletter_tier_id":0,"_jetpack_memberships_contains_paywalled_content":false,"_jetpack_memberships_contains_paid_content":false,"footnotes":"","jetpack_publicize_message":"","jetpack_publicize_feature_enabled":true,"jetpack_social_post_already_shared":true,"jetpack_social_options":{"image_generator_settings":{"template":"highway","default_image_id":0,"font":"","enabled":false},"version":2}},"categories":[1],"tags":[45,416],"class_list":["post-12902","post","type-post","status-publish","format-standard","has-post-thumbnail","hentry","category-noticias","tag-cultura","tag-mariana-argoud"],"jetpack_publicize_connections":[],"jetpack_featured_media_url":"https:\/\/wp.ufpel.edu.br\/empauta\/files\/2019\/05\/Arte-Ruan-Sampaio-Leal.jpg","jetpack_sharing_enabled":true,"jetpack_shortlink":"https:\/\/wp.me\/p6Xvzq-3m6","jetpack-related-posts":[{"id":9181,"url":"https:\/\/wp.ufpel.edu.br\/empauta\/filme-de-terror-confira-o-novo-single-da-war\/","url_meta":{"origin":12902,"position":0},"title":"Filme de terror: confira o novo single da WAR","author":"Em Pauta","date":"21\/02\/2017","format":false,"excerpt":"Por: Estevan de Freitas Garcia Na \u00faltima sexta-feira (17), a gurizada da WAR (We Are Revolution) chamou aten\u00e7\u00e3o nas redes sociais. Isso tudo por conta do seu novo single \u201cFilme de Terror\u201d que foi lan\u00e7ado exclusivamente por nada mais nada menos do que a Billboard Brasil (revista semanal norte-americana especializada\u2026","rel":"","context":"Em &quot;Cultura e Entretenimento&quot;","block_context":{"text":"Cultura e Entretenimento","link":"https:\/\/wp.ufpel.edu.br\/empauta\/category\/todos\/culturaeentretenimento\/"},"img":{"alt_text":"","src":"https:\/\/i0.wp.com\/wp.ufpel.edu.br\/empauta\/files\/2017\/02\/thumbnail_War-promo16.jpg?resize=350%2C200&ssl=1","width":350,"height":200,"srcset":"https:\/\/i0.wp.com\/wp.ufpel.edu.br\/empauta\/files\/2017\/02\/thumbnail_War-promo16.jpg?resize=350%2C200&ssl=1 1x, https:\/\/i0.wp.com\/wp.ufpel.edu.br\/empauta\/files\/2017\/02\/thumbnail_War-promo16.jpg?resize=525%2C300&ssl=1 1.5x, https:\/\/i0.wp.com\/wp.ufpel.edu.br\/empauta\/files\/2017\/02\/thumbnail_War-promo16.jpg?resize=700%2C400&ssl=1 2x, https:\/\/i0.wp.com\/wp.ufpel.edu.br\/empauta\/files\/2017\/02\/thumbnail_War-promo16.jpg?resize=1050%2C600&ssl=1 3x"},"classes":[]},{"id":13868,"url":"https:\/\/wp.ufpel.edu.br\/empauta\/bate-papo-com-o-musico-jonathan-jow-teixeira\/","url_meta":{"origin":12902,"position":1},"title":"Bate-papo com o m\u00fasico Jonathan \u201cJow\u201d Teixeira","author":"Em Pauta","date":"01\/11\/2019","format":false,"excerpt":"Vocalista e guitarrista da banda 4Plus, o artista pelotense conta um pouco da rela\u00e7\u00e3o que tem com a m\u00fasica Por Matheus Garcia Faz exatos oito anos que o miscigenado cen\u00e1rio cultural de Pelotas j\u00e1 n\u00e3o \u00e9 mais o mesmo desde o surgimento da\u00a0Banda 4Plus. Com uma pegada voltada para o\u2026","rel":"","context":"Em &quot;Cultura e Entretenimento&quot;","block_context":{"text":"Cultura e Entretenimento","link":"https:\/\/wp.ufpel.edu.br\/empauta\/category\/todos\/culturaeentretenimento\/"},"img":{"alt_text":"","src":"https:\/\/i0.wp.com\/wp.ufpel.edu.br\/empauta\/files\/2019\/11\/jow1.jpg?resize=350%2C200&ssl=1","width":350,"height":200,"srcset":"https:\/\/i0.wp.com\/wp.ufpel.edu.br\/empauta\/files\/2019\/11\/jow1.jpg?resize=350%2C200&ssl=1 1x, https:\/\/i0.wp.com\/wp.ufpel.edu.br\/empauta\/files\/2019\/11\/jow1.jpg?resize=525%2C300&ssl=1 1.5x, https:\/\/i0.wp.com\/wp.ufpel.edu.br\/empauta\/files\/2019\/11\/jow1.jpg?resize=700%2C400&ssl=1 2x, https:\/\/i0.wp.com\/wp.ufpel.edu.br\/empauta\/files\/2019\/11\/jow1.jpg?resize=1050%2C600&ssl=1 3x"},"classes":[]},{"id":7889,"url":"https:\/\/wp.ufpel.edu.br\/empauta\/doce-e-arte-uma-combinacao-que-ganhou-destaque-em-pelotas\/","url_meta":{"origin":12902,"position":2},"title":"Doce e Arte: uma combina\u00e7\u00e3o que ganhou destaque em Pelotas","author":"Em Pauta","date":"30\/04\/2016","format":false,"excerpt":"Por Caroline Lemos e \u00c9rika Dutra \u00a0 Em 2016 a Fenadoce chega aos 30 anos de hist\u00f3ria refor\u00e7ando seu potencial cultural e tur\u00edstico, que atrai quase 300 mil visitantes todos os anos. As atividades culturais, que est\u00e3o entre os principais atrativos, movimentam os dias de feira e prezam por dar\u2026","rel":"","context":"Em &quot;Cultura e Entretenimento&quot;","block_context":{"text":"Cultura e Entretenimento","link":"https:\/\/wp.ufpel.edu.br\/empauta\/category\/todos\/culturaeentretenimento\/"},"img":{"alt_text":" Banda Jow Ramon leva rock para a Fenadoce. (Foto: Divulga\u00e7\u00e3o)","src":"https:\/\/i0.wp.com\/wp.ufpel.edu.br\/empauta\/files\/2016\/04\/Foto-1-3-424x283.jpg?resize=350%2C200&ssl=1","width":350,"height":200},"classes":[]},{"id":1155,"url":"https:\/\/wp.ufpel.edu.br\/empauta\/segundo-volume-do-almanaque-do-bicentenario-e-lancado-em-pelotas\/","url_meta":{"origin":12902,"position":3},"title":"Segundo volume do Almanaque do Bicenten\u00e1rio \u00e9 lan\u00e7ado em Pelotas","author":"Em Pauta","date":"30\/05\/2014","format":false,"excerpt":"Por D\u00e9bora Martins A publica\u00e7\u00e3o distribu\u00edda gratuitamente resgata a cena cultural e art\u00edstica de Pelotas em mais de mil fotografias. Aconteceu na \u00faltima segunda-feira, dia 26, \u00e0s 19h, na Bibliotheca P\u00fablica Pelotense, o lan\u00e7amento do segundo volume do Almanaque do Bicenten\u00e1rio. O livro, que \u00e9 financiado atrav\u00e9s de Lei de\u2026","rel":"","context":"Em &quot;Cultura e Entretenimento&quot;","block_context":{"text":"Cultura e Entretenimento","link":"https:\/\/wp.ufpel.edu.br\/empauta\/category\/todos\/culturaeentretenimento\/"},"img":{"alt_text":"Foto: Reprodu\u00e7\u00e3o (http:\/\/goo.gl\/FTcjZr)","src":"https:\/\/i0.wp.com\/wp.ufpel.edu.br\/empauta\/files\/2014\/05\/DEBORA-Segundo-volume-do-Almanaque-do-Bicenten%C3%A1rio-%C3%A9-lan%C3%A7ado-hoje300-500-614x1024.jpg?resize=350%2C200&ssl=1","width":350,"height":200},"classes":[]},{"id":7407,"url":"https:\/\/wp.ufpel.edu.br\/empauta\/zudizilla-a-luta-a-vida-e-a-obra-do-rapper-pelotense\/","url_meta":{"origin":12902,"position":4},"title":"Zudizilla: a luta, a vida e a obra do rapper pelotense","author":"Em Pauta","date":"29\/11\/2015","format":false,"excerpt":"por Caroline Albaini O f\u00e1cil acesso aos meios de grava\u00e7\u00e3o tornou mais simples a populariza\u00e7\u00e3o mundial de diversos g\u00eaneros musicais, sendo um deles o rap. Sa\u00eddo dos guetos e mesclando um ritmo intenso com rimas po\u00e9ticas o Rhythm and Poetry (ritmo e poesia, rap) migrou para os centros urbanos ap\u00f3s\u2026","rel":"","context":"Em &quot;Cultura e Entretenimento&quot;","block_context":{"text":"Cultura e Entretenimento","link":"https:\/\/wp.ufpel.edu.br\/empauta\/category\/todos\/culturaeentretenimento\/"},"img":{"alt_text":"Zudizilla. Imagem: Divulga\u00e7\u00e3o","src":"https:\/\/i0.wp.com\/wp.ufpel.edu.br\/empauta\/files\/2015\/11\/zudizilla1.jpg?resize=350%2C200&ssl=1","width":350,"height":200,"srcset":"https:\/\/i0.wp.com\/wp.ufpel.edu.br\/empauta\/files\/2015\/11\/zudizilla1.jpg?resize=350%2C200&ssl=1 1x, https:\/\/i0.wp.com\/wp.ufpel.edu.br\/empauta\/files\/2015\/11\/zudizilla1.jpg?resize=525%2C300&ssl=1 1.5x, https:\/\/i0.wp.com\/wp.ufpel.edu.br\/empauta\/files\/2015\/11\/zudizilla1.jpg?resize=700%2C400&ssl=1 2x"},"classes":[]},{"id":9523,"url":"https:\/\/wp.ufpel.edu.br\/empauta\/armazem-jeferson-de-almeida\/","url_meta":{"origin":12902,"position":5},"title":"Armaz\u00e9m \u2013 Jeferson de Almeida","author":"Em Pauta","date":"14\/06\/2017","format":false,"excerpt":"Por Douglas Dutra O m\u00fasico piratiniense Jeferson de Almeida lan\u00e7ou no in\u00edcio deste ano o Armaz\u00e9m, seu primeiro \u00e1lbum solo. O artista j\u00e1 havia lan\u00e7ado nos anos 2000 um disco pela sua banda punk Organismo Suicida. De l\u00e1 para c\u00e1, podemos perceber o amadurecimento de um compositor que olha o\u2026","rel":"","context":"Em &quot;Cr\u00edticas e Resenhas&quot;","block_context":{"text":"Cr\u00edticas e Resenhas","link":"https:\/\/wp.ufpel.edu.br\/empauta\/category\/todos\/criticaseresenhas\/"},"img":{"alt_text":"","src":"https:\/\/i0.wp.com\/wp.ufpel.edu.br\/empauta\/files\/2017\/06\/Armaz%C3%A9m-Jeferson-de-Almeida.jpg?resize=350%2C200&ssl=1","width":350,"height":200,"srcset":"https:\/\/i0.wp.com\/wp.ufpel.edu.br\/empauta\/files\/2017\/06\/Armaz%C3%A9m-Jeferson-de-Almeida.jpg?resize=350%2C200&ssl=1 1x, https:\/\/i0.wp.com\/wp.ufpel.edu.br\/empauta\/files\/2017\/06\/Armaz%C3%A9m-Jeferson-de-Almeida.jpg?resize=525%2C300&ssl=1 1.5x, https:\/\/i0.wp.com\/wp.ufpel.edu.br\/empauta\/files\/2017\/06\/Armaz%C3%A9m-Jeferson-de-Almeida.jpg?resize=700%2C400&ssl=1 2x"},"classes":[]}],"_links":{"self":[{"href":"https:\/\/wp.ufpel.edu.br\/empauta\/wp-json\/wp\/v2\/posts\/12902","targetHints":{"allow":["GET"]}}],"collection":[{"href":"https:\/\/wp.ufpel.edu.br\/empauta\/wp-json\/wp\/v2\/posts"}],"about":[{"href":"https:\/\/wp.ufpel.edu.br\/empauta\/wp-json\/wp\/v2\/types\/post"}],"author":[{"embeddable":true,"href":"https:\/\/wp.ufpel.edu.br\/empauta\/wp-json\/wp\/v2\/users\/587"}],"replies":[{"embeddable":true,"href":"https:\/\/wp.ufpel.edu.br\/empauta\/wp-json\/wp\/v2\/comments?post=12902"}],"version-history":[{"count":3,"href":"https:\/\/wp.ufpel.edu.br\/empauta\/wp-json\/wp\/v2\/posts\/12902\/revisions"}],"predecessor-version":[{"id":12907,"href":"https:\/\/wp.ufpel.edu.br\/empauta\/wp-json\/wp\/v2\/posts\/12902\/revisions\/12907"}],"wp:featuredmedia":[{"embeddable":true,"href":"https:\/\/wp.ufpel.edu.br\/empauta\/wp-json\/wp\/v2\/media\/12904"}],"wp:attachment":[{"href":"https:\/\/wp.ufpel.edu.br\/empauta\/wp-json\/wp\/v2\/media?parent=12902"}],"wp:term":[{"taxonomy":"category","embeddable":true,"href":"https:\/\/wp.ufpel.edu.br\/empauta\/wp-json\/wp\/v2\/categories?post=12902"},{"taxonomy":"post_tag","embeddable":true,"href":"https:\/\/wp.ufpel.edu.br\/empauta\/wp-json\/wp\/v2\/tags?post=12902"}],"curies":[{"name":"wp","href":"https:\/\/api.w.org\/{rel}","templated":true}]}}