{"id":12895,"date":"2019-05-28T21:30:43","date_gmt":"2019-05-29T00:30:43","guid":{"rendered":"https:\/\/wp.ufpel.edu.br\/empauta\/?p=12895"},"modified":"2019-05-28T21:30:43","modified_gmt":"2019-05-29T00:30:43","slug":"sportcast-07-os-caminhos-de-tottenham-e-liverpool-em-busca-do-titulo-da-champions-league","status":"publish","type":"post","link":"https:\/\/wp.ufpel.edu.br\/empauta\/sportcast-07-os-caminhos-de-tottenham-e-liverpool-em-busca-do-titulo-da-champions-league\/","title":{"rendered":"Sportcast #07 &#8211; Os Caminhos de Tottenham e Liverpool em busca do t\u00edtulo da Champions League"},"content":{"rendered":"<p><a href=\"https:\/\/wp.ufpel.edu.br\/empauta\/files\/2019\/05\/Foto-EPSC-Os-Caminhos-de-Tottenham-e-Liverpool-em-busca-do-t\u00edtulo-da-Champions-League.png\"><img loading=\"lazy\" decoding=\"async\" class=\"aligncenter size-full wp-image-12896\" src=\"https:\/\/wp.ufpel.edu.br\/empauta\/files\/2019\/05\/Foto-EPSC-Os-Caminhos-de-Tottenham-e-Liverpool-em-busca-do-t\u00edtulo-da-Champions-League.png\" alt=\"\" width=\"900\" height=\"900\" srcset=\"https:\/\/wp.ufpel.edu.br\/empauta\/files\/2019\/05\/Foto-EPSC-Os-Caminhos-de-Tottenham-e-Liverpool-em-busca-do-t\u00edtulo-da-Champions-League.png 900w, https:\/\/wp.ufpel.edu.br\/empauta\/files\/2019\/05\/Foto-EPSC-Os-Caminhos-de-Tottenham-e-Liverpool-em-busca-do-t\u00edtulo-da-Champions-League-159x159.png 159w, https:\/\/wp.ufpel.edu.br\/empauta\/files\/2019\/05\/Foto-EPSC-Os-Caminhos-de-Tottenham-e-Liverpool-em-busca-do-t\u00edtulo-da-Champions-League-318x318.png 318w, https:\/\/wp.ufpel.edu.br\/empauta\/files\/2019\/05\/Foto-EPSC-Os-Caminhos-de-Tottenham-e-Liverpool-em-busca-do-t\u00edtulo-da-Champions-League-768x768.png 768w, https:\/\/wp.ufpel.edu.br\/empauta\/files\/2019\/05\/Foto-EPSC-Os-Caminhos-de-Tottenham-e-Liverpool-em-busca-do-t\u00edtulo-da-Champions-League-160x160.png 160w, https:\/\/wp.ufpel.edu.br\/empauta\/files\/2019\/05\/Foto-EPSC-Os-Caminhos-de-Tottenham-e-Liverpool-em-busca-do-t\u00edtulo-da-Champions-League-320x320.png 320w\" sizes=\"auto, (max-width: 900px) 100vw, 900px\" \/><\/a><\/p>\n<audio class=\"wp-audio-shortcode\" id=\"audio-12895-1\" preload=\"none\" style=\"width: 100%;\" controls=\"controls\"><source type=\"audio\/mpeg\" src=\"https:\/\/wp.ufpel.edu.br\/empauta\/files\/2019\/05\/\u00c1udio-EPSC-Os-Caminhos-de-Tottenham-e-Liverpool-em-busca-do-t\u00edtulo-da-Champions-League.mp3?_=1\" \/><a href=\"https:\/\/wp.ufpel.edu.br\/empauta\/files\/2019\/05\/\u00c1udio-EPSC-Os-Caminhos-de-Tottenham-e-Liverpool-em-busca-do-t\u00edtulo-da-Champions-League.mp3\">https:\/\/wp.ufpel.edu.br\/empauta\/files\/2019\/05\/\u00c1udio-EPSC-Os-Caminhos-de-Tottenham-e-Liverpool-em-busca-do-t\u00edtulo-da-Champions-League.mp3<\/a><\/audio>\n<p>De um lado, Mauricio Pochettino, Son Heung-min e Lucas Moura. Do outro, J\u00fcrgen Klopp, Mohamed Salah e Roberto Firmino. Na s\u00e9tima edi\u00e7\u00e3o do nosso podcast, uma retrospectiva dos finalistas ingleses, Tottenham e Liverpool, atr\u00e1s da conquista do campeonato mais importante da Europa.<\/p>\n<p>Apresenta\u00e7\u00e3o: Jo\u00e3o Ant\u00f4nio Ferreira, Paulo Bigliardi, Marco Gavi\u00e3o, Jo\u00e3o<br \/>\nPedro Macedo e Diego Plamer<\/p>\n<p>Edi\u00e7\u00e3o: Rafael Marques<\/p>\n<p>T\u00e9cnica: Felipe Couto<\/p>\n<p>Coordena\u00e7\u00e3o: Carlos Andr\u00e9 Dominguez<\/p>\n","protected":false},"excerpt":{"rendered":"<p>De um lado, Mauricio Pochettino, Son Heung-min e Lucas Moura. Do outro, J\u00fcrgen Klopp, Mohamed Salah e Roberto Firmino. Na s\u00e9tima edi\u00e7\u00e3o do nosso podcast, uma retrospectiva dos finalistas ingleses, Tottenham e Liverpool, atr\u00e1s da conquista do campeonato mais importante da Europa.<\/p>\n","protected":false},"author":587,"featured_media":12896,"comment_status":"closed","ping_status":"closed","sticky":false,"template":"","format":"standard","meta":{"jetpack_post_was_ever_published":false,"_jetpack_newsletter_access":"","_jetpack_dont_email_post_to_subs":false,"_jetpack_newsletter_tier_id":0,"_jetpack_memberships_contains_paywalled_content":false,"_jetpack_memberships_contains_paid_content":false,"footnotes":"","jetpack_publicize_message":"","jetpack_publicize_feature_enabled":true,"jetpack_social_post_already_shared":true,"jetpack_social_options":{"image_generator_settings":{"template":"highway","default_image_id":0,"font":"","enabled":false},"version":2}},"categories":[8,358],"tags":[415,389,362,365,363,366,380],"class_list":["post-12895","post","type-post","status-publish","format-standard","has-post-thumbnail","hentry","category-esportes","category-podcast","tag-diego-plamer","tag-esportes","tag-joao-antonio-ferreira","tag-joao-pedro-macedo","tag-marco-gaviao","tag-paulo-bigliardi","tag-podcast"],"jetpack_publicize_connections":[],"jetpack_featured_media_url":"https:\/\/wp.ufpel.edu.br\/empauta\/files\/2019\/05\/Foto-EPSC-Os-Caminhos-de-Tottenham-e-Liverpool-em-busca-do-t\u00edtulo-da-Champions-League.png","jetpack_sharing_enabled":true,"jetpack_shortlink":"https:\/\/wp.me\/p6Xvzq-3lZ","jetpack-related-posts":[{"id":12423,"url":"https:\/\/wp.ufpel.edu.br\/empauta\/sportcast-05-playoffs-da-nba\/","url_meta":{"origin":12895,"position":0},"title":"Sportcast #05 &#8211; Playoffs da NBA","author":"Em Pauta","date":"24\/04\/2019","format":false,"excerpt":"\u00a0 Na quinta edi\u00e7\u00e3o do nosso podcast, debatemos a temporada regular da NBA e para descontrair, alguns palpites sobre quem levar\u00e1 os pr\u00eamios individuais desse ano. Al\u00e9m disso, uma proje\u00e7\u00e3o dos playoffs da Liga Americana de Basquete. Apresenta\u00e7\u00e3o: Jo\u00e3o Antonio Ferreira, Jo\u00e3o Pedro Macedo, Marco Gavi\u00e3o e Paulo Bigliardi Edi\u00e7\u00e3o:\u2026","rel":"","context":"Em &quot;Esportes&quot;","block_context":{"text":"Esportes","link":"https:\/\/wp.ufpel.edu.br\/empauta\/category\/todos\/esportes\/"},"img":{"alt_text":"","src":"https:\/\/i0.wp.com\/wp.ufpel.edu.br\/empauta\/files\/2019\/04\/Imagem-EPSC-Playoffs-da-NBA.png?resize=350%2C200&ssl=1","width":350,"height":200,"srcset":"https:\/\/i0.wp.com\/wp.ufpel.edu.br\/empauta\/files\/2019\/04\/Imagem-EPSC-Playoffs-da-NBA.png?resize=350%2C200&ssl=1 1x, https:\/\/i0.wp.com\/wp.ufpel.edu.br\/empauta\/files\/2019\/04\/Imagem-EPSC-Playoffs-da-NBA.png?resize=525%2C300&ssl=1 1.5x, https:\/\/i0.wp.com\/wp.ufpel.edu.br\/empauta\/files\/2019\/04\/Imagem-EPSC-Playoffs-da-NBA.png?resize=700%2C400&ssl=1 2x"},"classes":[]},{"id":11742,"url":"https:\/\/wp.ufpel.edu.br\/empauta\/sportcast-01-brasil-fora-da-libertadores-e-var\/","url_meta":{"origin":12895,"position":1},"title":"Sportcast #01 &#8211; Brasil fora da Libertadores e VAR","author":"Em Pauta","date":"13\/11\/2018","format":false,"excerpt":"Download MP3 | 12MB No primeiro Em Pauta Sportcast, discutimos a elimina\u00e7\u00e3o do Gr\u00eamio e do Palmeiras da Libertadores e o uso do \u00e1rbitro de v\u00eddeo. Na mesa, Jo\u00e3o Antonio Ferreira, Rafael Marques, Jo\u00e3o Pedro Macedo e Paulo Bigliardi","rel":"","context":"Em &quot;Esportes&quot;","block_context":{"text":"Esportes","link":"https:\/\/wp.ufpel.edu.br\/empauta\/category\/todos\/esportes\/"},"img":{"alt_text":"","src":"https:\/\/i0.wp.com\/wp.ufpel.edu.br\/empauta\/files\/2018\/11\/Sportcast-1.jpg?resize=350%2C200&ssl=1","width":350,"height":200,"srcset":"https:\/\/i0.wp.com\/wp.ufpel.edu.br\/empauta\/files\/2018\/11\/Sportcast-1.jpg?resize=350%2C200&ssl=1 1x, https:\/\/i0.wp.com\/wp.ufpel.edu.br\/empauta\/files\/2018\/11\/Sportcast-1.jpg?resize=525%2C300&ssl=1 1.5x, https:\/\/i0.wp.com\/wp.ufpel.edu.br\/empauta\/files\/2018\/11\/Sportcast-1.jpg?resize=700%2C400&ssl=1 2x"},"classes":[]},{"id":12307,"url":"https:\/\/wp.ufpel.edu.br\/empauta\/sportcast-04-a-homofobia-no-futebol\/","url_meta":{"origin":12895,"position":2},"title":"Sportcast #04 &#8211; A homofobia no futebol","author":"Em Pauta","date":"11\/04\/2019","format":false,"excerpt":"\u00a0 Na quarta edi\u00e7\u00e3o do nosso podcast, conversamos sobre as manifesta\u00e7\u00f5es de \u00f3dio no futebol com o Rafael Tavares, jogador do Real Flamingos S.C, um dos primeiros clubes LGBTQ+ da regi\u00e3o Sul. \u00a0 Como entrar em contato com o Real Flamingos S.C? Facebook: https:\/\/www.facebook.com\/R.Flamingos\/ Instagram: https:\/\/www.instagram.com\/realflamingossc\/ \u00a0 Apresenta\u00e7\u00e3o: Jo\u00e3o Antonio\u2026","rel":"","context":"Em &quot;Esportes&quot;","block_context":{"text":"Esportes","link":"https:\/\/wp.ufpel.edu.br\/empauta\/category\/todos\/esportes\/"},"img":{"alt_text":"","src":"https:\/\/i0.wp.com\/wp.ufpel.edu.br\/empauta\/files\/2019\/04\/Imagem-EPSC-A-Homofobia-no-Futebol.png?resize=350%2C200&ssl=1","width":350,"height":200,"srcset":"https:\/\/i0.wp.com\/wp.ufpel.edu.br\/empauta\/files\/2019\/04\/Imagem-EPSC-A-Homofobia-no-Futebol.png?resize=350%2C200&ssl=1 1x, https:\/\/i0.wp.com\/wp.ufpel.edu.br\/empauta\/files\/2019\/04\/Imagem-EPSC-A-Homofobia-no-Futebol.png?resize=525%2C300&ssl=1 1.5x, https:\/\/i0.wp.com\/wp.ufpel.edu.br\/empauta\/files\/2019\/04\/Imagem-EPSC-A-Homofobia-no-Futebol.png?resize=700%2C400&ssl=1 2x"},"classes":[]},{"id":11868,"url":"https:\/\/wp.ufpel.edu.br\/empauta\/sportcast-02-a-desorganizacao-no-calendario-do-futebol-brasileiro\/","url_meta":{"origin":12895,"position":3},"title":"Sportcast #02 &#8211; A Desorganiza\u00e7\u00e3o no Calend\u00e1rio do Futebol Brasileiro","author":"Em Pauta","date":"08\/12\/2018","format":false,"excerpt":"Na segunda edi\u00e7\u00e3o do Em Pauta Sportcast, discutimos os problemas do atual modelo de calend\u00e1rio do futebol nacional e as suas consequ\u00eancias negativas para os clubes, torcedores e confedera\u00e7\u00f5es.","rel":"","context":"Em &quot;Esportes&quot;","block_context":{"text":"Esportes","link":"https:\/\/wp.ufpel.edu.br\/empauta\/category\/todos\/esportes\/"},"img":{"alt_text":"","src":"https:\/\/i0.wp.com\/wp.ufpel.edu.br\/empauta\/files\/2018\/12\/48087981_1099783776862243_7377389694260084736_n.jpg?resize=350%2C200&ssl=1","width":350,"height":200,"srcset":"https:\/\/i0.wp.com\/wp.ufpel.edu.br\/empauta\/files\/2018\/12\/48087981_1099783776862243_7377389694260084736_n.jpg?resize=350%2C200&ssl=1 1x, https:\/\/i0.wp.com\/wp.ufpel.edu.br\/empauta\/files\/2018\/12\/48087981_1099783776862243_7377389694260084736_n.jpg?resize=525%2C300&ssl=1 1.5x, https:\/\/i0.wp.com\/wp.ufpel.edu.br\/empauta\/files\/2018\/12\/48087981_1099783776862243_7377389694260084736_n.jpg?resize=700%2C400&ssl=1 2x"},"classes":[]},{"id":12777,"url":"https:\/\/wp.ufpel.edu.br\/empauta\/sportcast-06-a-reta-final-da-temporada-europeia\/","url_meta":{"origin":12895,"position":4},"title":"Sportcast #06 &#8211; A reta final da temporada europeia","author":"Em Pauta","date":"17\/05\/2019","format":false,"excerpt":"\u00a0 Na sexta edi\u00e7\u00e3o do nosso podcast, evidenciamos os principais destaques das grandes ligas da Europa: a disputa alem\u00e3 entre Bayern de Munique e Borussia Dortmund, a hegemonia do Paris Saint-Germain na Fran\u00e7a, o dom\u00ednio ingl\u00eas no futebol mundial, o octacampeonato da Juventus na It\u00e1lia e a rivalidade entre Porto\u2026","rel":"","context":"Em &quot;Esportes&quot;","block_context":{"text":"Esportes","link":"https:\/\/wp.ufpel.edu.br\/empauta\/category\/todos\/esportes\/"},"img":{"alt_text":"","src":"https:\/\/i0.wp.com\/wp.ufpel.edu.br\/empauta\/files\/2019\/05\/Imagem-EPSC-A-Reta-Final-da-Temporada-Europeia.png?resize=350%2C200&ssl=1","width":350,"height":200,"srcset":"https:\/\/i0.wp.com\/wp.ufpel.edu.br\/empauta\/files\/2019\/05\/Imagem-EPSC-A-Reta-Final-da-Temporada-Europeia.png?resize=350%2C200&ssl=1 1x, https:\/\/i0.wp.com\/wp.ufpel.edu.br\/empauta\/files\/2019\/05\/Imagem-EPSC-A-Reta-Final-da-Temporada-Europeia.png?resize=525%2C300&ssl=1 1.5x, https:\/\/i0.wp.com\/wp.ufpel.edu.br\/empauta\/files\/2019\/05\/Imagem-EPSC-A-Reta-Final-da-Temporada-Europeia.png?resize=700%2C400&ssl=1 2x"},"classes":[]},{"id":12216,"url":"https:\/\/wp.ufpel.edu.br\/empauta\/sportcast-03-as-novas-regras-do-futebol-mundial\/","url_meta":{"origin":12895,"position":5},"title":"Sportcast #03 &#8211; As Novas Regras do Futebol Mundial","author":"Em Pauta","date":"04\/04\/2019","format":false,"excerpt":"Na estreia da segunda temporada do Em Pauta Sportcast, polemizamos as novas regras que ser\u00e3o implementadas no futebol a partir de junho desse ano.","rel":"","context":"Em &quot;Esportes&quot;","block_context":{"text":"Esportes","link":"https:\/\/wp.ufpel.edu.br\/empauta\/category\/todos\/esportes\/"},"img":{"alt_text":"","src":"https:\/\/i0.wp.com\/wp.ufpel.edu.br\/empauta\/files\/2019\/04\/Imagem-EPSC-As-Novas-Regras-do-Futebol-Mundial.png?resize=350%2C200&ssl=1","width":350,"height":200,"srcset":"https:\/\/i0.wp.com\/wp.ufpel.edu.br\/empauta\/files\/2019\/04\/Imagem-EPSC-As-Novas-Regras-do-Futebol-Mundial.png?resize=350%2C200&ssl=1 1x, https:\/\/i0.wp.com\/wp.ufpel.edu.br\/empauta\/files\/2019\/04\/Imagem-EPSC-As-Novas-Regras-do-Futebol-Mundial.png?resize=525%2C300&ssl=1 1.5x, https:\/\/i0.wp.com\/wp.ufpel.edu.br\/empauta\/files\/2019\/04\/Imagem-EPSC-As-Novas-Regras-do-Futebol-Mundial.png?resize=700%2C400&ssl=1 2x"},"classes":[]}],"_links":{"self":[{"href":"https:\/\/wp.ufpel.edu.br\/empauta\/wp-json\/wp\/v2\/posts\/12895","targetHints":{"allow":["GET"]}}],"collection":[{"href":"https:\/\/wp.ufpel.edu.br\/empauta\/wp-json\/wp\/v2\/posts"}],"about":[{"href":"https:\/\/wp.ufpel.edu.br\/empauta\/wp-json\/wp\/v2\/types\/post"}],"author":[{"embeddable":true,"href":"https:\/\/wp.ufpel.edu.br\/empauta\/wp-json\/wp\/v2\/users\/587"}],"replies":[{"embeddable":true,"href":"https:\/\/wp.ufpel.edu.br\/empauta\/wp-json\/wp\/v2\/comments?post=12895"}],"version-history":[{"count":1,"href":"https:\/\/wp.ufpel.edu.br\/empauta\/wp-json\/wp\/v2\/posts\/12895\/revisions"}],"predecessor-version":[{"id":12898,"href":"https:\/\/wp.ufpel.edu.br\/empauta\/wp-json\/wp\/v2\/posts\/12895\/revisions\/12898"}],"wp:featuredmedia":[{"embeddable":true,"href":"https:\/\/wp.ufpel.edu.br\/empauta\/wp-json\/wp\/v2\/media\/12896"}],"wp:attachment":[{"href":"https:\/\/wp.ufpel.edu.br\/empauta\/wp-json\/wp\/v2\/media?parent=12895"}],"wp:term":[{"taxonomy":"category","embeddable":true,"href":"https:\/\/wp.ufpel.edu.br\/empauta\/wp-json\/wp\/v2\/categories?post=12895"},{"taxonomy":"post_tag","embeddable":true,"href":"https:\/\/wp.ufpel.edu.br\/empauta\/wp-json\/wp\/v2\/tags?post=12895"}],"curies":[{"name":"wp","href":"https:\/\/api.w.org\/{rel}","templated":true}]}}