{"id":12333,"date":"2019-04-17T10:23:17","date_gmt":"2019-04-17T13:23:17","guid":{"rendered":"https:\/\/wp.ufpel.edu.br\/empauta\/?p=12333"},"modified":"2019-04-17T00:25:40","modified_gmt":"2019-04-17T03:25:40","slug":"campanha-a-cor-da-ufpel-busca-promover-a-diversidade-etnica-dentro-do-ambiente-academico","status":"publish","type":"post","link":"https:\/\/wp.ufpel.edu.br\/empauta\/campanha-a-cor-da-ufpel-busca-promover-a-diversidade-etnica-dentro-do-ambiente-academico\/","title":{"rendered":"Campanha \u2018A cor da UFPel\u2019 busca promover a diversidade \u00e9tnica dentro do ambiente acad\u00eamico"},"content":{"rendered":"<p style=\"text-align: center\"><strong><span style=\"font-size: 14pt\">Visibilidade importa \u00e9 o lema da campanha &#8216;A cor da UFPel&#8217; idealizada pelo N\u00facleo de A\u00e7\u00f5es Afirmativas e Diversidade (NUAAD)<\/span><\/strong><\/p>\n<p style=\"text-align: right\"><em>Por Roberta Muniz<\/em><\/p>\n<div id=\"attachment_12334\" style=\"width: 970px\" class=\"wp-caption aligncenter\"><a href=\"https:\/\/wp.ufpel.edu.br\/empauta\/files\/2019\/04\/55807376_826869590984607_3410871165999120384_n.jpg\"><img loading=\"lazy\" decoding=\"async\" aria-describedby=\"caption-attachment-12334\" class=\"size-full wp-image-12334\" src=\"https:\/\/wp.ufpel.edu.br\/empauta\/files\/2019\/04\/55807376_826869590984607_3410871165999120384_n.jpg\" alt=\"\" width=\"960\" height=\"576\" srcset=\"https:\/\/wp.ufpel.edu.br\/empauta\/files\/2019\/04\/55807376_826869590984607_3410871165999120384_n.jpg 960w, https:\/\/wp.ufpel.edu.br\/empauta\/files\/2019\/04\/55807376_826869590984607_3410871165999120384_n-212x127.jpg 212w, https:\/\/wp.ufpel.edu.br\/empauta\/files\/2019\/04\/55807376_826869590984607_3410871165999120384_n-424x254.jpg 424w, https:\/\/wp.ufpel.edu.br\/empauta\/files\/2019\/04\/55807376_826869590984607_3410871165999120384_n-768x461.jpg 768w\" sizes=\"auto, (max-width: 960px) 100vw, 960px\" \/><\/a><p id=\"caption-attachment-12334\" class=\"wp-caption-text\">Alunos da UFPel aderindo a campanha \u2018A cor da UFPel\u2019. Imagem: Divulga\u00e7\u00e3o\/NUAAD<\/p><\/div>\n<p style=\"text-align: justify\"><span style=\"font-weight: 400\">Promovida pelo N\u00facleo de A\u00e7\u00f5es Afirmativas e Diversidade da UFPel (NUAAD), a campanha \u2018A cor da UFPel\u2019 tem como principal objetivo dar visibilidade \u00e0 diversidade \u00e9tnica presente na institui\u00e7\u00e3o, no ano em que a Universidade Federal de Pelotas comemora os seus 50 anos. A campanha prop\u00f5e o envio de fotografias por parte dos alunos, professores e servidores da UFPel com seus colegas de variadas etnias em ambiente acad\u00eamico ou at\u00e9 mesmo em algum transporte da institui\u00e7\u00e3o. <\/span><\/p>\n<p style=\"text-align: justify\"><span style=\"font-weight: 400\">Todas as fotografias enviadas ao N\u00facleo s\u00e3o divulgadas nas redes sociais do NUAAD, promovendo a inclus\u00e3o e demonstrando a diversidade presente na universidade. Para participar dessa campanha basta enviar a sua fotografia para o e-mail: <\/span><a href=\"mailto:nuaad.comunica.ufpel@gmail.com\"><span style=\"font-weight: 400\">nuaad.comunica.ufpel@gmail.com<\/span><\/a><span style=\"font-weight: 400\">, identificando o curso e o semestre dos presentes na imagem.<\/span><\/p>\n<p style=\"text-align: justify\"><span style=\"font-weight: 400\">\u201cDesta maneira materializa-se o cumprimento da Lei <\/span><a href=\"http:\/\/www.planalto.gov.br\/ccivil_03\/_ato2011-2014\/2012\/lei\/l12711.htm\"><span style=\"font-weight: 400\">12.711\/2012<\/span><\/a><span style=\"font-weight: 400\"> e <\/span><a href=\"http:\/\/www.planalto.gov.br\/ccivil_03\/_ato2011-2014\/2014\/lei\/l12990.htm\"><span style=\"font-weight: 400\">12.990\/2014<\/span><\/a><span style=\"font-weight: 400\"> de fato na UFPel e implementa-se mais um<span style=\"font-size: 16px\">a pol\u00edtica de a\u00e7\u00e3o afirmativa visando a perman\u00eancia de todos e dando visibilidade \u00e0s diferentes ra\u00e7as presentes neste espa\u00e7o\u201d, declara a professora Dra. Rosemar Lemos, coordenadora do N\u00facleo.<\/span><\/span><\/p>\n<p style=\"text-align: justify\"><span style=\"font-weight: 400\">\u201cA iniciativa visa extinguir o estere\u00f3tipo de quem \u2018est\u00e1 dentro\u2019 da Universidade e demonstrar, por meio de fotos produzidas por pessoas que dela fazem parte, que a UFPel est\u00e1 cumprindo sua fun\u00e7\u00e3o ao fazer com que\u00a0 alunos de diferentes ra\u00e7as e origens sintam-se parte da Universidade\u201d, ressalta Rosemar.<\/span><\/p>\n<div id=\"attachment_12337\" style=\"width: 397px\" class=\"wp-caption alignright\"><a href=\"https:\/\/wp.ufpel.edu.br\/empauta\/files\/2019\/04\/56119588_829642910707275_5399620068348788736_o.jpg\"><img loading=\"lazy\" decoding=\"async\" aria-describedby=\"caption-attachment-12337\" class=\" wp-image-12337\" src=\"https:\/\/wp.ufpel.edu.br\/empauta\/files\/2019\/04\/56119588_829642910707275_5399620068348788736_o.jpg\" alt=\"\" width=\"387\" height=\"290\" srcset=\"https:\/\/wp.ufpel.edu.br\/empauta\/files\/2019\/04\/56119588_829642910707275_5399620068348788736_o.jpg 1039w, https:\/\/wp.ufpel.edu.br\/empauta\/files\/2019\/04\/56119588_829642910707275_5399620068348788736_o-212x159.jpg 212w, https:\/\/wp.ufpel.edu.br\/empauta\/files\/2019\/04\/56119588_829642910707275_5399620068348788736_o-424x318.jpg 424w, https:\/\/wp.ufpel.edu.br\/empauta\/files\/2019\/04\/56119588_829642910707275_5399620068348788736_o-768x576.jpg 768w\" sizes=\"auto, (max-width: 387px) 100vw, 387px\" \/><\/a><p id=\"caption-attachment-12337\" class=\"wp-caption-text\">Projeto de Extens\u00e3o Barraca da Sa\u00fade tamb\u00e9m mostra a diversidade. Imagem: Divulga\u00e7\u00e3o\/NUAAD<\/p><\/div>\n<p style=\"text-align: justify\"><span style=\"font-weight: 400\">Essa campanha busca tamb\u00e9m mostrar aos alunos de ensino m\u00e9dio que acessarem as p\u00e1ginas do NUAAD, que existem pessoas semelhantes a eles dentro do ambiente acad\u00eamico da UFPel, para que os poss\u00edveis ingressantes possam sentir que ser\u00e3o bem recebidos e acolhidos, sem que se sintam isolados, j\u00e1 que o ingresso ao Ensino Superior \u00e9 muitas vezes, por si s\u00f3, complicado.<\/span><\/p>\n<p style=\"text-align: justify\"><span style=\"font-weight: 400\">\u201cNa minha entrada na UFPel, foi um dos primeiros lugares que me senti acolhido pelas diversidades. Por ser cotista pensei que poderia ser escanteado (devido ao cen\u00e1rio atual), mas isso caiu por terra quando vi a mobiliza\u00e7\u00e3o e o acolhimento ao pessoal cotista, sempre prezando pelos m\u00ednimos detalhes para o esclarecimento de qualquer situa\u00e7\u00e3o que caso venha a ocorrer, tu possa saber por onde correr. Tenho pouco tempo de UFPel, mas percebo muita dedica\u00e7\u00e3o do pessoal da diversidade para dar apoio a quem chega e n\u00e3o sa<span style=\"font-size: 16px\">be o que fazer diante de algum fato desagrad\u00e1vel. Essa dedica\u00e7\u00e3o passa confian\u00e7a para quem chega, de um momento cr\u00edtico para as diversidades esse acolhimento \u00e9 cir\u00fargico e necess\u00e1rio\u201d, conta o estudante Maur\u00edcio Colina, calouro do curso de M\u00fasica \u2013 Composi\u00e7\u00e3o.<\/span><\/span><\/p>\n<div id=\"attachment_12335\" style=\"width: 332px\" class=\"wp-caption alignleft\"><a href=\"https:\/\/wp.ufpel.edu.br\/empauta\/files\/2019\/04\/56314619_827271350944431_3295439126735618048_n.jpg\"><img loading=\"lazy\" decoding=\"async\" aria-describedby=\"caption-attachment-12335\" class=\" wp-image-12335\" src=\"https:\/\/wp.ufpel.edu.br\/empauta\/files\/2019\/04\/56314619_827271350944431_3295439126735618048_n.jpg\" alt=\"\" width=\"322\" height=\"322\" srcset=\"https:\/\/wp.ufpel.edu.br\/empauta\/files\/2019\/04\/56314619_827271350944431_3295439126735618048_n.jpg 780w, https:\/\/wp.ufpel.edu.br\/empauta\/files\/2019\/04\/56314619_827271350944431_3295439126735618048_n-159x159.jpg 159w, https:\/\/wp.ufpel.edu.br\/empauta\/files\/2019\/04\/56314619_827271350944431_3295439126735618048_n-318x318.jpg 318w, https:\/\/wp.ufpel.edu.br\/empauta\/files\/2019\/04\/56314619_827271350944431_3295439126735618048_n-768x768.jpg 768w, https:\/\/wp.ufpel.edu.br\/empauta\/files\/2019\/04\/56314619_827271350944431_3295439126735618048_n-160x160.jpg 160w, https:\/\/wp.ufpel.edu.br\/empauta\/files\/2019\/04\/56314619_827271350944431_3295439126735618048_n-320x320.jpg 320w\" sizes=\"auto, (max-width: 322px) 100vw, 322px\" \/><\/a><p id=\"caption-attachment-12335\" class=\"wp-caption-text\">Alunos da Educa\u00e7\u00e3o F\u00edsica participam tamb\u00e9m participam da campanha. Imagem: Divulga\u00e7\u00e3o\/NUAAD<\/p><\/div>\n<p style=\"text-align: justify\"><span style=\"font-weight: 400\">Em conversa com alguns alunos negros da UFPel, nota-se que em diversos casos, eles n\u00e3o t\u00eam conhecimento da exist\u00eancia do NUAAD, e muitos deles comentam sobre falta de circula\u00e7\u00e3o de informa\u00e7\u00f5es que mostre os trabalhos feitos nas quest\u00f5es que tratam sobre a diversidade. \u201cAcho que a UFPel lida bem com a diversidade mas talvez pudesse haver mais programas relacionados a isso ou caso j\u00e1 tenha, uma maior divulga\u00e7\u00e3o\u201d, comenta a estudante de Farm\u00e1cia, Iesa Martins.<\/span><\/p>\n<p style=\"text-align: justify\"><span style=\"font-weight: 400\">Segundo Rosemar, com estas fotos tamb\u00e9m \u00e9 poss\u00edvel notar a import\u00e2ncia da Comiss\u00e3o de Heteroidentifica\u00e7\u00e3o, que atua na UFPel desde o segundo semestre de 2016 no acesso dos alunos aos cursos de Gradua\u00e7\u00e3o e P\u00f3s-Gradua\u00e7\u00e3o. A Comiss\u00e3o de Controle na Identifica\u00e7\u00e3o do Componente-\u00c9tnico-racial (CCICE) atua como respons\u00e1vel na avalia\u00e7\u00e3o dos candidatos \u00e0s cotas raciais, evitando fraudes nestas vagas. <\/span><\/p>\n","protected":false},"excerpt":{"rendered":"<p>Promovida pelo N\u00facleo de A\u00e7\u00f5es Afirmativas e Diversidade da UFPel (NUAAD), a campanha \u2018A cor da UFPel\u2019 tem como principal objetivo dar visibilidade \u00e0 diversidade \u00e9tnica presente na institui\u00e7\u00e3o, no ano em que a Universidade Federal de Pelotas comemora os seus 50 anos. A campanha prop\u00f5e o envio de fotografias por parte dos alunos, professores e servidores da UFPel com seus colegas de variadas etnias em ambiente acad\u00eamico ou at\u00e9 mesmo em algum transporte da institui\u00e7\u00e3o.<\/p>\n","protected":false},"author":587,"featured_media":12334,"comment_status":"closed","ping_status":"closed","sticky":false,"template":"","format":"standard","meta":{"jetpack_post_was_ever_published":false,"_jetpack_newsletter_access":"","_jetpack_dont_email_post_to_subs":false,"_jetpack_newsletter_tier_id":0,"_jetpack_memberships_contains_paywalled_content":false,"_jetpack_memberships_contains_paid_content":false,"footnotes":"","jetpack_publicize_message":"","jetpack_publicize_feature_enabled":true,"jetpack_social_post_already_shared":true,"jetpack_social_options":{"image_generator_settings":{"template":"highway","default_image_id":0,"font":"","enabled":false},"version":2}},"categories":[9],"tags":[382,383,309],"class_list":["post-12333","post","type-post","status-publish","format-standard","has-post-thumbnail","hentry","category-geral","tag-a-cor-da-ufpel","tag-diversidade","tag-roberta-muniz"],"jetpack_publicize_connections":[],"jetpack_featured_media_url":"https:\/\/wp.ufpel.edu.br\/empauta\/files\/2019\/04\/55807376_826869590984607_3410871165999120384_n.jpg","jetpack_sharing_enabled":true,"jetpack_shortlink":"https:\/\/wp.me\/p6Xvzq-3cV","jetpack-related-posts":[{"id":7907,"url":"https:\/\/wp.ufpel.edu.br\/empauta\/a-ufpel-possui-um-observatorio-de-genero-e-diversidade-voce-sabia\/","url_meta":{"origin":12333,"position":0},"title":"A UFPel possui um Observat\u00f3rio de G\u00eanero e Diversidade, voc\u00ea sabia?","author":"Em Pauta","date":"03\/05\/2016","format":false,"excerpt":"Por: Al\u00e9xia Tavares e Ingrid D'Avila \u00a0\u00a0 O observat\u00f3rio de G\u00eanero e Diversidade da UFPel foi criado em 2014 a partir de uma iniciativa da Pr\u00f3-Reitoria de Extens\u00e3o e Cultura da universidade e de demandas da comunidade externa \u00e0 UFPel, com o objetivo de formar um espa\u00e7o de aproxima\u00e7\u00e3o entre\u2026","rel":"","context":"Em &quot;Educa\u00e7\u00e3o&quot;","block_context":{"text":"Educa\u00e7\u00e3o","link":"https:\/\/wp.ufpel.edu.br\/empauta\/category\/todos\/educacao\/"},"img":{"alt_text":"","src":"https:\/\/i0.wp.com\/wp.ufpel.edu.br\/empauta\/files\/2016\/05\/PL2.png?resize=350%2C200&ssl=1","width":350,"height":200,"srcset":"https:\/\/i0.wp.com\/wp.ufpel.edu.br\/empauta\/files\/2016\/05\/PL2.png?resize=350%2C200&ssl=1 1x, https:\/\/i0.wp.com\/wp.ufpel.edu.br\/empauta\/files\/2016\/05\/PL2.png?resize=525%2C300&ssl=1 1.5x, https:\/\/i0.wp.com\/wp.ufpel.edu.br\/empauta\/files\/2016\/05\/PL2.png?resize=700%2C400&ssl=1 2x"},"classes":[]},{"id":11778,"url":"https:\/\/wp.ufpel.edu.br\/empauta\/foto-coletiva-dos-negros-e-negras-da-ufpel-sera-realizada-nesta-terca\/","url_meta":{"origin":12333,"position":1},"title":"Foto coletiva dos negros e negras da UFPEL ser\u00e1 realizada nesta ter\u00e7a","author":"Em Pauta","date":"19\/11\/2018","format":false,"excerpt":"Por Roberta Muniz Na pr\u00f3xima ter\u00e7a (20), ir\u00e1 ser realizada na UFPEL uma foto coletiva dos alunos negros e negras da institui\u00e7\u00e3o. O encontro est\u00e1 marcado para \u00e0s 13h, pr\u00f3ximo \u00e0 cantina do Campus Anglo. A foto coletiva \u00e9 intitulada \u201cLegado Negro\u201d e \u00e9 mais um evento em celebra\u00e7\u00e3o do\u2026","rel":"","context":"Em &quot;Geral&quot;","block_context":{"text":"Geral","link":"https:\/\/wp.ufpel.edu.br\/empauta\/category\/todos\/geral\/"},"img":{"alt_text":"","src":"https:\/\/i0.wp.com\/wp.ufpel.edu.br\/empauta\/files\/2018\/11\/924679-latinidades-9247-e1525723959824.jpg?resize=350%2C200&ssl=1","width":350,"height":200,"srcset":"https:\/\/i0.wp.com\/wp.ufpel.edu.br\/empauta\/files\/2018\/11\/924679-latinidades-9247-e1525723959824.jpg?resize=350%2C200&ssl=1 1x, https:\/\/i0.wp.com\/wp.ufpel.edu.br\/empauta\/files\/2018\/11\/924679-latinidades-9247-e1525723959824.jpg?resize=525%2C300&ssl=1 1.5x, https:\/\/i0.wp.com\/wp.ufpel.edu.br\/empauta\/files\/2018\/11\/924679-latinidades-9247-e1525723959824.jpg?resize=700%2C400&ssl=1 2x"},"classes":[]},{"id":10259,"url":"https:\/\/wp.ufpel.edu.br\/empauta\/1o-congresso-de-genero-e-diversidade-sexual-e-realizado-em-pelotas\/","url_meta":{"origin":12333,"position":2},"title":"1\u00ba Congresso de G\u00eanero e Diversidade Sexual \u00e9 realizado em Pelotas","author":"Em Pauta","date":"10\/11\/2017","format":false,"excerpt":"Por Ana Maria de Oliveira Entre os dias 6 e 9 de novembro, ocorreu na cidade o 1\u00b0 CONGEN, Congresso de G\u00eanero e Diversidade Sexual, em uma parceria do N\u00facleo de G\u00eanero e Diversidade da UFPel com a IV Jornada da Diversidade Sexual - evento bienal promovido pelo Instituto de\u2026","rel":"","context":"Em &quot;Cultura e Entretenimento&quot;","block_context":{"text":"Cultura e Entretenimento","link":"https:\/\/wp.ufpel.edu.br\/empauta\/category\/todos\/culturaeentretenimento\/"},"img":{"alt_text":"","src":"https:\/\/i0.wp.com\/wp.ufpel.edu.br\/empauta\/files\/2017\/11\/imagem-1.jpg?resize=350%2C200&ssl=1","width":350,"height":200,"srcset":"https:\/\/i0.wp.com\/wp.ufpel.edu.br\/empauta\/files\/2017\/11\/imagem-1.jpg?resize=350%2C200&ssl=1 1x, https:\/\/i0.wp.com\/wp.ufpel.edu.br\/empauta\/files\/2017\/11\/imagem-1.jpg?resize=525%2C300&ssl=1 1.5x"},"classes":[]},{"id":8814,"url":"https:\/\/wp.ufpel.edu.br\/empauta\/mostra-de-cinema-e-diversidade-acontece-na-ufpel\/","url_meta":{"origin":12333,"position":3},"title":"Mostra de Cinema e Diversidade acontece na UFPel","author":"Em Pauta","date":"03\/10\/2016","format":false,"excerpt":"Por: Estevan Garcia Entre os dias 06 e 08 de outubro, o Cine UFPel , em parceria com o Tamb\u00e9m Pelotas \u00a0\u2013 grupo que luta pela livre express\u00e3o sexual \u2013, realiza a Mostra Cinema e Diversidade. O evento ser\u00e1 realizado no Cine UFPEL - Pr\u00e9dio Lagoa Mirim. Rua Lobo da\u2026","rel":"","context":"Em &quot;Cultura e Entretenimento&quot;","block_context":{"text":"Cultura e Entretenimento","link":"https:\/\/wp.ufpel.edu.br\/empauta\/category\/todos\/culturaeentretenimento\/"},"img":{"alt_text":"Imagem: Divulga\u00e7\u00e3o","src":"https:\/\/i0.wp.com\/wp.ufpel.edu.br\/empauta\/files\/2016\/10\/Sem-t%C3%ADtulo-3.png?resize=350%2C200&ssl=1","width":350,"height":200,"srcset":"https:\/\/i0.wp.com\/wp.ufpel.edu.br\/empauta\/files\/2016\/10\/Sem-t%C3%ADtulo-3.png?resize=350%2C200&ssl=1 1x, https:\/\/i0.wp.com\/wp.ufpel.edu.br\/empauta\/files\/2016\/10\/Sem-t%C3%ADtulo-3.png?resize=525%2C300&ssl=1 1.5x"},"classes":[]},{"id":14420,"url":"https:\/\/wp.ufpel.edu.br\/empauta\/setembro-amarelo-a-campanha-de-prevencao-ao-suicidio\/","url_meta":{"origin":12333,"position":4},"title":"Setembro Amarelo: a campanha de preven\u00e7\u00e3o ao suic\u00eddio","author":"Em Pauta","date":"13\/09\/2021","format":false,"excerpt":"M\u00eas \u00e9 marcado por a\u00e7\u00f5es que buscam alertar a popula\u00e7\u00e3o sobre o suic\u00eddio no Brasil e no mundo por Helena Schuster e Victoria Meggiato \/ Em pauta O m\u00eas de setembro \u00e9 marcado por uma campanha muito importante mundialmente: Setembro Amarelo - m\u00eas de preven\u00e7\u00e3o ao suic\u00eddio. No Brasil, o\u2026","rel":"","context":"Em &quot;Ci\u00eancia e Tecnologia&quot;","block_context":{"text":"Ci\u00eancia e Tecnologia","link":"https:\/\/wp.ufpel.edu.br\/empauta\/category\/todos\/cienciaetecnologia\/"},"img":{"alt_text":"","src":"https:\/\/i0.wp.com\/wp.ufpel.edu.br\/empauta\/files\/2021\/09\/SETEMBROAMARELOBANNER.png?resize=350%2C200&ssl=1","width":350,"height":200,"srcset":"https:\/\/i0.wp.com\/wp.ufpel.edu.br\/empauta\/files\/2021\/09\/SETEMBROAMARELOBANNER.png?resize=350%2C200&ssl=1 1x, https:\/\/i0.wp.com\/wp.ufpel.edu.br\/empauta\/files\/2021\/09\/SETEMBROAMARELOBANNER.png?resize=525%2C300&ssl=1 1.5x, https:\/\/i0.wp.com\/wp.ufpel.edu.br\/empauta\/files\/2021\/09\/SETEMBROAMARELOBANNER.png?resize=700%2C400&ssl=1 2x"},"classes":[]},{"id":8380,"url":"https:\/\/wp.ufpel.edu.br\/empauta\/aconteceu-na-ufpel-o-primeiro-simposio-de-genero-e-diversidade\/","url_meta":{"origin":12333,"position":5},"title":"Aconteceu na UFPel o primeiro Simp\u00f3sio de g\u00eanero e diversidade.","author":"Em Pauta","date":"19\/07\/2016","format":false,"excerpt":"","rel":"","context":"Em &quot;EmPauta na TV&quot;","block_context":{"text":"EmPauta na TV","link":"https:\/\/wp.ufpel.edu.br\/empauta\/category\/empauta-na-tv\/"},"img":{"alt_text":"","src":"https:\/\/i0.wp.com\/img.youtube.com\/vi\/iFXUdkYVyJc\/0.jpg?resize=350%2C200","width":350,"height":200},"classes":[]}],"_links":{"self":[{"href":"https:\/\/wp.ufpel.edu.br\/empauta\/wp-json\/wp\/v2\/posts\/12333","targetHints":{"allow":["GET"]}}],"collection":[{"href":"https:\/\/wp.ufpel.edu.br\/empauta\/wp-json\/wp\/v2\/posts"}],"about":[{"href":"https:\/\/wp.ufpel.edu.br\/empauta\/wp-json\/wp\/v2\/types\/post"}],"author":[{"embeddable":true,"href":"https:\/\/wp.ufpel.edu.br\/empauta\/wp-json\/wp\/v2\/users\/587"}],"replies":[{"embeddable":true,"href":"https:\/\/wp.ufpel.edu.br\/empauta\/wp-json\/wp\/v2\/comments?post=12333"}],"version-history":[{"count":4,"href":"https:\/\/wp.ufpel.edu.br\/empauta\/wp-json\/wp\/v2\/posts\/12333\/revisions"}],"predecessor-version":[{"id":12340,"href":"https:\/\/wp.ufpel.edu.br\/empauta\/wp-json\/wp\/v2\/posts\/12333\/revisions\/12340"}],"wp:featuredmedia":[{"embeddable":true,"href":"https:\/\/wp.ufpel.edu.br\/empauta\/wp-json\/wp\/v2\/media\/12334"}],"wp:attachment":[{"href":"https:\/\/wp.ufpel.edu.br\/empauta\/wp-json\/wp\/v2\/media?parent=12333"}],"wp:term":[{"taxonomy":"category","embeddable":true,"href":"https:\/\/wp.ufpel.edu.br\/empauta\/wp-json\/wp\/v2\/categories?post=12333"},{"taxonomy":"post_tag","embeddable":true,"href":"https:\/\/wp.ufpel.edu.br\/empauta\/wp-json\/wp\/v2\/tags?post=12333"}],"curies":[{"name":"wp","href":"https:\/\/api.w.org\/{rel}","templated":true}]}}