{"id":11631,"date":"2018-10-30T11:54:52","date_gmt":"2018-10-30T14:54:52","guid":{"rendered":"https:\/\/wp.ufpel.edu.br\/empauta\/?p=11631"},"modified":"2018-10-30T11:56:09","modified_gmt":"2018-10-30T14:56:09","slug":"os-desafios-dos-musicos-tradicionalistas-na-atualidade","status":"publish","type":"post","link":"https:\/\/wp.ufpel.edu.br\/empauta\/os-desafios-dos-musicos-tradicionalistas-na-atualidade\/","title":{"rendered":"Os desafios dos m\u00fasicos tradicionalistas na atualidade"},"content":{"rendered":"<div id=\"attachment_11632\" style=\"width: 1290px\" class=\"wp-caption aligncenter\"><a href=\"https:\/\/wp.ufpel.edu.br\/empauta\/files\/2018\/10\/1.jpg\"><img loading=\"lazy\" decoding=\"async\" aria-describedby=\"caption-attachment-11632\" class=\"wp-image-11632 size-full\" src=\"https:\/\/wp.ufpel.edu.br\/empauta\/files\/2018\/10\/1.jpg\" alt=\"\" width=\"1280\" height=\"853\" srcset=\"https:\/\/wp.ufpel.edu.br\/empauta\/files\/2018\/10\/1.jpg 1280w, https:\/\/wp.ufpel.edu.br\/empauta\/files\/2018\/10\/1-212x141.jpg 212w, https:\/\/wp.ufpel.edu.br\/empauta\/files\/2018\/10\/1-424x283.jpg 424w, https:\/\/wp.ufpel.edu.br\/empauta\/files\/2018\/10\/1-768x512.jpg 768w\" sizes=\"auto, (max-width: 1280px) 100vw, 1280px\" \/><\/a><p id=\"caption-attachment-11632\" class=\"wp-caption-text\">A dupla C\u00e9sar Oliveira e Rog\u00e9rio Melo durante apresenta\u00e7\u00e3o na 92\u00ba Expofeira de Pelotas. Foto: Rafaela Dutra<\/p><\/div>\n<p style=\"text-align: right\"><em>Por Rafaela Dutra e Samira Silveira<\/em><\/p>\n<p style=\"text-align: justify\">H\u00e1 20 anos os ga\u00fachos C\u00e9sar Oliveira, de Itaqui, e Rog\u00e9rio Melo, de S\u00e3o Gabriel, formam uma das duplas mais renomadas do cen\u00e1rio da m\u00fasica tradicionalista. De l\u00e1 pra c\u00e1, foram lan\u00e7ados mais de 10 CDs e 3 DVDs, sendo um deles finalista do Latin Grammy Awards em 2014. A dupla que esteve na 92\u00b0 Expofeira de Pelotas no dia 13 de outubro e falou com a gente sobre a carreira e os planos para o futuro.<\/p>\n<p style=\"text-align: justify\">Sobre dar in\u00edcio as comemora\u00e7\u00f5es do 20\u00ba anivers\u00e1rio, Rog\u00e9rio ressalta a import\u00e2ncia de uma comemora\u00e7\u00e3o que integre o p\u00fablico que acompanha a sua carreira: <em>\u201cN\u00f3s estamos buscando uma maneira de integrar o repertorio, integrar o nosso p\u00fablico, pessoas que nos acompanham nesse tempo todo, que s\u00e3o muito importantes pra n\u00f3s&#8230; Vamos achar uma maneira bonita de comemorar junto com todo o nosso p\u00fablico\u201d. <\/em>O dueto neste ano \u00e9 participante do Desafio Farroupilha, quadro do Jornal do Almo\u00e7o (RBS TV), que tem como tema \u201cOlhos do Cora\u00e7\u00e3o\u201d, que ressalta a import\u00e2ncia da inclus\u00e3o de pessoas com defici\u00eancias nas nossas tradi\u00e7\u00f5es. No elenco deste ano a dupla conta com Natalia Guastuci, a gaiteira<strong> rio-grandina <\/strong>que \u00e9 deficiente visual e est\u00e1 servindo como inspira\u00e7\u00e3o para o desafio. <em>\u201cPara n\u00f3s est\u00e1 sendo bastante emocionante, bastante diferente, por esse ano se tratar da inclus\u00e3o. A nossa \u201catriz\u201d principal \u00e9 uma mo\u00e7a deficiente visual, a Natalia tem uma participa\u00e7\u00e3o fundamental dentro do projeto esse ano, com outras v\u00e1rias pessoas que integram esse desafio\u201d, <\/em>conta Rog\u00e9rio. <em>\u201cA demonstra\u00e7\u00e3o da cultura, quando a gente fala sobre invernadas art\u00edsticas ou qualquer arte, musica, tudo \u00e9 exerc\u00edcio para a mente e para o corpo essa nossa parte cultural ela ajuda muito as pessoas, no caso da Natalia mesmo que ela gaiteira, e a invernada tropeiros de ouro negro eles v\u00e3o ter que dan\u00e7ar de olhos vendados e ela vai ter que dan\u00e7ar com eles, esse vai ser o desafio l\u00e1 no ENART\u201d, conclui C\u00e9sar.<\/em><\/p>\n<p style=\"text-align: justify\"><a href=\"https:\/\/wp.ufpel.edu.br\/empauta\/files\/2018\/10\/3.jpg\"><img loading=\"lazy\" decoding=\"async\" class=\"alignleft size-medium wp-image-11633\" src=\"https:\/\/wp.ufpel.edu.br\/empauta\/files\/2018\/10\/3-424x283.jpg\" alt=\"\" width=\"424\" height=\"283\" srcset=\"https:\/\/wp.ufpel.edu.br\/empauta\/files\/2018\/10\/3-424x283.jpg 424w, https:\/\/wp.ufpel.edu.br\/empauta\/files\/2018\/10\/3-212x141.jpg 212w, https:\/\/wp.ufpel.edu.br\/empauta\/files\/2018\/10\/3-768x512.jpg 768w, https:\/\/wp.ufpel.edu.br\/empauta\/files\/2018\/10\/3.jpg 1280w\" sizes=\"auto, (max-width: 424px) 100vw, 424px\" \/><\/a>Falaram ainda sobre a luta constante de se manter como artistas tradicionalistas a tanto tempo. Para Cesar a internet como meio de divulga\u00e7\u00e3o \u00e9 pe\u00e7a importante para fazer com que as pessoas estejam sempre em contato com a dupla, mas isso n\u00e3o garante o sucesso, j\u00e1 que a m\u00fasica ga\u00facha \u00e9 restrita um p\u00fablico especifico: <em>\u201cA m\u00fasica ga\u00facha de certa forma est\u00e1 lutando hoje, incansavelmente porque o teor dela \u00e9 bem regionalista e isto \u00e9 muito dif\u00edcil, num pa\u00eds t\u00e3o grande como nosso se manter. Os meios atuais de divulga\u00e7\u00e3o eles podem facilitar de alguma forma, mas para musica regionalista em si aqui no Estado ela se torna um pouco dif\u00edcil porque n\u00f3s realmente somos restritos as pessoas conhecerem o nosso estilo musical e a linguagem que n\u00f3s usamos\u201d. <\/em>O cantor comanda o projeto de apadrinhamento de novos talentos ga\u00fachos com o objetivo de buscar a renova\u00e7\u00e3o no meio musical.<em> \u201c\u00c9 muito dif\u00edcil o acesso pra pessoas que est\u00e3o come\u00e7ando, porque se tu n\u00e3o der o ponta p\u00e9 inicial tu n\u00e3o come\u00e7a nunca ne? Ent\u00e3o a gente se coloca no lugar do contratante, o porqu\u00ea de contratar um novo talento, uma pessoa que n\u00e3o tem nome, se torna muito dif\u00edcil\u201d,<\/em> ressalta Rog\u00e9rio.<\/p>\n<p style=\"text-align: justify\">O dueto, que promete novidades para 2019, destaca que o principal incentivo para se manter na profiss\u00e3o \u00e9 o amor pela m\u00fasica e pela tradi\u00e7\u00e3o. Para C\u00e9sar, <em>\u201c\u00e9 muito importante o orgulho que n\u00f3s temos de ser ga\u00facho, mas n\u00e3o na quest\u00e3o do bairrismo em si, mas \u00e9 um orgulho realmente pr\u00f3prio, porque um povo que tem uma identidade cultural todo mundo deve se orgulhar disso\u201d.<\/em><\/p>\n<p style=\"text-align: justify\">\n","protected":false},"excerpt":{"rendered":"<p>  A dupla regionalista fala sobre a import\u00e2ncia da valoriza\u00e7\u00e3o das tradi\u00e7\u00f5es<\/p>\n","protected":false},"author":587,"featured_media":11632,"comment_status":"closed","ping_status":"closed","sticky":false,"template":"","format":"standard","meta":{"jetpack_post_was_ever_published":false,"_jetpack_newsletter_access":"","_jetpack_dont_email_post_to_subs":false,"_jetpack_newsletter_tier_id":0,"_jetpack_memberships_contains_paywalled_content":false,"_jetpack_memberships_contains_paid_content":false,"footnotes":"","jetpack_publicize_message":"","jetpack_publicize_feature_enabled":true,"jetpack_social_post_already_shared":true,"jetpack_social_options":{"image_generator_settings":{"template":"highway","default_image_id":0,"font":"","enabled":false},"version":2}},"categories":[204],"tags":[346,361],"class_list":["post-11631","post","type-post","status-publish","format-standard","has-post-thumbnail","hentry","category-culturaeentretenimento","tag-rafaela-dutra","tag-samira-silveira"],"jetpack_publicize_connections":[],"jetpack_featured_media_url":"https:\/\/wp.ufpel.edu.br\/empauta\/files\/2018\/10\/1.jpg","jetpack_sharing_enabled":true,"jetpack_shortlink":"https:\/\/wp.me\/p6Xvzq-31B","jetpack-related-posts":[{"id":14635,"url":"https:\/\/wp.ufpel.edu.br\/empauta\/expofeira-de-pelotas-e-marcada-pela-retomada-do-publico\/","url_meta":{"origin":11631,"position":0},"title":"Expofeira de Pelotas \u00e9 marcada pela retomada do p\u00fablico","author":"Em Pauta","date":"07\/10\/2021","format":false,"excerpt":"Feira acontece em formato h\u00edbrido at\u00e9 domingo (10\/10) Por Victoria Meggiato\/ Em Pauta A 95\u00ba Expofeira de Pelotas come\u00e7ou na segunda-feira (4) e se estende at\u00e9 o pr\u00f3ximo domingo (10) no Parque Ildefonso Sim\u00f5es Lopes, na Associa\u00e7\u00e3o Rural de Pelotas. Neste ano, o evento est\u00e1 sendo realizado em formato h\u00edbrido,\u2026","rel":"","context":"Em &quot;Cultura e Entretenimento&quot;","block_context":{"text":"Cultura e Entretenimento","link":"https:\/\/wp.ufpel.edu.br\/empauta\/category\/todos\/culturaeentretenimento\/"},"img":{"alt_text":"","src":"https:\/\/i0.wp.com\/wp.ufpel.edu.br\/empauta\/files\/2021\/10\/WhatsApp-Image-2021-10-07-at-13.20.07.jpeg?resize=350%2C200&ssl=1","width":350,"height":200,"srcset":"https:\/\/i0.wp.com\/wp.ufpel.edu.br\/empauta\/files\/2021\/10\/WhatsApp-Image-2021-10-07-at-13.20.07.jpeg?resize=350%2C200&ssl=1 1x, https:\/\/i0.wp.com\/wp.ufpel.edu.br\/empauta\/files\/2021\/10\/WhatsApp-Image-2021-10-07-at-13.20.07.jpeg?resize=525%2C300&ssl=1 1.5x, https:\/\/i0.wp.com\/wp.ufpel.edu.br\/empauta\/files\/2021\/10\/WhatsApp-Image-2021-10-07-at-13.20.07.jpeg?resize=700%2C400&ssl=1 2x, https:\/\/i0.wp.com\/wp.ufpel.edu.br\/empauta\/files\/2021\/10\/WhatsApp-Image-2021-10-07-at-13.20.07.jpeg?resize=1050%2C600&ssl=1 3x, https:\/\/i0.wp.com\/wp.ufpel.edu.br\/empauta\/files\/2021\/10\/WhatsApp-Image-2021-10-07-at-13.20.07.jpeg?resize=1400%2C800&ssl=1 4x"},"classes":[]},{"id":11306,"url":"https:\/\/wp.ufpel.edu.br\/empauta\/de-quem-sao-as-vozes-na-praca-coronel-pedro-osorio-aos-sabados\/","url_meta":{"origin":11631,"position":1},"title":"De quem s\u00e3o as vozes na Pra\u00e7a Coronel Pedro Os\u00f3rio aos s\u00e1bados?","author":"Em Pauta","date":"14\/09\/2018","format":false,"excerpt":"Por Jessica Alves, J\u00e9ssica Lopes, J\u00falia Gon\u00e7alves, Nathianni Gomes, Rafaela Dutra Quem passa pela Pra\u00e7a Coronel Pedro Os\u00f3rio nos s\u00e1bados \u00e0 tarde certamente j\u00e1 notou uma movimenta\u00e7\u00e3o at\u00edpica por ali. Uma grande concentra\u00e7\u00e3o de jovens dispostos, em uma roda de conversa, cantando e dan\u00e7ando. Esse \u00e9 o Pelotas Para Ti\u2026","rel":"","context":"Em &quot;Cultura e Entretenimento&quot;","block_context":{"text":"Cultura e Entretenimento","link":"https:\/\/wp.ufpel.edu.br\/empauta\/category\/todos\/culturaeentretenimento\/"},"img":{"alt_text":"","src":"https:\/\/i0.wp.com\/wp.ufpel.edu.br\/empauta\/files\/2018\/09\/IMG-20180909-WA0068.jpg?resize=350%2C200&ssl=1","width":350,"height":200,"srcset":"https:\/\/i0.wp.com\/wp.ufpel.edu.br\/empauta\/files\/2018\/09\/IMG-20180909-WA0068.jpg?resize=350%2C200&ssl=1 1x, https:\/\/i0.wp.com\/wp.ufpel.edu.br\/empauta\/files\/2018\/09\/IMG-20180909-WA0068.jpg?resize=525%2C300&ssl=1 1.5x, https:\/\/i0.wp.com\/wp.ufpel.edu.br\/empauta\/files\/2018\/09\/IMG-20180909-WA0068.jpg?resize=700%2C400&ssl=1 2x, https:\/\/i0.wp.com\/wp.ufpel.edu.br\/empauta\/files\/2018\/09\/IMG-20180909-WA0068.jpg?resize=1050%2C600&ssl=1 3x"},"classes":[]},{"id":9655,"url":"https:\/\/wp.ufpel.edu.br\/empauta\/balada-para-lennon-e-mccartney\/","url_meta":{"origin":11631,"position":2},"title":"Balada para Lennon e McCartney","author":"Em Pauta","date":"06\/07\/2017","format":false,"excerpt":"por Douglas Dutra 6 de julho de 1957. Seria um dia comum na hist\u00f3ria da humanidade, n\u00e3o fosse por um simples encontro entre dois adolescentes ingleses de 17 e 15 anos. Em comum, a m\u00fasica. De diferente, todo o resto. Separados por classes sociais e estilos diferentes. Sequer eram capazes\u2026","rel":"","context":"Em &quot;Cultura e Entretenimento&quot;","block_context":{"text":"Cultura e Entretenimento","link":"https:\/\/wp.ufpel.edu.br\/empauta\/category\/todos\/culturaeentretenimento\/"},"img":{"alt_text":"","src":"https:\/\/i0.wp.com\/wp.ufpel.edu.br\/empauta\/files\/2017\/07\/lennon-mccartney.jpg?resize=350%2C200&ssl=1","width":350,"height":200,"srcset":"https:\/\/i0.wp.com\/wp.ufpel.edu.br\/empauta\/files\/2017\/07\/lennon-mccartney.jpg?resize=350%2C200&ssl=1 1x, https:\/\/i0.wp.com\/wp.ufpel.edu.br\/empauta\/files\/2017\/07\/lennon-mccartney.jpg?resize=525%2C300&ssl=1 1.5x, https:\/\/i0.wp.com\/wp.ufpel.edu.br\/empauta\/files\/2017\/07\/lennon-mccartney.jpg?resize=700%2C400&ssl=1 2x, https:\/\/i0.wp.com\/wp.ufpel.edu.br\/empauta\/files\/2017\/07\/lennon-mccartney.jpg?resize=1050%2C600&ssl=1 3x"},"classes":[]},{"id":12031,"url":"https:\/\/wp.ufpel.edu.br\/empauta\/brasil-falha-na-tentativa-de-disputar-fase-final-da-copa-davis-2019\/","url_meta":{"origin":11631,"position":3},"title":"Brasil falha na tentativa de disputar fase final da Copa Davis 2019","author":"Em Pauta","date":"07\/02\/2019","format":false,"excerpt":"Por Lu\u00eds Artur Janes Silva No \u00faltimo final de semana, mais precisamente nos dias 1 e 2 de fevereiro, o Brasil entrou na quadra de t\u00eanis criada nas depend\u00eancias da Arena Sabiazinho, na cidade de Uberl\u00e2ndia (MG), para enfrentar a B\u00e9lgica, na decis\u00e3o de uma vaga na fase final da\u2026","rel":"","context":"Em &quot;Esportes&quot;","block_context":{"text":"Esportes","link":"https:\/\/wp.ufpel.edu.br\/empauta\/category\/todos\/esportes\/"},"img":{"alt_text":"","src":"https:\/\/i0.wp.com\/wp.ufpel.edu.br\/empauta\/files\/2019\/02\/monteiro_vence_davis.jpg?resize=350%2C200&ssl=1","width":350,"height":200,"srcset":"https:\/\/i0.wp.com\/wp.ufpel.edu.br\/empauta\/files\/2019\/02\/monteiro_vence_davis.jpg?resize=350%2C200&ssl=1 1x, https:\/\/i0.wp.com\/wp.ufpel.edu.br\/empauta\/files\/2019\/02\/monteiro_vence_davis.jpg?resize=525%2C300&ssl=1 1.5x, https:\/\/i0.wp.com\/wp.ufpel.edu.br\/empauta\/files\/2019\/02\/monteiro_vence_davis.jpg?resize=700%2C400&ssl=1 2x"},"classes":[]},{"id":7889,"url":"https:\/\/wp.ufpel.edu.br\/empauta\/doce-e-arte-uma-combinacao-que-ganhou-destaque-em-pelotas\/","url_meta":{"origin":11631,"position":4},"title":"Doce e Arte: uma combina\u00e7\u00e3o que ganhou destaque em Pelotas","author":"Em Pauta","date":"30\/04\/2016","format":false,"excerpt":"Por Caroline Lemos e \u00c9rika Dutra \u00a0 Em 2016 a Fenadoce chega aos 30 anos de hist\u00f3ria refor\u00e7ando seu potencial cultural e tur\u00edstico, que atrai quase 300 mil visitantes todos os anos. As atividades culturais, que est\u00e3o entre os principais atrativos, movimentam os dias de feira e prezam por dar\u2026","rel":"","context":"Em &quot;Cultura e Entretenimento&quot;","block_context":{"text":"Cultura e Entretenimento","link":"https:\/\/wp.ufpel.edu.br\/empauta\/category\/todos\/culturaeentretenimento\/"},"img":{"alt_text":" Banda Jow Ramon leva rock para a Fenadoce. (Foto: Divulga\u00e7\u00e3o)","src":"https:\/\/i0.wp.com\/wp.ufpel.edu.br\/empauta\/files\/2016\/04\/Foto-1-3-424x283.jpg?resize=350%2C200&ssl=1","width":350,"height":200},"classes":[]},{"id":11289,"url":"https:\/\/wp.ufpel.edu.br\/empauta\/moda-consciente-a-customizacao-em-alta\/","url_meta":{"origin":11631,"position":5},"title":"Moda consciente: a customiza\u00e7\u00e3o em alta","author":"Em Pauta","date":"12\/09\/2018","format":false,"excerpt":"Estudante trabalha com restaura\u00e7\u00e3o e customiza\u00e7\u00e3o","rel":"","context":"Em &quot;Geral&quot;","block_context":{"text":"Geral","link":"https:\/\/wp.ufpel.edu.br\/empauta\/category\/todos\/geral\/"},"img":{"alt_text":"","src":"https:\/\/i0.wp.com\/wp.ufpel.edu.br\/empauta\/files\/2018\/09\/Image-1.jpg?resize=350%2C200&ssl=1","width":350,"height":200,"srcset":"https:\/\/i0.wp.com\/wp.ufpel.edu.br\/empauta\/files\/2018\/09\/Image-1.jpg?resize=350%2C200&ssl=1 1x, https:\/\/i0.wp.com\/wp.ufpel.edu.br\/empauta\/files\/2018\/09\/Image-1.jpg?resize=525%2C300&ssl=1 1.5x, https:\/\/i0.wp.com\/wp.ufpel.edu.br\/empauta\/files\/2018\/09\/Image-1.jpg?resize=700%2C400&ssl=1 2x, https:\/\/i0.wp.com\/wp.ufpel.edu.br\/empauta\/files\/2018\/09\/Image-1.jpg?resize=1050%2C600&ssl=1 3x, https:\/\/i0.wp.com\/wp.ufpel.edu.br\/empauta\/files\/2018\/09\/Image-1.jpg?resize=1400%2C800&ssl=1 4x"},"classes":[]}],"_links":{"self":[{"href":"https:\/\/wp.ufpel.edu.br\/empauta\/wp-json\/wp\/v2\/posts\/11631","targetHints":{"allow":["GET"]}}],"collection":[{"href":"https:\/\/wp.ufpel.edu.br\/empauta\/wp-json\/wp\/v2\/posts"}],"about":[{"href":"https:\/\/wp.ufpel.edu.br\/empauta\/wp-json\/wp\/v2\/types\/post"}],"author":[{"embeddable":true,"href":"https:\/\/wp.ufpel.edu.br\/empauta\/wp-json\/wp\/v2\/users\/587"}],"replies":[{"embeddable":true,"href":"https:\/\/wp.ufpel.edu.br\/empauta\/wp-json\/wp\/v2\/comments?post=11631"}],"version-history":[{"count":2,"href":"https:\/\/wp.ufpel.edu.br\/empauta\/wp-json\/wp\/v2\/posts\/11631\/revisions"}],"predecessor-version":[{"id":11635,"href":"https:\/\/wp.ufpel.edu.br\/empauta\/wp-json\/wp\/v2\/posts\/11631\/revisions\/11635"}],"wp:featuredmedia":[{"embeddable":true,"href":"https:\/\/wp.ufpel.edu.br\/empauta\/wp-json\/wp\/v2\/media\/11632"}],"wp:attachment":[{"href":"https:\/\/wp.ufpel.edu.br\/empauta\/wp-json\/wp\/v2\/media?parent=11631"}],"wp:term":[{"taxonomy":"category","embeddable":true,"href":"https:\/\/wp.ufpel.edu.br\/empauta\/wp-json\/wp\/v2\/categories?post=11631"},{"taxonomy":"post_tag","embeddable":true,"href":"https:\/\/wp.ufpel.edu.br\/empauta\/wp-json\/wp\/v2\/tags?post=11631"}],"curies":[{"name":"wp","href":"https:\/\/api.w.org\/{rel}","templated":true}]}}