{"id":11357,"date":"2018-09-19T10:00:18","date_gmt":"2018-09-19T13:00:18","guid":{"rendered":"https:\/\/wp.ufpel.edu.br\/empauta\/?p=11357"},"modified":"2018-09-19T01:45:14","modified_gmt":"2018-09-19T04:45:14","slug":"coletivo-amu-movimento-underground-se-destaca-na-cena-pelotense","status":"publish","type":"post","link":"https:\/\/wp.ufpel.edu.br\/empauta\/coletivo-amu-movimento-underground-se-destaca-na-cena-pelotense\/","title":{"rendered":"Coletivo AMU: movimento underground se destaca na cena pelotense"},"content":{"rendered":"<p style=\"text-align: right\"><em><a href=\"https:\/\/wp.ufpel.edu.br\/empauta\/files\/2018\/09\/coletivo-p-pauta.jpg\"><img loading=\"lazy\" decoding=\"async\" class=\"size-medium wp-image-11358 alignleft\" src=\"https:\/\/wp.ufpel.edu.br\/empauta\/files\/2018\/09\/coletivo-p-pauta-318x318.jpg\" alt=\"\" width=\"318\" height=\"318\" srcset=\"https:\/\/wp.ufpel.edu.br\/empauta\/files\/2018\/09\/coletivo-p-pauta-318x318.jpg 318w, https:\/\/wp.ufpel.edu.br\/empauta\/files\/2018\/09\/coletivo-p-pauta-159x159.jpg 159w, https:\/\/wp.ufpel.edu.br\/empauta\/files\/2018\/09\/coletivo-p-pauta-768x768.jpg 768w, https:\/\/wp.ufpel.edu.br\/empauta\/files\/2018\/09\/coletivo-p-pauta-160x160.jpg 160w, https:\/\/wp.ufpel.edu.br\/empauta\/files\/2018\/09\/coletivo-p-pauta-320x320.jpg 320w, https:\/\/wp.ufpel.edu.br\/empauta\/files\/2018\/09\/coletivo-p-pauta.jpg 960w\" sizes=\"auto, (max-width: 318px) 100vw, 318px\" \/><\/a>Por <a href=\"https:\/\/wp.ufpel.edu.br\/empauta\/tag\/nathianni-gomes\/\">Nathianni Gomes<\/a><\/em><\/p>\n<p style=\"text-align: justify\">Criado na cidade de Pelotas, o Coletivo Apoie o Movimento Underground (AMU) tem como objetivo utilizar os espa\u00e7os p\u00fablicos para incentivar o acesso \u00e0 cultura, dar oportunidade aos artistas alternativos e, dessa maneira, promover debates importantes para a sociedade. Presente na forma de zine e de um programa de r\u00e1dio, o Coletivo est\u00e1 movimentando a cena cultural pelotense e dando voz aos artistas locais.<\/p>\n<p style=\"text-align: justify\">De acordo com o site oficial do AMU, o Coletivo apoia diretamente bandas de hardcore e realiza eventos com shows na rua que re\u00fanem diversos tipos de artistas e p\u00fablicos, vinculando-se a casas de shows alternativas e acess\u00edveis ao p\u00fablico.<\/p>\n<p style=\"text-align: justify\"><strong>Origem do movimento<\/strong><\/p>\n<p style=\"text-align: justify\">Historicamente, o movimento underground surgiu junto com o movimento de contracultura. Em uma tradu\u00e7\u00e3o literal, <i>underground<\/i> significa subterr\u00e2neo, que, em sentido figurado, associa-se a um movimento intelectual, libert\u00e1rio e art\u00edstico contr\u00e1rio \u00e0 cultura de massa.<\/p>\n<p style=\"text-align: justify\"><strong>Os integrantes do AMU<\/strong><\/p>\n<p style=\"text-align: justify\">De acordo com Maicon Rodrigues (28), um dos integrantes do Coletivo e da banda Suburban Stereotype: <b>\u201c<\/b><i>O\u00a0coletivo surgiu como um movimento de bandas, espa\u00e7os culturais e artistas independentes. Depois dos primeiros passos para formar um grupo grande, com um objetivo em comum, a\u00ed veio a ideia de ter um programa de r\u00e1dio como mais um espa\u00e7o para expressar tudo isso.<\/i><i>\u201d<\/i><\/p>\n<p style=\"text-align: justify\">Criado a partir da ideia de Douglas Jardim (35), baixista da banda Suburban Stereotype, e de Pedro Soler (22), vocalista da banda Marina\u2019s Found, o AMU tornou-se um movimento cultural que ganha cada vez mais destaque na cidade.<\/p>\n<p style=\"text-align: justify\">O programa de r\u00e1dio Coletivo AMU, vinculado \u00e0 R\u00e1dio Comunit\u00e1ria (Radiocom), est\u00e1 online todas as ter\u00e7as-feiras, \u00e0s 20h, na 104,5 FM. Douglas relata: <i>\u201cO programa, desde o in\u00edcio, tomou diversas formas de organiza\u00e7\u00e3o. Todos os integrantes do AMU participam da organiza\u00e7\u00e3o e a ancoragem foi sendo decidida aos poucos com as mudan\u00e7as que foram acontecendo.\u201d <\/i>No in\u00edcio, h\u00e1 cerca de um ano, a ancoragem era feita por Maicon Rodrigues, mas com a sa\u00edda dele Douglas passou a substitu\u00ed-lo.<\/p>\n<p style=\"text-align: justify\">A organiza\u00e7\u00e3o conta com Vinicius Lemes, roteirista da HQ Lado Negro da Pra\u00e7a, Lucas Consentins, Jocemar Daniel, Mateus Daldon e Arthur Gros. Al\u00e9m disso, o programa tem um rod\u00edzio de apresentadores, caracterizando por uma pluralidade cultural.<\/p>\n<p style=\"text-align: justify\">Quanto aos temas abordados, Douglas diz que disp\u00f5e de apenas duas pautas fixas por conta do tempo limitado de programa (1h de dura\u00e7\u00e3o). As pautas s\u00e3o apresentadas no quadro Proteste e no quadro Undernews. O primeiro, visa trazer convidados e integrantes do Coletivo para discutir sobre algum protesto ocorrido em algum lugar do planeta. O segundo, traz o lan\u00e7amento de algum disco, clipe ou exposi\u00e7\u00f5es de artistas do cen\u00e1rio underground.<\/p>\n<p style=\"text-align: justify\">Quando perguntado sobre a import\u00e2ncia de ter a programa\u00e7\u00e3o no ar, ele afirma que o maior desafio \u00e9 conseguir tornar esse espa\u00e7o atrativo para os ouvintes, at\u00e9 mesmo porque todos os integrantes que est\u00e3o constantemente na r\u00e1dio n\u00e3o possuem forma\u00e7\u00e3o em Jornalismo ou Radiojornalismo, exceto ele, que costuma se \u201caventurar\u201d ao encarar algumas disciplinas do curso.<\/p>\n<p style=\"text-align: justify\">Douglas agradece a oportunidade concedida pela emissora de r\u00e1dio: <i>\u201cQuando a RadioCom 104.5 FM nos abriu espa\u00e7o para ter o programa, sab\u00edamos do total comprometimento que ter\u00edamos, n\u00e3o apenas com o Coletivo, mas tamb\u00e9m com a imagem da r\u00e1dio, e valorizamos isso a cada dia.\u201d<\/i><\/p>\n<p style=\"text-align: justify\"><strong>Evento<\/strong><\/p>\n<p style=\"text-align: justify\">O <a href=\"https:\/\/www.facebook.com\/coletivoamu\/\">pr\u00f3ximo evento<\/a> est\u00e1 marcado para o 19 de setembro no Diabluras, \u00e0s 21h, rua F\u00e9lix da Cunha, 954. O <i>Mistureba,<\/i> reunir\u00e1 diversas atra\u00e7\u00f5es e uma variedade de estilos musicais. Chorinho, com o grupo Chorei sem querer; rap, com o artista Mano Rick; de pop punk, com a banda Marina\u2019s Found; hardcore mel\u00f3dico, com a banda porto alegrense 69 Enfermos; al\u00e9m de reggae, com a banda Sinais de Fuma\u00e7a.<\/p>\n<p style=\"text-align: justify\">Participa\u00e7\u00f5es:<\/p>\n<p style=\"text-align: justify\">&#8211; MUGRA COMIX &#8211; Zines<br \/>\n&#8211; Vinicius Lemes (HQ) O Lado negro da Pra\u00e7a<br \/>\n&#8211; Daldon &#8211; Flash Tattoo<\/p>\n<p style=\"text-align: justify\">Entrada: R$15,00 mais 1kg de alimento n\u00e3o perec\u00edvel.<\/p>\n","protected":false},"excerpt":{"rendered":"<p>Por Nathianni Gomes Criado na cidade de Pelotas, o Coletivo Apoie o Movimento Underground (AMU) tem como objetivo utilizar os espa\u00e7os p\u00fablicos para incentivar o acesso \u00e0 cultura, dar oportunidade aos artistas alternativos e,&#46;&#46;&#46;<\/p>\n","protected":false},"author":587,"featured_media":11358,"comment_status":"closed","ping_status":"closed","sticky":false,"template":"","format":"standard","meta":{"jetpack_post_was_ever_published":false,"_jetpack_newsletter_access":"","_jetpack_dont_email_post_to_subs":false,"_jetpack_newsletter_tier_id":0,"_jetpack_memberships_contains_paywalled_content":false,"_jetpack_memberships_contains_paid_content":false,"footnotes":"","jetpack_publicize_message":"","jetpack_publicize_feature_enabled":true,"jetpack_social_post_already_shared":true,"jetpack_social_options":{"image_generator_settings":{"template":"highway","default_image_id":0,"font":"","enabled":false},"version":2}},"categories":[204],"tags":[355],"class_list":["post-11357","post","type-post","status-publish","format-standard","has-post-thumbnail","hentry","category-culturaeentretenimento","tag-nathianni-gomes"],"jetpack_publicize_connections":[],"jetpack_featured_media_url":"https:\/\/wp.ufpel.edu.br\/empauta\/files\/2018\/09\/coletivo-p-pauta.jpg","jetpack_sharing_enabled":true,"jetpack_shortlink":"https:\/\/wp.me\/p6Xvzq-2Xb","jetpack-related-posts":[{"id":13542,"url":"https:\/\/wp.ufpel.edu.br\/empauta\/pre-lancamento-de-cd-de-musicos-locais-reune-publico-no-bem-brasil\/","url_meta":{"origin":11357,"position":0},"title":"Pr\u00e9-lan\u00e7amento de CD de m\u00fasicos locais re\u00fane p\u00fablico no Bem Brasil","author":"Em Pauta","date":"18\/09\/2019","format":false,"excerpt":"Neste domingo (15) o bar Bem Brasil recebeu o evento Domingo do Bem. Artistas locais se reuniram no largo do Mercado P\u00fablico Municipal para pr\u00e9-lan\u00e7ar o CD Sons de Satolep.","rel":"","context":"Em &quot;Cultura e Entretenimento&quot;","block_context":{"text":"Cultura e Entretenimento","link":"https:\/\/wp.ufpel.edu.br\/empauta\/category\/todos\/culturaeentretenimento\/"},"img":{"alt_text":"","src":"https:\/\/i0.wp.com\/wp.ufpel.edu.br\/empauta\/files\/2019\/09\/IMG_20190915_200854053_2.jpg?resize=350%2C200&ssl=1","width":350,"height":200,"srcset":"https:\/\/i0.wp.com\/wp.ufpel.edu.br\/empauta\/files\/2019\/09\/IMG_20190915_200854053_2.jpg?resize=350%2C200&ssl=1 1x, https:\/\/i0.wp.com\/wp.ufpel.edu.br\/empauta\/files\/2019\/09\/IMG_20190915_200854053_2.jpg?resize=525%2C300&ssl=1 1.5x, https:\/\/i0.wp.com\/wp.ufpel.edu.br\/empauta\/files\/2019\/09\/IMG_20190915_200854053_2.jpg?resize=700%2C400&ssl=1 2x, https:\/\/i0.wp.com\/wp.ufpel.edu.br\/empauta\/files\/2019\/09\/IMG_20190915_200854053_2.jpg?resize=1050%2C600&ssl=1 3x, https:\/\/i0.wp.com\/wp.ufpel.edu.br\/empauta\/files\/2019\/09\/IMG_20190915_200854053_2.jpg?resize=1400%2C800&ssl=1 4x"},"classes":[]},{"id":13858,"url":"https:\/\/wp.ufpel.edu.br\/empauta\/a-47a-edicao-da-feira-do-livro-de-pelotas-comecou-nesta-quarta-feira\/","url_meta":{"origin":11357,"position":1},"title":"A 47\u00aa edi\u00e7\u00e3o da Feira do Livro de Pelotas come\u00e7ou nesta quarta-feira","author":"Em Pauta","date":"30\/10\/2019","format":false,"excerpt":"A edi\u00e7\u00e3o \u201cSaberes e fazeres: escrevendo nossa hist\u00f3ria\u201d da Feira do Livro de Pelotas contar\u00e1 com uma programa\u00e7\u00e3o cultural diversificada.","rel":"","context":"Em &quot;Cultura e Entretenimento&quot;","block_context":{"text":"Cultura e Entretenimento","link":"https:\/\/wp.ufpel.edu.br\/empauta\/category\/todos\/culturaeentretenimento\/"},"img":{"alt_text":"","src":"https:\/\/i0.wp.com\/wp.ufpel.edu.br\/empauta\/files\/2019\/10\/WhatsApp-Image-2019-10-29-at-22.57.57.jpeg?resize=350%2C200&ssl=1","width":350,"height":200,"srcset":"https:\/\/i0.wp.com\/wp.ufpel.edu.br\/empauta\/files\/2019\/10\/WhatsApp-Image-2019-10-29-at-22.57.57.jpeg?resize=350%2C200&ssl=1 1x, https:\/\/i0.wp.com\/wp.ufpel.edu.br\/empauta\/files\/2019\/10\/WhatsApp-Image-2019-10-29-at-22.57.57.jpeg?resize=525%2C300&ssl=1 1.5x, https:\/\/i0.wp.com\/wp.ufpel.edu.br\/empauta\/files\/2019\/10\/WhatsApp-Image-2019-10-29-at-22.57.57.jpeg?resize=700%2C400&ssl=1 2x, https:\/\/i0.wp.com\/wp.ufpel.edu.br\/empauta\/files\/2019\/10\/WhatsApp-Image-2019-10-29-at-22.57.57.jpeg?resize=1050%2C600&ssl=1 3x"},"classes":[]},{"id":13756,"url":"https:\/\/wp.ufpel.edu.br\/empauta\/v-semana-academica-do-jornalismo-ufpel-promove-oficinas-e-atividades-praticas\/","url_meta":{"origin":11357,"position":2},"title":"V Semana Acad\u00eamica do Jornalismo UFPel promove oficinas e atividades pr\u00e1ticas","author":"Em Pauta","date":"14\/10\/2019","format":false,"excerpt":"As oficinas da Semana Acad\u00eamica foram dispostas em tr\u00eas dias de atividades, nas tardes e noites dos dias 7, 8 e 10 de outubro. As atividades tiveram como ministrantes servidores do Centro de Letras e Comunica\u00e7\u00e3o e tamb\u00e9m profissionais de diversas \u00e1reas de atua\u00e7\u00e3o do jornalismo.","rel":"","context":"Em &quot;Geral&quot;","block_context":{"text":"Geral","link":"https:\/\/wp.ufpel.edu.br\/empauta\/category\/todos\/geral\/"},"img":{"alt_text":"","src":"https:\/\/i0.wp.com\/wp.ufpel.edu.br\/empauta\/files\/2019\/10\/IMG_20191007_161018793.jpg?resize=350%2C200&ssl=1","width":350,"height":200,"srcset":"https:\/\/i0.wp.com\/wp.ufpel.edu.br\/empauta\/files\/2019\/10\/IMG_20191007_161018793.jpg?resize=350%2C200&ssl=1 1x, https:\/\/i0.wp.com\/wp.ufpel.edu.br\/empauta\/files\/2019\/10\/IMG_20191007_161018793.jpg?resize=525%2C300&ssl=1 1.5x, https:\/\/i0.wp.com\/wp.ufpel.edu.br\/empauta\/files\/2019\/10\/IMG_20191007_161018793.jpg?resize=700%2C400&ssl=1 2x, https:\/\/i0.wp.com\/wp.ufpel.edu.br\/empauta\/files\/2019\/10\/IMG_20191007_161018793.jpg?resize=1050%2C600&ssl=1 3x, https:\/\/i0.wp.com\/wp.ufpel.edu.br\/empauta\/files\/2019\/10\/IMG_20191007_161018793.jpg?resize=1400%2C800&ssl=1 4x"},"classes":[]},{"id":11306,"url":"https:\/\/wp.ufpel.edu.br\/empauta\/de-quem-sao-as-vozes-na-praca-coronel-pedro-osorio-aos-sabados\/","url_meta":{"origin":11357,"position":3},"title":"De quem s\u00e3o as vozes na Pra\u00e7a Coronel Pedro Os\u00f3rio aos s\u00e1bados?","author":"Em Pauta","date":"14\/09\/2018","format":false,"excerpt":"Por Jessica Alves, J\u00e9ssica Lopes, J\u00falia Gon\u00e7alves, Nathianni Gomes, Rafaela Dutra Quem passa pela Pra\u00e7a Coronel Pedro Os\u00f3rio nos s\u00e1bados \u00e0 tarde certamente j\u00e1 notou uma movimenta\u00e7\u00e3o at\u00edpica por ali. Uma grande concentra\u00e7\u00e3o de jovens dispostos, em uma roda de conversa, cantando e dan\u00e7ando. Esse \u00e9 o Pelotas Para Ti\u2026","rel":"","context":"Em &quot;Cultura e Entretenimento&quot;","block_context":{"text":"Cultura e Entretenimento","link":"https:\/\/wp.ufpel.edu.br\/empauta\/category\/todos\/culturaeentretenimento\/"},"img":{"alt_text":"","src":"https:\/\/i0.wp.com\/wp.ufpel.edu.br\/empauta\/files\/2018\/09\/IMG-20180909-WA0068.jpg?resize=350%2C200&ssl=1","width":350,"height":200,"srcset":"https:\/\/i0.wp.com\/wp.ufpel.edu.br\/empauta\/files\/2018\/09\/IMG-20180909-WA0068.jpg?resize=350%2C200&ssl=1 1x, https:\/\/i0.wp.com\/wp.ufpel.edu.br\/empauta\/files\/2018\/09\/IMG-20180909-WA0068.jpg?resize=525%2C300&ssl=1 1.5x, https:\/\/i0.wp.com\/wp.ufpel.edu.br\/empauta\/files\/2018\/09\/IMG-20180909-WA0068.jpg?resize=700%2C400&ssl=1 2x, https:\/\/i0.wp.com\/wp.ufpel.edu.br\/empauta\/files\/2018\/09\/IMG-20180909-WA0068.jpg?resize=1050%2C600&ssl=1 3x"},"classes":[]},{"id":18748,"url":"https:\/\/wp.ufpel.edu.br\/empauta\/coletivo-mulherio-das-letras-rio-grande-valorizando-a-literatura-feminina-local\/","url_meta":{"origin":11357,"position":4},"title":"Coletivo Mulherio das Letras Rio Grande: valorizando a literatura feminina local","author":"Em Pauta","date":"11\/09\/2023","format":false,"excerpt":"Fundado em junho de 2022, o coletivo Mulherio das Letras Rio Grande est\u00e1 unindo for\u00e7as para valorizar e promover a literatura feita por mulheres na cidade do Rio Grande, contribuindo para um cen\u00e1rio liter\u00e1rio mais inclusivo e diversificado. Historicamente, a literatura brasileira foi dominada por vozes masculinas. As autoras muitas\u2026","rel":"","context":"Em &quot;Cultura e Entretenimento&quot;","block_context":{"text":"Cultura e Entretenimento","link":"https:\/\/wp.ufpel.edu.br\/empauta\/category\/todos\/culturaeentretenimento\/"},"img":{"alt_text":"","src":"https:\/\/i0.wp.com\/wp.ufpel.edu.br\/empauta\/files\/2023\/09\/dia-nacional-do-escritor-celebrando-a-literatura-local.jpeg?resize=350%2C200&ssl=1","width":350,"height":200,"srcset":"https:\/\/i0.wp.com\/wp.ufpel.edu.br\/empauta\/files\/2023\/09\/dia-nacional-do-escritor-celebrando-a-literatura-local.jpeg?resize=350%2C200&ssl=1 1x, https:\/\/i0.wp.com\/wp.ufpel.edu.br\/empauta\/files\/2023\/09\/dia-nacional-do-escritor-celebrando-a-literatura-local.jpeg?resize=525%2C300&ssl=1 1.5x, https:\/\/i0.wp.com\/wp.ufpel.edu.br\/empauta\/files\/2023\/09\/dia-nacional-do-escritor-celebrando-a-literatura-local.jpeg?resize=700%2C400&ssl=1 2x"},"classes":[]},{"id":11088,"url":"https:\/\/wp.ufpel.edu.br\/empauta\/caotica-rua-levanta-a-bandeira-da-cultura-skatista-em-pelotas\/","url_meta":{"origin":11357,"position":5},"title":"Ca\u00f3tica rua levanta a bandeira da cultura skatista em Pelotas","author":"Em Pauta","date":"26\/07\/2018","format":false,"excerpt":"Por Claudine Zingler O Multiculturalismo e a Rua, evento proposto pelo coletivo Ca\u00f3tica Rua vai acontecer no dia 29, s\u00e1bado, na Travessa Conde de Piratini (entre a Bibliotheca P\u00fablica Pelotense e o Banco Bradesco e procura divulgar entre a popula\u00e7\u00e3o os ideais do movimento do skate, que \u00e9 bastante presente\u2026","rel":"","context":"Em &quot;Cultura e Entretenimento&quot;","block_context":{"text":"Cultura e Entretenimento","link":"https:\/\/wp.ufpel.edu.br\/empauta\/category\/todos\/culturaeentretenimento\/"},"img":{"alt_text":"","src":"https:\/\/i0.wp.com\/wp.ufpel.edu.br\/empauta\/files\/2018\/07\/36063115_239986710111884_27704166851805184_n.jpg?resize=350%2C200&ssl=1","width":350,"height":200,"srcset":"https:\/\/i0.wp.com\/wp.ufpel.edu.br\/empauta\/files\/2018\/07\/36063115_239986710111884_27704166851805184_n.jpg?resize=350%2C200&ssl=1 1x, https:\/\/i0.wp.com\/wp.ufpel.edu.br\/empauta\/files\/2018\/07\/36063115_239986710111884_27704166851805184_n.jpg?resize=525%2C300&ssl=1 1.5x, https:\/\/i0.wp.com\/wp.ufpel.edu.br\/empauta\/files\/2018\/07\/36063115_239986710111884_27704166851805184_n.jpg?resize=700%2C400&ssl=1 2x"},"classes":[]}],"_links":{"self":[{"href":"https:\/\/wp.ufpel.edu.br\/empauta\/wp-json\/wp\/v2\/posts\/11357","targetHints":{"allow":["GET"]}}],"collection":[{"href":"https:\/\/wp.ufpel.edu.br\/empauta\/wp-json\/wp\/v2\/posts"}],"about":[{"href":"https:\/\/wp.ufpel.edu.br\/empauta\/wp-json\/wp\/v2\/types\/post"}],"author":[{"embeddable":true,"href":"https:\/\/wp.ufpel.edu.br\/empauta\/wp-json\/wp\/v2\/users\/587"}],"replies":[{"embeddable":true,"href":"https:\/\/wp.ufpel.edu.br\/empauta\/wp-json\/wp\/v2\/comments?post=11357"}],"version-history":[{"count":2,"href":"https:\/\/wp.ufpel.edu.br\/empauta\/wp-json\/wp\/v2\/posts\/11357\/revisions"}],"predecessor-version":[{"id":11360,"href":"https:\/\/wp.ufpel.edu.br\/empauta\/wp-json\/wp\/v2\/posts\/11357\/revisions\/11360"}],"wp:featuredmedia":[{"embeddable":true,"href":"https:\/\/wp.ufpel.edu.br\/empauta\/wp-json\/wp\/v2\/media\/11358"}],"wp:attachment":[{"href":"https:\/\/wp.ufpel.edu.br\/empauta\/wp-json\/wp\/v2\/media?parent=11357"}],"wp:term":[{"taxonomy":"category","embeddable":true,"href":"https:\/\/wp.ufpel.edu.br\/empauta\/wp-json\/wp\/v2\/categories?post=11357"},{"taxonomy":"post_tag","embeddable":true,"href":"https:\/\/wp.ufpel.edu.br\/empauta\/wp-json\/wp\/v2\/tags?post=11357"}],"curies":[{"name":"wp","href":"https:\/\/api.w.org\/{rel}","templated":true}]}}