{"id":11021,"date":"2018-07-12T22:21:18","date_gmt":"2018-07-13T01:21:18","guid":{"rendered":"https:\/\/wp.ufpel.edu.br\/empauta\/?p=11021"},"modified":"2018-07-12T22:21:18","modified_gmt":"2018-07-13T01:21:18","slug":"2-edicao-da-feirinha-de-brechos-do-gato-mia-brecho","status":"publish","type":"post","link":"https:\/\/wp.ufpel.edu.br\/empauta\/2-edicao-da-feirinha-de-brechos-do-gato-mia-brecho\/","title":{"rendered":"2\u00b0 edi\u00e7\u00e3o da feirinha de brech\u00f3s do Gato Mia Brech\u00f3"},"content":{"rendered":"<div id=\"attachment_11022\" style=\"width: 950px\" class=\"wp-caption aligncenter\"><a href=\"https:\/\/wp.ufpel.edu.br\/empauta\/files\/2018\/07\/received_1020873438120303.png\"><img loading=\"lazy\" decoding=\"async\" aria-describedby=\"caption-attachment-11022\" class=\"wp-image-11022 size-full\" src=\"https:\/\/wp.ufpel.edu.br\/empauta\/files\/2018\/07\/received_1020873438120303.png\" alt=\"\" width=\"940\" height=\"788\" srcset=\"https:\/\/wp.ufpel.edu.br\/empauta\/files\/2018\/07\/received_1020873438120303.png 940w, https:\/\/wp.ufpel.edu.br\/empauta\/files\/2018\/07\/received_1020873438120303-190x159.png 190w, https:\/\/wp.ufpel.edu.br\/empauta\/files\/2018\/07\/received_1020873438120303-379x318.png 379w, https:\/\/wp.ufpel.edu.br\/empauta\/files\/2018\/07\/received_1020873438120303-768x644.png 768w\" sizes=\"auto, (max-width: 940px) 100vw, 940px\" \/><\/a><p id=\"caption-attachment-11022\" class=\"wp-caption-text\">Feira ir\u00e1 reunir v\u00e1rios brech\u00f3s. Imagem: divulga\u00e7\u00e3o<\/p><\/div>\n<p style=\"text-align: right\"><em>Por <a href=\"https:\/\/wp.ufpel.edu.br\/empauta\/tag\/camila-santos\">Camila Santos<\/a><br \/>\n<\/em><\/p>\n<p style=\"text-align: justify\">Nesse s\u00e1bado, 14, a partir das 14 horas vai \u00a0rolar a segunda feirinha de brech\u00f3s virtuais organizada por Gato Mia Brech\u00f3. A feirinha vai ser no p\u00e1tio da Casa Amarela, no cal\u00e7ad\u00e3o da Andrade Neves 1921, sala 7.<\/p>\n<p style=\"text-align: justify\">A primeira edi\u00e7\u00e3o foi um sucesso, j\u00e1 tem \u00f3timos brech\u00f3s que confirmaram presen\u00e7a no evento, como LDMag, Borboleteando, Todo Cambia, Floribella, Bazar da Raposa e brech\u00f3 beneficente dos 84 gatos da Gon\u00e7a.<\/p>\n<p style=\"text-align: justify\">Vai perder a oportunidade de fazer aquele garimpo baratinho e ainda poder ajudar os gatinhos da Gon\u00e7a?<\/p>\n<p style=\"text-align: justify\">Al\u00e9m dos brech\u00f3s que estar\u00e3o na \u00e1rea externa, o Gato Mia Brech\u00f3 vai ficar aberto com v\u00e1rias promo\u00e7\u00f5es.<\/p>\n","protected":false},"excerpt":{"rendered":"<p>Por Camila Santos Nesse s\u00e1bado, 14, a partir das 14 horas vai \u00a0rolar a segunda feirinha de brech\u00f3s virtuais organizada por Gato Mia Brech\u00f3. A feirinha vai ser no p\u00e1tio da Casa Amarela, no&#46;&#46;&#46;<\/p>\n","protected":false},"author":587,"featured_media":11022,"comment_status":"closed","ping_status":"closed","sticky":false,"template":"","format":"standard","meta":{"jetpack_post_was_ever_published":false,"_jetpack_newsletter_access":"","_jetpack_dont_email_post_to_subs":false,"_jetpack_newsletter_tier_id":0,"_jetpack_memberships_contains_paywalled_content":false,"_jetpack_memberships_contains_paid_content":false,"footnotes":"","jetpack_publicize_message":"2\u00b0 edi\u00e7\u00e3o da feirinha de brech\u00f3s do Gato Mia Brech\u00f3","jetpack_publicize_feature_enabled":true,"jetpack_social_post_already_shared":true,"jetpack_social_options":{"image_generator_settings":{"template":"highway","default_image_id":0,"font":"","enabled":false},"version":2}},"categories":[9],"tags":[332],"class_list":["post-11021","post","type-post","status-publish","format-standard","has-post-thumbnail","hentry","category-geral","tag-camila-santos"],"jetpack_publicize_connections":[],"jetpack_featured_media_url":"https:\/\/wp.ufpel.edu.br\/empauta\/files\/2018\/07\/received_1020873438120303.png","jetpack_sharing_enabled":true,"jetpack_shortlink":"https:\/\/wp.me\/p6Xvzq-2RL","jetpack-related-posts":[{"id":11302,"url":"https:\/\/wp.ufpel.edu.br\/empauta\/sabado-de-feirinha-de-brechos-na-cidade\/","url_meta":{"origin":11021,"position":0},"title":"S\u00e1bado de Feirinha de Brech\u00f3s na cidade","author":"Em Pauta","date":"13\/09\/2018","format":false,"excerpt":"Por Camila Santos No s\u00e1bado, 8, aconteceu no p\u00e1tio da casa Amarela do cal\u00e7ad\u00e3o da Andrade Neves, 1921, \u00a0a terceira edi\u00e7\u00e3o da Feirinha de Brech\u00f3s. O evento come\u00e7ou \u00e0s 14h, promovido pelo Gato Mia Brech\u00f3, sete dos oito brech\u00f3s virtuais inscritos estavam l\u00e1 com suas araras de roupas e acess\u00f3rios,\u2026","rel":"","context":"Em &quot;Geral&quot;","block_context":{"text":"Geral","link":"https:\/\/wp.ufpel.edu.br\/empauta\/category\/todos\/geral\/"},"img":{"alt_text":"","src":"https:\/\/i0.wp.com\/wp.ufpel.edu.br\/empauta\/files\/2018\/09\/41436368_243027583074750_2333030431370248192_n.jpg?resize=350%2C200&ssl=1","width":350,"height":200,"srcset":"https:\/\/i0.wp.com\/wp.ufpel.edu.br\/empauta\/files\/2018\/09\/41436368_243027583074750_2333030431370248192_n.jpg?resize=350%2C200&ssl=1 1x, https:\/\/i0.wp.com\/wp.ufpel.edu.br\/empauta\/files\/2018\/09\/41436368_243027583074750_2333030431370248192_n.jpg?resize=525%2C300&ssl=1 1.5x, https:\/\/i0.wp.com\/wp.ufpel.edu.br\/empauta\/files\/2018\/09\/41436368_243027583074750_2333030431370248192_n.jpg?resize=700%2C400&ssl=1 2x, https:\/\/i0.wp.com\/wp.ufpel.edu.br\/empauta\/files\/2018\/09\/41436368_243027583074750_2333030431370248192_n.jpg?resize=1050%2C600&ssl=1 3x, https:\/\/i0.wp.com\/wp.ufpel.edu.br\/empauta\/files\/2018\/09\/41436368_243027583074750_2333030431370248192_n.jpg?resize=1400%2C800&ssl=1 4x"},"classes":[]},{"id":11075,"url":"https:\/\/wp.ufpel.edu.br\/empauta\/a-moda-presente-nos-brechos-em-pelotas\/","url_meta":{"origin":11021,"position":1},"title":"A moda presente nos brech\u00f3s em Pelotas","author":"Em Pauta","date":"25\/07\/2018","format":false,"excerpt":"Por J\u00e9ssica Lopes e Jessica Alves Moda nada mais \u00e9 que o comportamento de um dado momento hist\u00f3rico. Conforme a evolu\u00e7\u00e3o do mundo, acompanhamos diversas mudan\u00e7as no universo fashionista. No s\u00e9culo XIX, devido ao per\u00edodo rom\u00e2ntico, a moda queria reviver o estilo medieval (Elizabetano), as mo\u00e7as queriam ser verdadeiras ladies\u2026","rel":"","context":"Em &quot;Geral&quot;","block_context":{"text":"Geral","link":"https:\/\/wp.ufpel.edu.br\/empauta\/category\/todos\/geral\/"},"img":{"alt_text":"","src":"https:\/\/i0.wp.com\/wp.ufpel.edu.br\/empauta\/files\/2018\/07\/WhatsApp-Image-2018-07-17-at-10.25.41-1.jpeg?resize=350%2C200&ssl=1","width":350,"height":200,"srcset":"https:\/\/i0.wp.com\/wp.ufpel.edu.br\/empauta\/files\/2018\/07\/WhatsApp-Image-2018-07-17-at-10.25.41-1.jpeg?resize=350%2C200&ssl=1 1x, https:\/\/i0.wp.com\/wp.ufpel.edu.br\/empauta\/files\/2018\/07\/WhatsApp-Image-2018-07-17-at-10.25.41-1.jpeg?resize=525%2C300&ssl=1 1.5x, https:\/\/i0.wp.com\/wp.ufpel.edu.br\/empauta\/files\/2018\/07\/WhatsApp-Image-2018-07-17-at-10.25.41-1.jpeg?resize=700%2C400&ssl=1 2x, https:\/\/i0.wp.com\/wp.ufpel.edu.br\/empauta\/files\/2018\/07\/WhatsApp-Image-2018-07-17-at-10.25.41-1.jpeg?resize=1050%2C600&ssl=1 3x"},"classes":[]},{"id":9073,"url":"https:\/\/wp.ufpel.edu.br\/empauta\/as-midias-sociais-como-base-para-uma-nova-forma-de-economia-sustentavel\/","url_meta":{"origin":11021,"position":2},"title":"As m\u00eddias sociais como base para uma nova forma de economia sustent\u00e1vel","author":"Em Pauta","date":"04\/11\/2016","format":false,"excerpt":"Por: Rayane Lacerda Com o surgimento da internet, a comunica\u00e7\u00e3o de toda uma sociedade j\u00e1 estruturada passou a sofrer in\u00fameras transforma\u00e7\u00f5es \u2013 as quais, em grande parte, foram r\u00e1pidas e inesperadas. Entre as principais caracter\u00edsticas desse novo meio de intera\u00e7\u00e3o, pode-se citar o advento das m\u00eddias sociais, isto \u00e9, sites\u2026","rel":"","context":"Em &quot;Geral&quot;","block_context":{"text":"Geral","link":"https:\/\/wp.ufpel.edu.br\/empauta\/category\/todos\/geral\/"},"img":{"alt_text":"Foto: Perfil da loja Urban Brech\u00f3\/Reprodu\u00e7\u00e3o\/Instagram","src":"https:\/\/i0.wp.com\/wp.ufpel.edu.br\/empauta\/files\/2016\/11\/Sem-t%C3%ADtulo-13.png?resize=350%2C200&ssl=1","width":350,"height":200,"srcset":"https:\/\/i0.wp.com\/wp.ufpel.edu.br\/empauta\/files\/2016\/11\/Sem-t%C3%ADtulo-13.png?resize=350%2C200&ssl=1 1x, https:\/\/i0.wp.com\/wp.ufpel.edu.br\/empauta\/files\/2016\/11\/Sem-t%C3%ADtulo-13.png?resize=525%2C300&ssl=1 1.5x"},"classes":[]},{"id":4723,"url":"https:\/\/wp.ufpel.edu.br\/empauta\/18a-brecho-em-prol-da-sos-animais-movimenta-dezenas-em-pelotas\/","url_meta":{"origin":11021,"position":3},"title":"18\u00aa brech\u00f3 em prol da SOS Animais movimenta dezenas em Pelotas","author":"Em Pauta","date":"12\/09\/2015","format":false,"excerpt":"por Diego Macht Livros, bijuterias e objetos em geral levaram dezenas de pessoas ao Espa\u00e7o de Arte Daniel Bellora (EADB), durante a 18\u00aa edi\u00e7\u00e3o do Brech\u00f3 SOS Animais Pelotas, neste s\u00e1bado (12). A renda arrecadada com a venda dos produtos ser\u00e1 usada para custear parte do trabalho da organiza\u00e7\u00e3o. Segundo\u2026","rel":"","context":"Em &quot;Cultura e Entretenimento&quot;","block_context":{"text":"Cultura e Entretenimento","link":"https:\/\/wp.ufpel.edu.br\/empauta\/category\/todos\/culturaeentretenimento\/"},"img":{"alt_text":"","src":"https:\/\/i0.wp.com\/wp.ufpel.edu.br\/empauta\/files\/2015\/09\/12020757_729967407107648_1232987133_o-e1442105588375-768x1024.jpg?resize=350%2C200&ssl=1","width":350,"height":200,"srcset":"https:\/\/i0.wp.com\/wp.ufpel.edu.br\/empauta\/files\/2015\/09\/12020757_729967407107648_1232987133_o-e1442105588375-768x1024.jpg?resize=350%2C200&ssl=1 1x, https:\/\/i0.wp.com\/wp.ufpel.edu.br\/empauta\/files\/2015\/09\/12020757_729967407107648_1232987133_o-e1442105588375-768x1024.jpg?resize=525%2C300&ssl=1 1.5x, https:\/\/i0.wp.com\/wp.ufpel.edu.br\/empauta\/files\/2015\/09\/12020757_729967407107648_1232987133_o-e1442105588375-768x1024.jpg?resize=700%2C400&ssl=1 2x"},"classes":[]},{"id":11627,"url":"https:\/\/wp.ufpel.edu.br\/empauta\/b-moda-satolep-brechos-unidos-em-busca-do-consumo-sustentavel\/","url_meta":{"origin":11021,"position":4},"title":"B-Moda Satolep: brech\u00f3s unidos em busca do consumo sustent\u00e1vel","author":"Em Pauta","date":"30\/10\/2018","format":false,"excerpt":"Por J\u00e9ssica Lopes e Milene Lages \u201cO B-Moda Satolep surge da necessidade em Pelotas de termos um evento lado B, n\u00e3o s\u00f3 B de brech\u00f3, e sim do lado B, que seja um evento de moda mais autoral e menos comercial\u201d, ressalta a jornalista e propriet\u00e1ria do Nina Garimpa, \u00a0Aline\u2026","rel":"","context":"Em &quot;Geral&quot;","block_context":{"text":"Geral","link":"https:\/\/wp.ufpel.edu.br\/empauta\/category\/todos\/geral\/"},"img":{"alt_text":"","src":"https:\/\/i0.wp.com\/wp.ufpel.edu.br\/empauta\/files\/2018\/10\/IMG_1066.jpg?resize=350%2C200&ssl=1","width":350,"height":200,"srcset":"https:\/\/i0.wp.com\/wp.ufpel.edu.br\/empauta\/files\/2018\/10\/IMG_1066.jpg?resize=350%2C200&ssl=1 1x, https:\/\/i0.wp.com\/wp.ufpel.edu.br\/empauta\/files\/2018\/10\/IMG_1066.jpg?resize=525%2C300&ssl=1 1.5x, https:\/\/i0.wp.com\/wp.ufpel.edu.br\/empauta\/files\/2018\/10\/IMG_1066.jpg?resize=700%2C400&ssl=1 2x, https:\/\/i0.wp.com\/wp.ufpel.edu.br\/empauta\/files\/2018\/10\/IMG_1066.jpg?resize=1050%2C600&ssl=1 3x"},"classes":[]},{"id":11569,"url":"https:\/\/wp.ufpel.edu.br\/empauta\/primeiro-evento-de-moda-sustentavel-em-pelotas-acontecera-neste-domingo-21\/","url_meta":{"origin":11021,"position":5},"title":"Primeiro evento de moda sustent\u00e1vel em Pelotas acontecer\u00e1 neste domingo (21)","author":"Em Pauta","date":"20\/10\/2018","format":false,"excerpt":"O evento contar\u00e1 com desfiles, apresenta\u00e7\u00f5es culturais e bazares criativos","rel":"","context":"Em &quot;Geral&quot;","block_context":{"text":"Geral","link":"https:\/\/wp.ufpel.edu.br\/empauta\/category\/todos\/geral\/"},"img":{"alt_text":"","src":"https:\/\/i0.wp.com\/wp.ufpel.edu.br\/empauta\/files\/2018\/10\/Ilustra%C3%A7%C3%A3o-do-evento.-Foto-Divulga%C3%A7%C3%A3o.jpg?resize=350%2C200&ssl=1","width":350,"height":200,"srcset":"https:\/\/i0.wp.com\/wp.ufpel.edu.br\/empauta\/files\/2018\/10\/Ilustra%C3%A7%C3%A3o-do-evento.-Foto-Divulga%C3%A7%C3%A3o.jpg?resize=350%2C200&ssl=1 1x, https:\/\/i0.wp.com\/wp.ufpel.edu.br\/empauta\/files\/2018\/10\/Ilustra%C3%A7%C3%A3o-do-evento.-Foto-Divulga%C3%A7%C3%A3o.jpg?resize=525%2C300&ssl=1 1.5x, https:\/\/i0.wp.com\/wp.ufpel.edu.br\/empauta\/files\/2018\/10\/Ilustra%C3%A7%C3%A3o-do-evento.-Foto-Divulga%C3%A7%C3%A3o.jpg?resize=700%2C400&ssl=1 2x, https:\/\/i0.wp.com\/wp.ufpel.edu.br\/empauta\/files\/2018\/10\/Ilustra%C3%A7%C3%A3o-do-evento.-Foto-Divulga%C3%A7%C3%A3o.jpg?resize=1050%2C600&ssl=1 3x, https:\/\/i0.wp.com\/wp.ufpel.edu.br\/empauta\/files\/2018\/10\/Ilustra%C3%A7%C3%A3o-do-evento.-Foto-Divulga%C3%A7%C3%A3o.jpg?resize=1400%2C800&ssl=1 4x"},"classes":[]}],"_links":{"self":[{"href":"https:\/\/wp.ufpel.edu.br\/empauta\/wp-json\/wp\/v2\/posts\/11021","targetHints":{"allow":["GET"]}}],"collection":[{"href":"https:\/\/wp.ufpel.edu.br\/empauta\/wp-json\/wp\/v2\/posts"}],"about":[{"href":"https:\/\/wp.ufpel.edu.br\/empauta\/wp-json\/wp\/v2\/types\/post"}],"author":[{"embeddable":true,"href":"https:\/\/wp.ufpel.edu.br\/empauta\/wp-json\/wp\/v2\/users\/587"}],"replies":[{"embeddable":true,"href":"https:\/\/wp.ufpel.edu.br\/empauta\/wp-json\/wp\/v2\/comments?post=11021"}],"version-history":[{"count":1,"href":"https:\/\/wp.ufpel.edu.br\/empauta\/wp-json\/wp\/v2\/posts\/11021\/revisions"}],"predecessor-version":[{"id":11023,"href":"https:\/\/wp.ufpel.edu.br\/empauta\/wp-json\/wp\/v2\/posts\/11021\/revisions\/11023"}],"wp:featuredmedia":[{"embeddable":true,"href":"https:\/\/wp.ufpel.edu.br\/empauta\/wp-json\/wp\/v2\/media\/11022"}],"wp:attachment":[{"href":"https:\/\/wp.ufpel.edu.br\/empauta\/wp-json\/wp\/v2\/media?parent=11021"}],"wp:term":[{"taxonomy":"category","embeddable":true,"href":"https:\/\/wp.ufpel.edu.br\/empauta\/wp-json\/wp\/v2\/categories?post=11021"},{"taxonomy":"post_tag","embeddable":true,"href":"https:\/\/wp.ufpel.edu.br\/empauta\/wp-json\/wp\/v2\/tags?post=11021"}],"curies":[{"name":"wp","href":"https:\/\/api.w.org\/{rel}","templated":true}]}}