{"id":1,"date":"2024-05-10T09:15:54","date_gmt":"2024-05-10T12:15:54","guid":{"rendered":"https:\/\/wp.ufpel.edu.br\/emergenciaclimatica\/?p=1"},"modified":"2024-05-27T08:32:32","modified_gmt":"2024-05-27T11:32:32","slug":"ola-mundo","status":"publish","type":"post","link":"https:\/\/wp.ufpel.edu.br\/emergenciaclimatica\/2024\/05\/10\/ola-mundo\/","title":{"rendered":"Sobre o Site Emerg\u00eancia Clim\u00e1tica"},"content":{"rendered":"<p>Este site tem por objetivo gerenciar e organizar as informa\u00e7\u00f5es relacionadas \u00e0 emerg\u00eancia clim\u00e1tica em um \u00fanico lugar. Servir\u00e1 como extens\u00e3o do site oficial da Institui\u00e7\u00e3o, sem substitu\u00ed-lo.<\/p>\n<p>Informa\u00e7\u00f5es gerais relacionadas \u00e0 Institui\u00e7\u00e3o busque tamb\u00e9m: <a href=\"https:\/\/portal.ufpel.edu.br\/\">https:\/\/portal.ufpel.edu.br\/<\/a> e no Instagram oficial da UFPel: <a href=\"https:\/\/l.ufpel.edu.br\/UFPelOficial\">https:\/\/l.ufpel.edu.br\/UFPelOficial <\/a><\/p>\n<p>Site criado e mantido em colabora\u00e7\u00e3o entre a Coordena\u00e7\u00e3o de Comunica\u00e7\u00e3o Social\/GR e Coordena\u00e7\u00e3o de Desenvolvimento Institucional Participativo\/ PROPLAN.<\/p>\n<p><img class=\"alignnone wp-image-74\" src=\"https:\/\/wp.ufpel.edu.br\/emergenciaclimatica\/files\/2024\/05\/WhatsApp-Image-2024-05-13-at-16.47.36-400x225.jpeg\" alt=\"\" width=\"500\" height=\"281\" srcset=\"https:\/\/wp.ufpel.edu.br\/emergenciaclimatica\/files\/2024\/05\/WhatsApp-Image-2024-05-13-at-16.47.36-400x225.jpeg 400w, https:\/\/wp.ufpel.edu.br\/emergenciaclimatica\/files\/2024\/05\/WhatsApp-Image-2024-05-13-at-16.47.36-1024x576.jpeg 1024w, https:\/\/wp.ufpel.edu.br\/emergenciaclimatica\/files\/2024\/05\/WhatsApp-Image-2024-05-13-at-16.47.36-768x432.jpeg 768w, https:\/\/wp.ufpel.edu.br\/emergenciaclimatica\/files\/2024\/05\/WhatsApp-Image-2024-05-13-at-16.47.36-1536x864.jpeg 1536w, https:\/\/wp.ufpel.edu.br\/emergenciaclimatica\/files\/2024\/05\/WhatsApp-Image-2024-05-13-at-16.47.36.jpeg 1600w\" sizes=\"(max-width: 500px) 100vw, 500px\" \/><\/p>\n<p>Imagem a\u00e9rea da Praia do Laranjal. Foto de: Gilberto Rossi (@gilberto.rossi)<\/p>\n<p>Foto de capa: Canal S\u00e3o Gon\u00e7alo, Campus Anglo. Foto de: Ricardo Hartlebem Peter<\/p>\n<p>&nbsp;<\/p>\n","protected":false},"excerpt":{"rendered":"<p>Este site tem por objetivo gerenciar e organizar as informa\u00e7\u00f5es relacionadas \u00e0 emerg\u00eancia clim\u00e1tica em um \u00fanico lugar. Servir\u00e1 como extens\u00e3o do site oficial da Institui\u00e7\u00e3o, sem substitu\u00ed-lo. Informa\u00e7\u00f5es gerais relacionadas \u00e0 Institui\u00e7\u00e3o busque tamb\u00e9m: https:\/\/portal.ufpel.edu.br\/ e no Instagram oficial da UFPel: https:\/\/l.ufpel.edu.br\/UFPelOficial Site criado e mantido em colabora\u00e7\u00e3o entre a Coordena\u00e7\u00e3o de Comunica\u00e7\u00e3o Social\/GR [&hellip;]<\/p>\n","protected":false},"author":1143,"featured_media":0,"comment_status":"closed","ping_status":"closed","sticky":false,"template":"","format":"standard","meta":{"footnotes":""},"categories":[1],"tags":[],"class_list":["post-1","post","type-post","status-publish","format-standard","hentry","category-noticias"],"jetpack_featured_media_url":"","_links":{"self":[{"href":"https:\/\/wp.ufpel.edu.br\/emergenciaclimatica\/wp-json\/wp\/v2\/posts\/1","targetHints":{"allow":["GET"]}}],"collection":[{"href":"https:\/\/wp.ufpel.edu.br\/emergenciaclimatica\/wp-json\/wp\/v2\/posts"}],"about":[{"href":"https:\/\/wp.ufpel.edu.br\/emergenciaclimatica\/wp-json\/wp\/v2\/types\/post"}],"author":[{"embeddable":true,"href":"https:\/\/wp.ufpel.edu.br\/emergenciaclimatica\/wp-json\/wp\/v2\/users\/1143"}],"replies":[{"embeddable":true,"href":"https:\/\/wp.ufpel.edu.br\/emergenciaclimatica\/wp-json\/wp\/v2\/comments?post=1"}],"version-history":[{"count":12,"href":"https:\/\/wp.ufpel.edu.br\/emergenciaclimatica\/wp-json\/wp\/v2\/posts\/1\/revisions"}],"predecessor-version":[{"id":189,"href":"https:\/\/wp.ufpel.edu.br\/emergenciaclimatica\/wp-json\/wp\/v2\/posts\/1\/revisions\/189"}],"wp:attachment":[{"href":"https:\/\/wp.ufpel.edu.br\/emergenciaclimatica\/wp-json\/wp\/v2\/media?parent=1"}],"wp:term":[{"taxonomy":"category","embeddable":true,"href":"https:\/\/wp.ufpel.edu.br\/emergenciaclimatica\/wp-json\/wp\/v2\/categories?post=1"},{"taxonomy":"post_tag","embeddable":true,"href":"https:\/\/wp.ufpel.edu.br\/emergenciaclimatica\/wp-json\/wp\/v2\/tags?post=1"}],"curies":[{"name":"wp","href":"https:\/\/api.w.org\/{rel}","templated":true}]}}