{"id":4590,"date":"2025-11-30T23:10:51","date_gmt":"2025-12-01T02:10:51","guid":{"rendered":"https:\/\/wp.ufpel.edu.br\/editoraufpel\/?p=4590"},"modified":"2025-11-30T23:10:51","modified_gmt":"2025-12-01T02:10:51","slug":"horario-dia-02-12","status":"publish","type":"post","link":"https:\/\/wp.ufpel.edu.br\/editoraufpel\/horario-dia-02-12\/","title":{"rendered":"Hor\u00e1rio dia 02\/12"},"content":{"rendered":"<p>O N\u00facleo de Editora, Livraria e Gr\u00e1fica informa que, no dia <strong>02\/12<\/strong>, das 8h \u00e0s 14h, o setor estar\u00e1 fechado ao p\u00fablico em raz\u00e3o da reorganiza\u00e7\u00e3o interna e de reuni\u00e3o da equipe.<\/p>\n","protected":false},"excerpt":{"rendered":"<p>O N\u00facleo de Editora, Livraria e Gr\u00e1fica informa que, no dia 02\/12, das 8h \u00e0s 14h, o setor estar\u00e1 fechado ao p\u00fablico em raz\u00e3o da reorganiza\u00e7\u00e3o interna e de reuni\u00e3o da equipe.<\/p>\n","protected":false},"author":304,"featured_media":0,"comment_status":"closed","ping_status":"closed","sticky":false,"template":"","format":"standard","meta":{"jetpack_post_was_ever_published":false,"_jetpack_newsletter_access":"","_jetpack_dont_email_post_to_subs":false,"_jetpack_newsletter_tier_id":0,"_jetpack_memberships_contains_paywalled_content":false,"_jetpack_memberships_contains_paid_content":false,"footnotes":"","jetpack_publicize_message":"","jetpack_publicize_feature_enabled":true,"jetpack_social_post_already_shared":true,"jetpack_social_options":{"image_generator_settings":{"template":"highway","default_image_id":0,"font":"","enabled":false},"version":2}},"categories":[18],"tags":[],"class_list":["post-4590","post","type-post","status-publish","format-standard","hentry","category-sem-categoria"],"jetpack_publicize_connections":[],"jetpack_featured_media_url":"","jetpack_sharing_enabled":true,"jetpack_shortlink":"https:\/\/wp.me\/p6W23B-1c2","_links":{"self":[{"href":"https:\/\/wp.ufpel.edu.br\/editoraufpel\/wp-json\/wp\/v2\/posts\/4590","targetHints":{"allow":["GET"]}}],"collection":[{"href":"https:\/\/wp.ufpel.edu.br\/editoraufpel\/wp-json\/wp\/v2\/posts"}],"about":[{"href":"https:\/\/wp.ufpel.edu.br\/editoraufpel\/wp-json\/wp\/v2\/types\/post"}],"author":[{"embeddable":true,"href":"https:\/\/wp.ufpel.edu.br\/editoraufpel\/wp-json\/wp\/v2\/users\/304"}],"replies":[{"embeddable":true,"href":"https:\/\/wp.ufpel.edu.br\/editoraufpel\/wp-json\/wp\/v2\/comments?post=4590"}],"version-history":[{"count":1,"href":"https:\/\/wp.ufpel.edu.br\/editoraufpel\/wp-json\/wp\/v2\/posts\/4590\/revisions"}],"predecessor-version":[{"id":4592,"href":"https:\/\/wp.ufpel.edu.br\/editoraufpel\/wp-json\/wp\/v2\/posts\/4590\/revisions\/4592"}],"wp:attachment":[{"href":"https:\/\/wp.ufpel.edu.br\/editoraufpel\/wp-json\/wp\/v2\/media?parent=4590"}],"wp:term":[{"taxonomy":"category","embeddable":true,"href":"https:\/\/wp.ufpel.edu.br\/editoraufpel\/wp-json\/wp\/v2\/categories?post=4590"},{"taxonomy":"post_tag","embeddable":true,"href":"https:\/\/wp.ufpel.edu.br\/editoraufpel\/wp-json\/wp\/v2\/tags?post=4590"}],"curies":[{"name":"wp","href":"https:\/\/api.w.org\/{rel}","templated":true}]}}