{"id":4465,"date":"2025-06-05T08:37:23","date_gmt":"2025-06-05T11:37:23","guid":{"rendered":"https:\/\/wp.ufpel.edu.br\/editoraufpel\/?p=4465"},"modified":"2025-06-05T08:37:23","modified_gmt":"2025-06-05T11:37:23","slug":"resultado-final-selecao-para-estagio-voluntario-em-revisao-textual","status":"publish","type":"post","link":"https:\/\/wp.ufpel.edu.br\/editoraufpel\/resultado-final-selecao-para-estagio-voluntario-em-revisao-textual\/","title":{"rendered":"Resultado Final \u2013 Sele\u00e7\u00e3o para Est\u00e1gio Volunt\u00e1rio em Revis\u00e3o Textual"},"content":{"rendered":"<p>O N\u00facleo de Editora, Livraria e Gr\u00e1fica da UFPel divulga o resultado final da sele\u00e7\u00e3o para a vaga de est\u00e1gio volunt\u00e1rio em Revis\u00e3o Textual. Abaixo, os candidatos classificados, por ordem de classifica\u00e7\u00e3o:<\/p>\n<p>1. Pedro Henrique Alencar da Silva<\/p>\n<p>2. Pedro de Almeida Ferreira<\/p>\n","protected":false},"excerpt":{"rendered":"<p>O N\u00facleo de Editora, Livraria e Gr\u00e1fica da UFPel divulga o resultado final da sele\u00e7\u00e3o para a vaga de est\u00e1gio volunt\u00e1rio em Revis\u00e3o Textual. Abaixo, os candidatos classificados, por ordem de classifica\u00e7\u00e3o: 1. Pedro Henrique Alencar da Silva 2. Pedro de Almeida Ferreira<\/p>\n","protected":false},"author":304,"featured_media":0,"comment_status":"closed","ping_status":"closed","sticky":false,"template":"","format":"standard","meta":{"jetpack_post_was_ever_published":false,"_jetpack_newsletter_access":"","_jetpack_dont_email_post_to_subs":false,"_jetpack_newsletter_tier_id":0,"_jetpack_memberships_contains_paywalled_content":false,"_jetpack_memberships_contains_paid_content":false,"footnotes":"","jetpack_publicize_message":"","jetpack_publicize_feature_enabled":true,"jetpack_social_post_already_shared":true,"jetpack_social_options":{"image_generator_settings":{"template":"highway","default_image_id":0,"font":"","enabled":false},"version":2}},"categories":[18],"tags":[],"class_list":["post-4465","post","type-post","status-publish","format-standard","hentry","category-sem-categoria"],"jetpack_publicize_connections":[],"jetpack_featured_media_url":"","jetpack_sharing_enabled":true,"jetpack_shortlink":"https:\/\/wp.me\/p6W23B-1a1","_links":{"self":[{"href":"https:\/\/wp.ufpel.edu.br\/editoraufpel\/wp-json\/wp\/v2\/posts\/4465","targetHints":{"allow":["GET"]}}],"collection":[{"href":"https:\/\/wp.ufpel.edu.br\/editoraufpel\/wp-json\/wp\/v2\/posts"}],"about":[{"href":"https:\/\/wp.ufpel.edu.br\/editoraufpel\/wp-json\/wp\/v2\/types\/post"}],"author":[{"embeddable":true,"href":"https:\/\/wp.ufpel.edu.br\/editoraufpel\/wp-json\/wp\/v2\/users\/304"}],"replies":[{"embeddable":true,"href":"https:\/\/wp.ufpel.edu.br\/editoraufpel\/wp-json\/wp\/v2\/comments?post=4465"}],"version-history":[{"count":1,"href":"https:\/\/wp.ufpel.edu.br\/editoraufpel\/wp-json\/wp\/v2\/posts\/4465\/revisions"}],"predecessor-version":[{"id":4467,"href":"https:\/\/wp.ufpel.edu.br\/editoraufpel\/wp-json\/wp\/v2\/posts\/4465\/revisions\/4467"}],"wp:attachment":[{"href":"https:\/\/wp.ufpel.edu.br\/editoraufpel\/wp-json\/wp\/v2\/media?parent=4465"}],"wp:term":[{"taxonomy":"category","embeddable":true,"href":"https:\/\/wp.ufpel.edu.br\/editoraufpel\/wp-json\/wp\/v2\/categories?post=4465"},{"taxonomy":"post_tag","embeddable":true,"href":"https:\/\/wp.ufpel.edu.br\/editoraufpel\/wp-json\/wp\/v2\/tags?post=4465"}],"curies":[{"name":"wp","href":"https:\/\/api.w.org\/{rel}","templated":true}]}}