{"id":1186,"date":"2023-02-07T16:16:48","date_gmt":"2023-02-07T19:16:48","guid":{"rendered":"https:\/\/wp.ufpel.edu.br\/editoraufpel\/?p=1186"},"modified":"2023-02-07T16:21:52","modified_gmt":"2023-02-07T19:21:52","slug":"edital-01-2023-edital-suplementar-para-composicao-do-conselho-editorial","status":"publish","type":"post","link":"https:\/\/wp.ufpel.edu.br\/editoraufpel\/edital-01-2023-edital-suplementar-para-composicao-do-conselho-editorial\/","title":{"rendered":"Edital 01\/2023 &#8211; Edital suplementar para composi\u00e7\u00e3o do Conselho Editorial"},"content":{"rendered":"<p>Processo seletivo para preenchimento de <strong>vagas remanescentes<\/strong> na forma\u00e7\u00e3o do Conselho Editorial (2023 \u2013 2025) da Editora Universit\u00e1ria da Universidade Federal de Pelotas.<\/p>\n<p><strong>\u00c1reas:<\/strong><\/p>\n<p>Ci\u00eancias Agr\u00e1rias (2 vagas)<br \/>\nCi\u00eancias Biol\u00f3gicas (1 vaga)<br \/>\nCi\u00eancias da Sa\u00fade (1 vaga)<\/p>\n<p>Per\u00edodo de Inscri\u00e7\u00f5es: <strong>de 08 a 21 de fevereiro de 2023<\/strong><\/p>\n<p>Clique <span style=\"color: #0000ff;\"><a style=\"color: #0000ff;\" href=\"https:\/\/wp.ufpel.edu.br\/editoraufpel\/files\/2023\/02\/segundo-dital-suplementar-conselho_2023_2025-1.pdf\"><em>aqui<\/em><\/a>\u00a0<\/span>para acessar o edital<\/p>\n<p>Clique\u00a0<span style=\"color: #0000ff;\"><a style=\"color: #0000ff;\" href=\"https:\/\/wp.ufpel.edu.br\/editoraufpel\/files\/2022\/11\/ficha-de-inscricao-conselho-editorial-2023_2025.doc\"><em>aqui<\/em><\/a>\u00a0<\/span>para realizar o download da ficha de inscri\u00e7\u00e3o<\/p>\n","protected":false},"excerpt":{"rendered":"<p>Processo seletivo para preenchimento de vagas remanescentes na forma\u00e7\u00e3o do Conselho Editorial (2023 \u2013 2025) da Editora Universit\u00e1ria da Universidade Federal de Pelotas. \u00c1reas: Ci\u00eancias Agr\u00e1rias (2 vagas) Ci\u00eancias Biol\u00f3gicas (1 vaga) Ci\u00eancias da Sa\u00fade (1 vaga) Per\u00edodo de Inscri\u00e7\u00f5es: de 08 a 21 de fevereiro de 2023 Clique aqui\u00a0para acessar o edital Clique\u00a0aqui\u00a0para realizar [&hellip;]<\/p>\n","protected":false},"author":304,"featured_media":0,"comment_status":"closed","ping_status":"closed","sticky":false,"template":"","format":"standard","meta":{"jetpack_post_was_ever_published":false,"_jetpack_newsletter_access":"","_jetpack_dont_email_post_to_subs":false,"_jetpack_newsletter_tier_id":0,"_jetpack_memberships_contains_paywalled_content":false,"_jetpack_memberships_contains_paid_content":false,"footnotes":"","jetpack_publicize_message":"","jetpack_publicize_feature_enabled":true,"jetpack_social_post_already_shared":true,"jetpack_social_options":{"image_generator_settings":{"template":"highway","default_image_id":0,"font":"","enabled":false},"version":2}},"categories":[77793],"tags":[],"class_list":["post-1186","post","type-post","status-publish","format-standard","hentry","category-editais"],"jetpack_publicize_connections":[],"jetpack_featured_media_url":"","jetpack_sharing_enabled":true,"jetpack_shortlink":"https:\/\/wp.me\/p6W23B-j8","_links":{"self":[{"href":"https:\/\/wp.ufpel.edu.br\/editoraufpel\/wp-json\/wp\/v2\/posts\/1186","targetHints":{"allow":["GET"]}}],"collection":[{"href":"https:\/\/wp.ufpel.edu.br\/editoraufpel\/wp-json\/wp\/v2\/posts"}],"about":[{"href":"https:\/\/wp.ufpel.edu.br\/editoraufpel\/wp-json\/wp\/v2\/types\/post"}],"author":[{"embeddable":true,"href":"https:\/\/wp.ufpel.edu.br\/editoraufpel\/wp-json\/wp\/v2\/users\/304"}],"replies":[{"embeddable":true,"href":"https:\/\/wp.ufpel.edu.br\/editoraufpel\/wp-json\/wp\/v2\/comments?post=1186"}],"version-history":[{"count":4,"href":"https:\/\/wp.ufpel.edu.br\/editoraufpel\/wp-json\/wp\/v2\/posts\/1186\/revisions"}],"predecessor-version":[{"id":1191,"href":"https:\/\/wp.ufpel.edu.br\/editoraufpel\/wp-json\/wp\/v2\/posts\/1186\/revisions\/1191"}],"wp:attachment":[{"href":"https:\/\/wp.ufpel.edu.br\/editoraufpel\/wp-json\/wp\/v2\/media?parent=1186"}],"wp:term":[{"taxonomy":"category","embeddable":true,"href":"https:\/\/wp.ufpel.edu.br\/editoraufpel\/wp-json\/wp\/v2\/categories?post=1186"},{"taxonomy":"post_tag","embeddable":true,"href":"https:\/\/wp.ufpel.edu.br\/editoraufpel\/wp-json\/wp\/v2\/tags?post=1186"}],"curies":[{"name":"wp","href":"https:\/\/api.w.org\/{rel}","templated":true}]}}