{"id":1168,"date":"2023-01-20T13:05:09","date_gmt":"2023-01-20T16:05:09","guid":{"rendered":"https:\/\/wp.ufpel.edu.br\/editoraufpel\/?p=1168"},"modified":"2023-01-20T13:05:09","modified_gmt":"2023-01-20T16:05:09","slug":"resultado-final-da-selecao-para-bolsa-bdi-2023","status":"publish","type":"post","link":"https:\/\/wp.ufpel.edu.br\/editoraufpel\/resultado-final-da-selecao-para-bolsa-bdi-2023\/","title":{"rendered":"Resultado final da sele\u00e7\u00e3o para bolsa BDI, 2023"},"content":{"rendered":"<p><strong>RESULTADO FINAL (Demanda social)<\/strong><br \/>\n1\u00aa Lugar &#8211; CAMILA GIMENES NUNES<br \/>\n2\u00aa Lugar &#8211; LUIZ HENRIQUE DE SOUZA VITOR<br \/>\n3\u00aa Lugar &#8211; RAFAEL RAMON MACHADO DOS SANTOS<\/p>\n<p style=\"text-align: justify;\">Observa\u00e7\u00e3o: Os demais candidatos que n\u00e3o atenderam ao requisito <strong>4. Das vagas e reservas de vagas<\/strong>, \u201cO Edital prev\u00ea tamb\u00e9m a reserva de 50% das vagas para Demanda Socioecon\u00f4mica (DS), <em>dedicadas a alunos que comprovadamente recebem algum tipo de benef\u00edcio da PRAE<\/em>, conforme distribui\u00e7\u00e3o indicada na tabela de distribui\u00e7\u00e3o e vagas. A candidatura de alunos \u00e0 reserva de vagas DS se dar\u00e1 por autodeclara\u00e7\u00e3o. Ap\u00f3s nominata de aprovados, caber\u00e1 \u00e0 respectiva coordena\u00e7\u00e3o da bolsa, verificar junto \u00e0 PRAE a inclus\u00e3o pr\u00e9via do aluno em alguma modalidade de bolsa-aux\u00edlio da PRAE\u201d, foram desclassificados por n\u00e3o atenderem ao especificado no edital.<\/p>\n<p><strong>Tabela com a pontua\u00e7\u00e3o dos candidatos<\/strong><\/p>\n<table style=\"border-collapse: collapse; width: 100%;\" border=\"1\">\n<tbody>\n<tr>\n<td style=\"width: 20%; text-align: center;\"><strong>Nome<\/strong><\/td>\n<td style=\"width: 20%; text-align: center;\"><strong>Entrevista (4,0)<\/strong><\/td>\n<td style=\"width: 20%; text-align: center;\"><strong>Hist\u00f3rico (3,0)<\/strong><\/td>\n<td style=\"width: 20%; text-align: center;\"><strong>Curr\u00edculo (3,0)<\/strong><\/td>\n<td style=\"width: 20%; text-align: center;\"><strong>Total (10,0)<\/strong><\/td>\n<\/tr>\n<tr>\n<td style=\"width: 20%; text-align: center;\"><strong>Camila<\/strong><\/td>\n<td style=\"width: 20%; text-align: center;\">3,2<\/td>\n<td style=\"width: 20%; text-align: center;\">2,7<\/td>\n<td style=\"width: 20%; text-align: center;\">2,5<\/td>\n<td style=\"width: 20%; text-align: center;\">8,4<\/td>\n<\/tr>\n<tr>\n<td style=\"width: 20%; text-align: center;\"><strong>Luiz Henrique<\/strong><\/td>\n<td style=\"width: 20%; text-align: center;\">3<\/td>\n<td style=\"width: 20%; text-align: center;\">2,4<\/td>\n<td style=\"width: 20%; text-align: center;\">2,4<\/td>\n<td style=\"width: 20%; text-align: center;\">7,8<\/td>\n<\/tr>\n<tr>\n<td style=\"width: 20%; text-align: center;\"><strong>Rafael<\/strong><\/td>\n<td style=\"width: 20%; text-align: center;\">2,8<\/td>\n<td style=\"width: 20%; text-align: center;\">2,2<\/td>\n<td style=\"width: 20%; text-align: center;\">2<\/td>\n<td style=\"width: 20%; text-align: center;\">7<\/td>\n<\/tr>\n<\/tbody>\n<\/table>\n<p>&nbsp;<\/p>\n<p>&nbsp;<\/p>\n","protected":false},"excerpt":{"rendered":"<p>RESULTADO FINAL (Demanda social) 1\u00aa Lugar &#8211; CAMILA GIMENES NUNES 2\u00aa Lugar &#8211; LUIZ HENRIQUE DE SOUZA VITOR 3\u00aa Lugar &#8211; RAFAEL RAMON MACHADO DOS SANTOS Observa\u00e7\u00e3o: Os demais candidatos que n\u00e3o atenderam ao requisito 4. Das vagas e reservas de vagas, \u201cO Edital prev\u00ea tamb\u00e9m a reserva de 50% das vagas para Demanda Socioecon\u00f4mica [&hellip;]<\/p>\n","protected":false},"author":304,"featured_media":0,"comment_status":"closed","ping_status":"closed","sticky":false,"template":"","format":"standard","meta":{"jetpack_post_was_ever_published":false,"_jetpack_newsletter_access":"","_jetpack_dont_email_post_to_subs":false,"_jetpack_newsletter_tier_id":0,"_jetpack_memberships_contains_paywalled_content":false,"_jetpack_memberships_contains_paid_content":false,"footnotes":"","jetpack_publicize_message":"","jetpack_publicize_feature_enabled":true,"jetpack_social_post_already_shared":true,"jetpack_social_options":{"image_generator_settings":{"template":"highway","default_image_id":0,"font":"","enabled":false},"version":2}},"categories":[18],"tags":[],"class_list":["post-1168","post","type-post","status-publish","format-standard","hentry","category-sem-categoria"],"jetpack_publicize_connections":[],"jetpack_featured_media_url":"","jetpack_sharing_enabled":true,"jetpack_shortlink":"https:\/\/wp.me\/p6W23B-iQ","_links":{"self":[{"href":"https:\/\/wp.ufpel.edu.br\/editoraufpel\/wp-json\/wp\/v2\/posts\/1168","targetHints":{"allow":["GET"]}}],"collection":[{"href":"https:\/\/wp.ufpel.edu.br\/editoraufpel\/wp-json\/wp\/v2\/posts"}],"about":[{"href":"https:\/\/wp.ufpel.edu.br\/editoraufpel\/wp-json\/wp\/v2\/types\/post"}],"author":[{"embeddable":true,"href":"https:\/\/wp.ufpel.edu.br\/editoraufpel\/wp-json\/wp\/v2\/users\/304"}],"replies":[{"embeddable":true,"href":"https:\/\/wp.ufpel.edu.br\/editoraufpel\/wp-json\/wp\/v2\/comments?post=1168"}],"version-history":[{"count":5,"href":"https:\/\/wp.ufpel.edu.br\/editoraufpel\/wp-json\/wp\/v2\/posts\/1168\/revisions"}],"predecessor-version":[{"id":1174,"href":"https:\/\/wp.ufpel.edu.br\/editoraufpel\/wp-json\/wp\/v2\/posts\/1168\/revisions\/1174"}],"wp:attachment":[{"href":"https:\/\/wp.ufpel.edu.br\/editoraufpel\/wp-json\/wp\/v2\/media?parent=1168"}],"wp:term":[{"taxonomy":"category","embeddable":true,"href":"https:\/\/wp.ufpel.edu.br\/editoraufpel\/wp-json\/wp\/v2\/categories?post=1168"},{"taxonomy":"post_tag","embeddable":true,"href":"https:\/\/wp.ufpel.edu.br\/editoraufpel\/wp-json\/wp\/v2\/tags?post=1168"}],"curies":[{"name":"wp","href":"https:\/\/api.w.org\/{rel}","templated":true}]}}