{"id":1102,"date":"2021-02-21T21:25:38","date_gmt":"2021-02-22T00:25:38","guid":{"rendered":"https:\/\/wp.ufpel.edu.br\/economia\/?p=1102"},"modified":"2021-02-21T21:25:38","modified_gmt":"2021-02-22T00:25:38","slug":"calendario-academico-2021","status":"publish","type":"post","link":"https:\/\/wp.ufpel.edu.br\/economia\/2021\/02\/21\/calendario-academico-2021\/","title":{"rendered":"Calend\u00e1rio Acad\u00eamico 2021"},"content":{"rendered":"<p>Fiquem atentos \u00e0s datas do calend\u00e1rio acad\u00eamico.<\/p>\n<p>https:\/\/wp.ufpel.edu.br\/cra\/calendario-academico-2021\/<\/p>\n<p>Qualquer d\u00favida e\/ou solicita\u00e7\u00e3o enviem e-mail para economia@ufpel.edu.br<\/p>\n<p>&nbsp;<\/p>\n","protected":false},"excerpt":{"rendered":"<p>Fiquem atentos \u00e0s datas do calend\u00e1rio acad\u00eamico. https:\/\/wp.ufpel.edu.br\/cra\/calendario-academico-2021\/ Qualquer d\u00favida e\/ou solicita\u00e7\u00e3o enviem e-mail para economia@ufpel.edu.br &nbsp;<\/p>\n","protected":false},"author":600,"featured_media":0,"comment_status":"closed","ping_status":"closed","sticky":false,"template":"","format":"standard","meta":{"footnotes":""},"categories":[1],"tags":[],"class_list":["post-1102","post","type-post","status-publish","format-standard","hentry","category-noticias"],"jetpack_featured_media_url":"","_links":{"self":[{"href":"https:\/\/wp.ufpel.edu.br\/economia\/wp-json\/wp\/v2\/posts\/1102","targetHints":{"allow":["GET"]}}],"collection":[{"href":"https:\/\/wp.ufpel.edu.br\/economia\/wp-json\/wp\/v2\/posts"}],"about":[{"href":"https:\/\/wp.ufpel.edu.br\/economia\/wp-json\/wp\/v2\/types\/post"}],"author":[{"embeddable":true,"href":"https:\/\/wp.ufpel.edu.br\/economia\/wp-json\/wp\/v2\/users\/600"}],"replies":[{"embeddable":true,"href":"https:\/\/wp.ufpel.edu.br\/economia\/wp-json\/wp\/v2\/comments?post=1102"}],"version-history":[{"count":1,"href":"https:\/\/wp.ufpel.edu.br\/economia\/wp-json\/wp\/v2\/posts\/1102\/revisions"}],"predecessor-version":[{"id":1104,"href":"https:\/\/wp.ufpel.edu.br\/economia\/wp-json\/wp\/v2\/posts\/1102\/revisions\/1104"}],"wp:attachment":[{"href":"https:\/\/wp.ufpel.edu.br\/economia\/wp-json\/wp\/v2\/media?parent=1102"}],"wp:term":[{"taxonomy":"category","embeddable":true,"href":"https:\/\/wp.ufpel.edu.br\/economia\/wp-json\/wp\/v2\/categories?post=1102"},{"taxonomy":"post_tag","embeddable":true,"href":"https:\/\/wp.ufpel.edu.br\/economia\/wp-json\/wp\/v2\/tags?post=1102"}],"curies":[{"name":"wp","href":"https:\/\/api.w.org\/{rel}","templated":true}]}}