{"id":621,"date":"2025-07-26T09:51:39","date_gmt":"2025-07-26T12:51:39","guid":{"rendered":"https:\/\/wp.ufpel.edu.br\/ecoesteticagp\/?p=621"},"modified":"2025-07-26T09:51:39","modified_gmt":"2025-07-26T12:51:39","slug":"621-2","status":"publish","type":"post","link":"https:\/\/wp.ufpel.edu.br\/ecoesteticagp\/621-2\/","title":{"rendered":""},"content":{"rendered":"<h1>Lan\u00e7amento do livro &#8220;El abec\u00e9 de la Educaci\u00f3n Est\u00e9tico-Ambiental&#8221;<\/h1>\n<p>No dia 25 de julho de 2025, no XXVI F\u00f3rum de Estudos: Leituras de Paulo Freire, aconteceu o lan\u00e7amento do livro &#8220;<a href=\"https:\/\/drive.google.com\/file\/d\/1GfVcmdOqHugUwar9HwvnmFonBvYSUvQu\/view?usp=drivesdk\">El abec\u00e9 de la Educaci\u00f3n Est\u00e9tico Ambiental<\/a>&#8221; do Professor Pablo Ren\u00e9 Est\u00e9vez, e j\u00e1 est\u00e1 dispon\u00edvel em nossa biblioteca.<\/p>\n<p><img loading=\"lazy\" decoding=\"async\" class=\"size-medium wp-image-624 alignnone\" src=\"https:\/\/wp.ufpel.edu.br\/ecoesteticagp\/files\/2025\/07\/IMG-20250725-WA0008-e1753534225744-272x400.jpg\" alt=\"\" width=\"272\" height=\"400\" srcset=\"https:\/\/wp.ufpel.edu.br\/ecoesteticagp\/files\/2025\/07\/IMG-20250725-WA0008-e1753534225744-272x400.jpg 272w, https:\/\/wp.ufpel.edu.br\/ecoesteticagp\/files\/2025\/07\/IMG-20250725-WA0008-e1753534225744-696x1024.jpg 696w, https:\/\/wp.ufpel.edu.br\/ecoesteticagp\/files\/2025\/07\/IMG-20250725-WA0008-e1753534225744.jpg 738w\" sizes=\"auto, (max-width: 272px) 100vw, 272px\" \/><img loading=\"lazy\" decoding=\"async\" class=\"size-medium wp-image-625 alignright\" src=\"https:\/\/wp.ufpel.edu.br\/ecoesteticagp\/files\/2025\/07\/IMG-20250725-WA0007-400x300.jpg\" alt=\"\" width=\"400\" height=\"300\" srcset=\"https:\/\/wp.ufpel.edu.br\/ecoesteticagp\/files\/2025\/07\/IMG-20250725-WA0007-400x300.jpg 400w, https:\/\/wp.ufpel.edu.br\/ecoesteticagp\/files\/2025\/07\/IMG-20250725-WA0007-1024x768.jpg 1024w, https:\/\/wp.ufpel.edu.br\/ecoesteticagp\/files\/2025\/07\/IMG-20250725-WA0007-768x576.jpg 768w, https:\/\/wp.ufpel.edu.br\/ecoesteticagp\/files\/2025\/07\/IMG-20250725-WA0007.jpg 1280w\" sizes=\"auto, (max-width: 400px) 100vw, 400px\" \/><!--nextpage--><\/p>\n","protected":false},"excerpt":{"rendered":"<p>Lan\u00e7amento do livro &#8220;El abec\u00e9 de la Educaci\u00f3n Est\u00e9tico-Ambiental&#8221; No dia 25 de julho de 2025, no XXVI F\u00f3rum de Estudos: Leituras de Paulo Freire, aconteceu o lan\u00e7amento do livro &#8220;El abec\u00e9 de la Educaci\u00f3n Est\u00e9tico Ambiental&#8221; do Professor Pablo Ren\u00e9 Est\u00e9vez, e j\u00e1 est\u00e1 dispon\u00edvel em nossa biblioteca.<\/p>\n","protected":false},"author":1264,"featured_media":0,"comment_status":"closed","ping_status":"closed","sticky":false,"template":"","format":"standard","meta":{"footnotes":""},"categories":[1],"tags":[],"class_list":["post-621","post","type-post","status-publish","format-standard","hentry","category-noticias"],"jetpack_featured_media_url":"","_links":{"self":[{"href":"https:\/\/wp.ufpel.edu.br\/ecoesteticagp\/wp-json\/wp\/v2\/posts\/621","targetHints":{"allow":["GET"]}}],"collection":[{"href":"https:\/\/wp.ufpel.edu.br\/ecoesteticagp\/wp-json\/wp\/v2\/posts"}],"about":[{"href":"https:\/\/wp.ufpel.edu.br\/ecoesteticagp\/wp-json\/wp\/v2\/types\/post"}],"author":[{"embeddable":true,"href":"https:\/\/wp.ufpel.edu.br\/ecoesteticagp\/wp-json\/wp\/v2\/users\/1264"}],"replies":[{"embeddable":true,"href":"https:\/\/wp.ufpel.edu.br\/ecoesteticagp\/wp-json\/wp\/v2\/comments?post=621"}],"version-history":[{"count":1,"href":"https:\/\/wp.ufpel.edu.br\/ecoesteticagp\/wp-json\/wp\/v2\/posts\/621\/revisions"}],"predecessor-version":[{"id":626,"href":"https:\/\/wp.ufpel.edu.br\/ecoesteticagp\/wp-json\/wp\/v2\/posts\/621\/revisions\/626"}],"wp:attachment":[{"href":"https:\/\/wp.ufpel.edu.br\/ecoesteticagp\/wp-json\/wp\/v2\/media?parent=621"}],"wp:term":[{"taxonomy":"category","embeddable":true,"href":"https:\/\/wp.ufpel.edu.br\/ecoesteticagp\/wp-json\/wp\/v2\/categories?post=621"},{"taxonomy":"post_tag","embeddable":true,"href":"https:\/\/wp.ufpel.edu.br\/ecoesteticagp\/wp-json\/wp\/v2\/tags?post=621"}],"curies":[{"name":"wp","href":"https:\/\/api.w.org\/{rel}","templated":true}]}}