{"id":618,"date":"2025-07-18T23:57:06","date_gmt":"2025-07-19T02:57:06","guid":{"rendered":"https:\/\/wp.ufpel.edu.br\/ecoesteticagp\/?p=618"},"modified":"2025-07-18T23:57:36","modified_gmt":"2025-07-19T02:57:36","slug":"618-2","status":"publish","type":"post","link":"https:\/\/wp.ufpel.edu.br\/ecoesteticagp\/618-2\/","title":{"rendered":""},"content":{"rendered":"<h1>45\u00b0 reuni\u00e3o do grupo Eco-Est\u00e9tica.<\/h1>\n<p>Prezados e prezadas, \u00e9 com imensa alegria que anunciamos a 45\u00ba reuni\u00e3o do grupo Eco-Est\u00e9tica, que acontecer\u00e1 no dia 22 de julho de 2025, a partir das 10hs.<\/p>\n<p>Teremos a participa\u00e7\u00e3o de nossa estimada integrante Lurima Est\u00e9vez Alvarez, da Universidad Central Marta Abreu de Las Villas, que apresentar\u00e1 o tema \u00bfC\u00f3mo implementar el concepto de sustentabilidad est\u00e9tica?<\/p>\n<p>Local da reuni\u00e3o: audit\u00f3rio do CEHUS &#8211; R. Cel. Alberto Rosa, 117 &#8211; Centro, Pelotas.<\/p>\n<p><img loading=\"lazy\" decoding=\"async\" class=\"size-medium wp-image-615 aligncenter\" src=\"https:\/\/wp.ufpel.edu.br\/ecoesteticagp\/files\/2025\/07\/WhatsApp-Image-2025-07-17-at-09.15.03-225x400.jpeg\" alt=\"\" width=\"225\" height=\"400\" srcset=\"https:\/\/wp.ufpel.edu.br\/ecoesteticagp\/files\/2025\/07\/WhatsApp-Image-2025-07-17-at-09.15.03-225x400.jpeg 225w, https:\/\/wp.ufpel.edu.br\/ecoesteticagp\/files\/2025\/07\/WhatsApp-Image-2025-07-17-at-09.15.03-576x1024.jpeg 576w, https:\/\/wp.ufpel.edu.br\/ecoesteticagp\/files\/2025\/07\/WhatsApp-Image-2025-07-17-at-09.15.03-768x1366.jpeg 768w, https:\/\/wp.ufpel.edu.br\/ecoesteticagp\/files\/2025\/07\/WhatsApp-Image-2025-07-17-at-09.15.03-864x1536.jpeg 864w, https:\/\/wp.ufpel.edu.br\/ecoesteticagp\/files\/2025\/07\/WhatsApp-Image-2025-07-17-at-09.15.03.jpeg 899w\" sizes=\"auto, (max-width: 225px) 100vw, 225px\" \/><\/p>\n","protected":false},"excerpt":{"rendered":"<p>45\u00b0 reuni\u00e3o do grupo Eco-Est\u00e9tica. Prezados e prezadas, \u00e9 com imensa alegria que anunciamos a 45\u00ba reuni\u00e3o do grupo Eco-Est\u00e9tica, que acontecer\u00e1 no dia 22 de julho de 2025, a partir das 10hs. Teremos a participa\u00e7\u00e3o de nossa estimada integrante Lurima Est\u00e9vez Alvarez, da Universidad Central Marta Abreu de Las Villas, que apresentar\u00e1 o tema [&hellip;]<\/p>\n","protected":false},"author":1264,"featured_media":0,"comment_status":"closed","ping_status":"closed","sticky":false,"template":"","format":"standard","meta":{"footnotes":""},"categories":[1],"tags":[],"class_list":["post-618","post","type-post","status-publish","format-standard","hentry","category-noticias"],"jetpack_featured_media_url":"","_links":{"self":[{"href":"https:\/\/wp.ufpel.edu.br\/ecoesteticagp\/wp-json\/wp\/v2\/posts\/618","targetHints":{"allow":["GET"]}}],"collection":[{"href":"https:\/\/wp.ufpel.edu.br\/ecoesteticagp\/wp-json\/wp\/v2\/posts"}],"about":[{"href":"https:\/\/wp.ufpel.edu.br\/ecoesteticagp\/wp-json\/wp\/v2\/types\/post"}],"author":[{"embeddable":true,"href":"https:\/\/wp.ufpel.edu.br\/ecoesteticagp\/wp-json\/wp\/v2\/users\/1264"}],"replies":[{"embeddable":true,"href":"https:\/\/wp.ufpel.edu.br\/ecoesteticagp\/wp-json\/wp\/v2\/comments?post=618"}],"version-history":[{"count":1,"href":"https:\/\/wp.ufpel.edu.br\/ecoesteticagp\/wp-json\/wp\/v2\/posts\/618\/revisions"}],"predecessor-version":[{"id":620,"href":"https:\/\/wp.ufpel.edu.br\/ecoesteticagp\/wp-json\/wp\/v2\/posts\/618\/revisions\/620"}],"wp:attachment":[{"href":"https:\/\/wp.ufpel.edu.br\/ecoesteticagp\/wp-json\/wp\/v2\/media?parent=618"}],"wp:term":[{"taxonomy":"category","embeddable":true,"href":"https:\/\/wp.ufpel.edu.br\/ecoesteticagp\/wp-json\/wp\/v2\/categories?post=618"},{"taxonomy":"post_tag","embeddable":true,"href":"https:\/\/wp.ufpel.edu.br\/ecoesteticagp\/wp-json\/wp\/v2\/tags?post=618"}],"curies":[{"name":"wp","href":"https:\/\/api.w.org\/{rel}","templated":true}]}}