{"id":82,"date":"2011-05-27T16:48:32","date_gmt":"2011-05-27T19:48:32","guid":{"rendered":"https:\/\/wp.ufpel.edu.br\/dsalxxi09\/?p=82"},"modified":"2011-05-28T00:08:52","modified_gmt":"2011-05-28T03:08:52","slug":"82","status":"publish","type":"post","link":"https:\/\/wp.ufpel.edu.br\/dsalxxi09\/2011\/05\/27\/82\/","title":{"rendered":"Apresenta\u00e7\u00e3o"},"content":{"rendered":"<p style=\"text-align: justify\">O Curso de <em>Especializa\u00e7\u00e3o em Direito Ambiental<\/em> e o Grupo de Pesquisa CNPq\/UFPel <em>A efetividade dos Direitos Humanos <\/em>da Faculdade de Direito da Universidade Federal de Pelotas tem a grande satisfa\u00e7\u00e3o de oferecer ao p\u00fablico os trabalhos reunidos na obra coletiva Direito e Sociedade na Am\u00e9rica Latina do S\u00e9culo XXI.<\/p>\n<p style=\"text-align: justify\">Esperamos que seja o primeiro de uma s\u00e9rie de trabalhos que retratem a coopera\u00e7\u00e3o cient\u00edfico entre professores, alunos e institui\u00e7\u00f5es do Brasil e do Exterior.<\/p>\n<p style=\"text-align: center\">Boa leitura.<\/p>\n<p style=\"text-align: right\">Prof. Lobato<\/p>\n","protected":false},"excerpt":{"rendered":"<p>O Curso de Especializa\u00e7\u00e3o em Direito Ambiental e o Grupo de Pesquisa CNPq\/UFPel A efetividade dos Direitos Humanos da Faculdade de Direito da Universidade Federal de Pelotas tem a grande satisfa\u00e7\u00e3o de oferecer ao p\u00fablico os trabalhos reunidos na obra coletiva Direito e Sociedade na Am\u00e9rica Latina do S\u00e9culo XXI. Esperamos que seja o primeiro &hellip; <\/p>\n<p><a class=\"more-link btn\" href=\"https:\/\/wp.ufpel.edu.br\/dsalxxi09\/2011\/05\/27\/82\/\">Continue lendo<\/a><\/p>\n","protected":false},"author":48,"featured_media":0,"comment_status":"closed","ping_status":"open","sticky":false,"template":"","format":"standard","meta":{"footnotes":""},"categories":[18],"tags":[],"class_list":["post-82","post","type-post","status-publish","format-standard","hentry","category-sem-categoria","nodate","item-wrap"],"jetpack_featured_media_url":"","_links":{"self":[{"href":"https:\/\/wp.ufpel.edu.br\/dsalxxi09\/wp-json\/wp\/v2\/posts\/82","targetHints":{"allow":["GET"]}}],"collection":[{"href":"https:\/\/wp.ufpel.edu.br\/dsalxxi09\/wp-json\/wp\/v2\/posts"}],"about":[{"href":"https:\/\/wp.ufpel.edu.br\/dsalxxi09\/wp-json\/wp\/v2\/types\/post"}],"author":[{"embeddable":true,"href":"https:\/\/wp.ufpel.edu.br\/dsalxxi09\/wp-json\/wp\/v2\/users\/48"}],"replies":[{"embeddable":true,"href":"https:\/\/wp.ufpel.edu.br\/dsalxxi09\/wp-json\/wp\/v2\/comments?post=82"}],"version-history":[{"count":3,"href":"https:\/\/wp.ufpel.edu.br\/dsalxxi09\/wp-json\/wp\/v2\/posts\/82\/revisions"}],"predecessor-version":[{"id":93,"href":"https:\/\/wp.ufpel.edu.br\/dsalxxi09\/wp-json\/wp\/v2\/posts\/82\/revisions\/93"}],"wp:attachment":[{"href":"https:\/\/wp.ufpel.edu.br\/dsalxxi09\/wp-json\/wp\/v2\/media?parent=82"}],"wp:term":[{"taxonomy":"category","embeddable":true,"href":"https:\/\/wp.ufpel.edu.br\/dsalxxi09\/wp-json\/wp\/v2\/categories?post=82"},{"taxonomy":"post_tag","embeddable":true,"href":"https:\/\/wp.ufpel.edu.br\/dsalxxi09\/wp-json\/wp\/v2\/tags?post=82"}],"curies":[{"name":"wp","href":"https:\/\/api.w.org\/{rel}","templated":true}]}}