{"id":178,"date":"2020-12-09T17:51:02","date_gmt":"2020-12-09T20:51:02","guid":{"rendered":"https:\/\/wp.ufpel.edu.br\/direitodeolhonosocial\/?p=178"},"modified":"2020-12-09T17:51:02","modified_gmt":"2020-12-09T20:51:02","slug":"acordo-de-cooperacao-com-o-conselho-municipal-de-saude-de-pelotas-cmspel","status":"publish","type":"post","link":"https:\/\/wp.ufpel.edu.br\/direitodeolhonosocial\/2020\/12\/09\/acordo-de-cooperacao-com-o-conselho-municipal-de-saude-de-pelotas-cmspel\/","title":{"rendered":"Acordo de coopera\u00e7\u00e3o com o Conselho Municipal de Sa\u00fade de Pelotas (CMSPEL)"},"content":{"rendered":"<p style=\"text-align: justify\"><strong>14.07.2020 &#8211; <\/strong>O projeto \u201cO Direito de Olho no Social\u201d estabeleceu acordo de coopera\u00e7\u00e3o com o Conselho Municipal de Sa\u00fade de Pelotas (CMSPEL), a fim de atender as demandas ligadas ao Conselho. O acordo foi firmado na presen\u00e7a do coordenador geral do CMSPEL, Luis Guilherme Belletti, da conselheira Eliana Bender e das coordenadoras do projeto, Karinne Emanoela Goettems dos Santos e Marcia R. Bertoldi. O projeto entregou um parecer sobre o Decreto n\u00ba 6.275 de 08 de maio de 2020 e, ao analisar a constitucionalidade e a legalidade do Decreto, o projeto o considerou constitucional e legal. O relat\u00f3rio foi realizado pelos discentes do PPGD\/UFPel Sthefany Vasconcellos Geyer, Victor Ribeiro da Costa e Pedro Coelho Marques, sob a orienta\u00e7\u00e3o do professor Guilherme Camargo Massa\u00fa e execu\u00e7\u00e3o da professora Karinne Emanoela Goettems dos Santos.\u00a0Para mais informa\u00e7\u00f5es, acesse a comunica\u00e7\u00e3o da UFPel: <a href=\"http:\/\/ccs2.ufpel.edu.br\/wp\/2020\/07\/14\/projeto-direito-de-olho-no-social-firma-parceria-com-o-conselho-municipal-de-saude\/\">http:\/\/ccs2.ufpel.edu.br\/wp\/2020\/07\/14\/projeto-direito-de-olho-no-social-firma-parceria-com-o-conselho-municipal-de-saude\/<\/a><\/p>\n<p><img class=\"size-medium wp-image-180 aligncenter\" src=\"https:\/\/wp.ufpel.edu.br\/direitodeolhonosocial\/files\/2020\/12\/CMSAUDE-400x183.jpeg\" alt=\"\" width=\"400\" height=\"183\" srcset=\"https:\/\/wp.ufpel.edu.br\/direitodeolhonosocial\/files\/2020\/12\/CMSAUDE-400x183.jpeg 400w, https:\/\/wp.ufpel.edu.br\/direitodeolhonosocial\/files\/2020\/12\/CMSAUDE-1024x468.jpeg 1024w, https:\/\/wp.ufpel.edu.br\/direitodeolhonosocial\/files\/2020\/12\/CMSAUDE-768x351.jpeg 768w, https:\/\/wp.ufpel.edu.br\/direitodeolhonosocial\/files\/2020\/12\/CMSAUDE.jpeg 1280w\" sizes=\"(max-width: 400px) 100vw, 400px\" \/><\/p>\n","protected":false},"excerpt":{"rendered":"<p>14.07.2020 &#8211; O projeto \u201cO Direito de Olho no Social\u201d estabeleceu acordo de coopera\u00e7\u00e3o com o Conselho Municipal de Sa\u00fade de Pelotas (CMSPEL), a fim de atender as demandas ligadas ao Conselho. O acordo foi firmado na presen\u00e7a do coordenador geral do CMSPEL, Luis Guilherme Belletti, da conselheira Eliana Bender e das coordenadoras do projeto, [&hellip;]<\/p>\n","protected":false},"author":1027,"featured_media":0,"comment_status":"closed","ping_status":"closed","sticky":false,"template":"","format":"standard","meta":{"footnotes":""},"categories":[1],"tags":[],"class_list":["post-178","post","type-post","status-publish","format-standard","hentry","category-noticias"],"jetpack_featured_media_url":"","_links":{"self":[{"href":"https:\/\/wp.ufpel.edu.br\/direitodeolhonosocial\/wp-json\/wp\/v2\/posts\/178","targetHints":{"allow":["GET"]}}],"collection":[{"href":"https:\/\/wp.ufpel.edu.br\/direitodeolhonosocial\/wp-json\/wp\/v2\/posts"}],"about":[{"href":"https:\/\/wp.ufpel.edu.br\/direitodeolhonosocial\/wp-json\/wp\/v2\/types\/post"}],"author":[{"embeddable":true,"href":"https:\/\/wp.ufpel.edu.br\/direitodeolhonosocial\/wp-json\/wp\/v2\/users\/1027"}],"replies":[{"embeddable":true,"href":"https:\/\/wp.ufpel.edu.br\/direitodeolhonosocial\/wp-json\/wp\/v2\/comments?post=178"}],"version-history":[{"count":1,"href":"https:\/\/wp.ufpel.edu.br\/direitodeolhonosocial\/wp-json\/wp\/v2\/posts\/178\/revisions"}],"predecessor-version":[{"id":181,"href":"https:\/\/wp.ufpel.edu.br\/direitodeolhonosocial\/wp-json\/wp\/v2\/posts\/178\/revisions\/181"}],"wp:attachment":[{"href":"https:\/\/wp.ufpel.edu.br\/direitodeolhonosocial\/wp-json\/wp\/v2\/media?parent=178"}],"wp:term":[{"taxonomy":"category","embeddable":true,"href":"https:\/\/wp.ufpel.edu.br\/direitodeolhonosocial\/wp-json\/wp\/v2\/categories?post=178"},{"taxonomy":"post_tag","embeddable":true,"href":"https:\/\/wp.ufpel.edu.br\/direitodeolhonosocial\/wp-json\/wp\/v2\/tags?post=178"}],"curies":[{"name":"wp","href":"https:\/\/api.w.org\/{rel}","templated":true}]}}