{"id":165,"date":"2020-12-09T17:43:10","date_gmt":"2020-12-09T20:43:10","guid":{"rendered":"https:\/\/wp.ufpel.edu.br\/direitodeolhonosocial\/?p=165"},"modified":"2020-12-09T17:43:10","modified_gmt":"2020-12-09T20:43:10","slug":"divulgacao-de-material-elaborado-pelo-tribunal-de-justica-do-rio-grande-do-sul-contra-a-violencia-domestica-em-tempos-de-covid-19","status":"publish","type":"post","link":"https:\/\/wp.ufpel.edu.br\/direitodeolhonosocial\/2020\/12\/09\/divulgacao-de-material-elaborado-pelo-tribunal-de-justica-do-rio-grande-do-sul-contra-a-violencia-domestica-em-tempos-de-covid-19\/","title":{"rendered":"Divulga\u00e7\u00e3o de material elaborado pelo Tribunal de Justi\u00e7a do Rio Grande do Sul contra a viol\u00eancia dom\u00e9stica em tempos de COVID-19"},"content":{"rendered":"<p style=\"text-align: justify\"><strong>24.04.2020 &#8211; O PPGD\/UFPel, em parceria com o projeto de extens\u00e3o \u201cDireito de Olho no Social\u201d e SAJ\/UFPEL, auxilia na divulga\u00e7\u00e3o de material elaborado pelo Tribunal de Justi\u00e7a do Rio Grande do Sul contra a viol\u00eancia dom\u00e9stica em tempos de COVID-19. Atrav\u00e9s do projeto, foi poss\u00edvel a impress\u00e3o de c\u00f3pias junto \u00e0 gr\u00e1fica da UFPel. A distribui\u00e7\u00e3o do material foi realizada pela Patrulha Maria da Penha, da Brigada Militar em Pelotas, em estabelecimentos de bairros diversos da cidade. O link da not\u00edcia pode ser conferido <a href=\"https:\/\/www.tjrs.jus.br\/novo\/noticia\/quarentena-sem-violencia-campanha-recebe-a-parceria-da-ufpel-e-bm\/\">aqui.<\/a><\/strong><\/p>\n<p><img class=\"size-full wp-image-167 aligncenter\" src=\"https:\/\/wp.ufpel.edu.br\/direitodeolhonosocial\/files\/2020\/12\/brigadiano-colando-cartaz-2-web-370x280-2.jpg\" alt=\"\" width=\"370\" height=\"280\" \/> <img class=\"size-medium wp-image-168 aligncenter\" src=\"https:\/\/wp.ufpel.edu.br\/direitodeolhonosocial\/files\/2020\/12\/quarentena-sem-violencia-291x400.jpeg\" alt=\"\" width=\"291\" height=\"400\" srcset=\"https:\/\/wp.ufpel.edu.br\/direitodeolhonosocial\/files\/2020\/12\/quarentena-sem-violencia-291x400.jpeg 291w, https:\/\/wp.ufpel.edu.br\/direitodeolhonosocial\/files\/2020\/12\/quarentena-sem-violencia.jpeg 746w\" sizes=\"(max-width: 291px) 100vw, 291px\" \/><\/p>\n","protected":false},"excerpt":{"rendered":"<p>24.04.2020 &#8211; O PPGD\/UFPel, em parceria com o projeto de extens\u00e3o \u201cDireito de Olho no Social\u201d e SAJ\/UFPEL, auxilia na divulga\u00e7\u00e3o de material elaborado pelo Tribunal de Justi\u00e7a do Rio Grande do Sul contra a viol\u00eancia dom\u00e9stica em tempos de COVID-19. Atrav\u00e9s do projeto, foi poss\u00edvel a impress\u00e3o de c\u00f3pias junto \u00e0 gr\u00e1fica da UFPel. [&hellip;]<\/p>\n","protected":false},"author":1027,"featured_media":0,"comment_status":"closed","ping_status":"closed","sticky":false,"template":"","format":"standard","meta":{"footnotes":""},"categories":[1],"tags":[],"class_list":["post-165","post","type-post","status-publish","format-standard","hentry","category-noticias"],"jetpack_featured_media_url":"","_links":{"self":[{"href":"https:\/\/wp.ufpel.edu.br\/direitodeolhonosocial\/wp-json\/wp\/v2\/posts\/165","targetHints":{"allow":["GET"]}}],"collection":[{"href":"https:\/\/wp.ufpel.edu.br\/direitodeolhonosocial\/wp-json\/wp\/v2\/posts"}],"about":[{"href":"https:\/\/wp.ufpel.edu.br\/direitodeolhonosocial\/wp-json\/wp\/v2\/types\/post"}],"author":[{"embeddable":true,"href":"https:\/\/wp.ufpel.edu.br\/direitodeolhonosocial\/wp-json\/wp\/v2\/users\/1027"}],"replies":[{"embeddable":true,"href":"https:\/\/wp.ufpel.edu.br\/direitodeolhonosocial\/wp-json\/wp\/v2\/comments?post=165"}],"version-history":[{"count":1,"href":"https:\/\/wp.ufpel.edu.br\/direitodeolhonosocial\/wp-json\/wp\/v2\/posts\/165\/revisions"}],"predecessor-version":[{"id":169,"href":"https:\/\/wp.ufpel.edu.br\/direitodeolhonosocial\/wp-json\/wp\/v2\/posts\/165\/revisions\/169"}],"wp:attachment":[{"href":"https:\/\/wp.ufpel.edu.br\/direitodeolhonosocial\/wp-json\/wp\/v2\/media?parent=165"}],"wp:term":[{"taxonomy":"category","embeddable":true,"href":"https:\/\/wp.ufpel.edu.br\/direitodeolhonosocial\/wp-json\/wp\/v2\/categories?post=165"},{"taxonomy":"post_tag","embeddable":true,"href":"https:\/\/wp.ufpel.edu.br\/direitodeolhonosocial\/wp-json\/wp\/v2\/tags?post=165"}],"curies":[{"name":"wp","href":"https:\/\/api.w.org\/{rel}","templated":true}]}}