{"id":161,"date":"2020-12-09T17:39:48","date_gmt":"2020-12-09T20:39:48","guid":{"rendered":"https:\/\/wp.ufpel.edu.br\/direitodeolhonosocial\/?p=161"},"modified":"2020-12-09T17:39:48","modified_gmt":"2020-12-09T20:39:48","slug":"cartilha-sobre-a-clt-e-a-covid-19","status":"publish","type":"post","link":"https:\/\/wp.ufpel.edu.br\/direitodeolhonosocial\/2020\/12\/09\/cartilha-sobre-a-clt-e-a-covid-19\/","title":{"rendered":"Cartilha sobre a CLT e a COVID-19"},"content":{"rendered":"<p style=\"text-align: justify\"><strong>21.04.2020 &#8211;\u00a0<\/strong>Cartilha sobre a CLT e a COVID-19, com arte da mestranda Ana Carolina Julio, \u00e9 elaborada pelo \u201cDireito de Olho no Social\u201d da UFPEL, PPGD\/UFPEL e SAJ\/UFPEL. O material \u00e9 destinado \u00e0 popula\u00e7\u00e3o em geral, com o objetivo de esclarecer d\u00favidas em rela\u00e7\u00e3o ao Programa Emergencial de Manuten\u00e7\u00e3o do Emprego e Renda.<\/p>\n<p><img class=\"size-medium wp-image-163 aligncenter\" src=\"https:\/\/wp.ufpel.edu.br\/direitodeolhonosocial\/files\/2020\/12\/WhatsApp-Image-2020-04-21-at-10.02.10-400x400.jpeg\" alt=\"\" width=\"400\" height=\"400\" srcset=\"https:\/\/wp.ufpel.edu.br\/direitodeolhonosocial\/files\/2020\/12\/WhatsApp-Image-2020-04-21-at-10.02.10-400x400.jpeg 400w, https:\/\/wp.ufpel.edu.br\/direitodeolhonosocial\/files\/2020\/12\/WhatsApp-Image-2020-04-21-at-10.02.10-1024x1024.jpeg 1024w, https:\/\/wp.ufpel.edu.br\/direitodeolhonosocial\/files\/2020\/12\/WhatsApp-Image-2020-04-21-at-10.02.10-200x200.jpeg 200w, https:\/\/wp.ufpel.edu.br\/direitodeolhonosocial\/files\/2020\/12\/WhatsApp-Image-2020-04-21-at-10.02.10-768x768.jpeg 768w, https:\/\/wp.ufpel.edu.br\/direitodeolhonosocial\/files\/2020\/12\/WhatsApp-Image-2020-04-21-at-10.02.10.jpeg 1280w\" sizes=\"(max-width: 400px) 100vw, 400px\" \/><\/p>\n","protected":false},"excerpt":{"rendered":"<p>21.04.2020 &#8211;\u00a0Cartilha sobre a CLT e a COVID-19, com arte da mestranda Ana Carolina Julio, \u00e9 elaborada pelo \u201cDireito de Olho no Social\u201d da UFPEL, PPGD\/UFPEL e SAJ\/UFPEL. O material \u00e9 destinado \u00e0 popula\u00e7\u00e3o em geral, com o objetivo de esclarecer d\u00favidas em rela\u00e7\u00e3o ao Programa Emergencial de Manuten\u00e7\u00e3o do Emprego e Renda.<\/p>\n","protected":false},"author":1027,"featured_media":0,"comment_status":"closed","ping_status":"closed","sticky":false,"template":"","format":"standard","meta":{"footnotes":""},"categories":[1],"tags":[],"class_list":["post-161","post","type-post","status-publish","format-standard","hentry","category-noticias"],"jetpack_featured_media_url":"","_links":{"self":[{"href":"https:\/\/wp.ufpel.edu.br\/direitodeolhonosocial\/wp-json\/wp\/v2\/posts\/161","targetHints":{"allow":["GET"]}}],"collection":[{"href":"https:\/\/wp.ufpel.edu.br\/direitodeolhonosocial\/wp-json\/wp\/v2\/posts"}],"about":[{"href":"https:\/\/wp.ufpel.edu.br\/direitodeolhonosocial\/wp-json\/wp\/v2\/types\/post"}],"author":[{"embeddable":true,"href":"https:\/\/wp.ufpel.edu.br\/direitodeolhonosocial\/wp-json\/wp\/v2\/users\/1027"}],"replies":[{"embeddable":true,"href":"https:\/\/wp.ufpel.edu.br\/direitodeolhonosocial\/wp-json\/wp\/v2\/comments?post=161"}],"version-history":[{"count":1,"href":"https:\/\/wp.ufpel.edu.br\/direitodeolhonosocial\/wp-json\/wp\/v2\/posts\/161\/revisions"}],"predecessor-version":[{"id":164,"href":"https:\/\/wp.ufpel.edu.br\/direitodeolhonosocial\/wp-json\/wp\/v2\/posts\/161\/revisions\/164"}],"wp:attachment":[{"href":"https:\/\/wp.ufpel.edu.br\/direitodeolhonosocial\/wp-json\/wp\/v2\/media?parent=161"}],"wp:term":[{"taxonomy":"category","embeddable":true,"href":"https:\/\/wp.ufpel.edu.br\/direitodeolhonosocial\/wp-json\/wp\/v2\/categories?post=161"},{"taxonomy":"post_tag","embeddable":true,"href":"https:\/\/wp.ufpel.edu.br\/direitodeolhonosocial\/wp-json\/wp\/v2\/tags?post=161"}],"curies":[{"name":"wp","href":"https:\/\/api.w.org\/{rel}","templated":true}]}}