{"id":156,"date":"2020-12-09T17:37:04","date_gmt":"2020-12-09T20:37:04","guid":{"rendered":"https:\/\/wp.ufpel.edu.br\/direitodeolhonosocial\/?p=156"},"modified":"2020-12-09T17:37:14","modified_gmt":"2020-12-09T20:37:14","slug":"videochamada-com-o-professor-fabiano-fritzen","status":"publish","type":"post","link":"https:\/\/wp.ufpel.edu.br\/direitodeolhonosocial\/2020\/12\/09\/videochamada-com-o-professor-fabiano-fritzen\/","title":{"rendered":"Video chamada com o professor Fabiano Fritzen"},"content":{"rendered":"<p style=\"text-align: justify\"><strong>20.04.20 &#8211; Na tarde de 20\/04\/2020, integrantes do projeto \u201cO DIREITO DE OLHO NO SOCIAL\u201d conversaram por videochamada com o professor Fabiano Fritzen, coordenador do projeto de pesquisa \u201cORGANIZA\u00c7\u00c3O DOS TRABALHADORES DE EMPRESAS-APLICATIVO NO CONTEXTO DE FETICHIZA\u00c7\u00c3O DA LIBERDADE. O professor explanou sobre a realidade vivenciada por esses trabalhadores e o grupo discutiu sobre a produ\u00e7\u00e3o de um material informativo dos benef\u00edcios que podem ser acessados por trabalhadores da Uber e da 99 em tempos de COVID-19. A cartilha ser\u00e1 elaborada pelo projeto \u201cO DIREITO DE OLHO NO SOCIAL\u201d e encaminhada ao professor Fabiano que, por sua vez, divulgar\u00e1 para os motoristas de aplicativos atrav\u00e9s de suas redes de contato com esse p\u00fablico alvo.<\/strong><\/p>\n<p><img class=\"size-medium wp-image-158 aligncenter\" src=\"https:\/\/wp.ufpel.edu.br\/direitodeolhonosocial\/files\/2020\/12\/sala-virtual-400x256.png\" alt=\"\" width=\"400\" height=\"256\" srcset=\"https:\/\/wp.ufpel.edu.br\/direitodeolhonosocial\/files\/2020\/12\/sala-virtual-400x256.png 400w, https:\/\/wp.ufpel.edu.br\/direitodeolhonosocial\/files\/2020\/12\/sala-virtual-768x492.png 768w, https:\/\/wp.ufpel.edu.br\/direitodeolhonosocial\/files\/2020\/12\/sala-virtual.png 810w\" sizes=\"(max-width: 400px) 100vw, 400px\" \/><\/p>\n","protected":false},"excerpt":{"rendered":"<p>20.04.20 &#8211; Na tarde de 20\/04\/2020, integrantes do projeto \u201cO DIREITO DE OLHO NO SOCIAL\u201d conversaram por videochamada com o professor Fabiano Fritzen, coordenador do projeto de pesquisa \u201cORGANIZA\u00c7\u00c3O DOS TRABALHADORES DE EMPRESAS-APLICATIVO NO CONTEXTO DE FETICHIZA\u00c7\u00c3O DA LIBERDADE. O professor explanou sobre a realidade vivenciada por esses trabalhadores e o grupo discutiu sobre a [&hellip;]<\/p>\n","protected":false},"author":1027,"featured_media":0,"comment_status":"closed","ping_status":"closed","sticky":false,"template":"","format":"standard","meta":{"footnotes":""},"categories":[1],"tags":[],"class_list":["post-156","post","type-post","status-publish","format-standard","hentry","category-noticias"],"jetpack_featured_media_url":"","_links":{"self":[{"href":"https:\/\/wp.ufpel.edu.br\/direitodeolhonosocial\/wp-json\/wp\/v2\/posts\/156","targetHints":{"allow":["GET"]}}],"collection":[{"href":"https:\/\/wp.ufpel.edu.br\/direitodeolhonosocial\/wp-json\/wp\/v2\/posts"}],"about":[{"href":"https:\/\/wp.ufpel.edu.br\/direitodeolhonosocial\/wp-json\/wp\/v2\/types\/post"}],"author":[{"embeddable":true,"href":"https:\/\/wp.ufpel.edu.br\/direitodeolhonosocial\/wp-json\/wp\/v2\/users\/1027"}],"replies":[{"embeddable":true,"href":"https:\/\/wp.ufpel.edu.br\/direitodeolhonosocial\/wp-json\/wp\/v2\/comments?post=156"}],"version-history":[{"count":2,"href":"https:\/\/wp.ufpel.edu.br\/direitodeolhonosocial\/wp-json\/wp\/v2\/posts\/156\/revisions"}],"predecessor-version":[{"id":160,"href":"https:\/\/wp.ufpel.edu.br\/direitodeolhonosocial\/wp-json\/wp\/v2\/posts\/156\/revisions\/160"}],"wp:attachment":[{"href":"https:\/\/wp.ufpel.edu.br\/direitodeolhonosocial\/wp-json\/wp\/v2\/media?parent=156"}],"wp:term":[{"taxonomy":"category","embeddable":true,"href":"https:\/\/wp.ufpel.edu.br\/direitodeolhonosocial\/wp-json\/wp\/v2\/categories?post=156"},{"taxonomy":"post_tag","embeddable":true,"href":"https:\/\/wp.ufpel.edu.br\/direitodeolhonosocial\/wp-json\/wp\/v2\/tags?post=156"}],"curies":[{"name":"wp","href":"https:\/\/api.w.org\/{rel}","templated":true}]}}