{"id":147,"date":"2020-12-09T17:33:32","date_gmt":"2020-12-09T20:33:32","guid":{"rendered":"https:\/\/wp.ufpel.edu.br\/direitodeolhonosocial\/?p=147"},"modified":"2020-12-09T17:34:04","modified_gmt":"2020-12-09T20:34:04","slug":"elaboracao-manual-sobre-como-receber-o-auxilio-emergencial-em-tempos-de-covid-19","status":"publish","type":"post","link":"https:\/\/wp.ufpel.edu.br\/direitodeolhonosocial\/2020\/12\/09\/elaboracao-manual-sobre-como-receber-o-auxilio-emergencial-em-tempos-de-covid-19\/","title":{"rendered":"Elabora\u00e7\u00e3o, manual sobre como receber o aux\u00edlio emergencial em tempos de COVID-19"},"content":{"rendered":"<p><strong>07.04.2020 &#8211;\u00a0<\/strong>Manual sobre como receber o aux\u00edlio emergencial em tempos de COVID-19 \u00e9 elaborado pelo projeto de extens\u00e3o \u201cDireito de Olho no Social\u201d da UFPEL, PPGD\/UFPEL e SAJ\/UFPEL. Confira no link: <a href=\"https:\/\/wp.ufpel.edu.br\/ppgd\/files\/2020\/04\/M\u00eddias-Aux\u00edlio-Emergencial.pdf\">Como receber o Aux\u00edlio Emergencial em tempos de COVID-19.\u00a0<\/a><\/p>\n<p>No dia 14.04.20 o manual foi traduzido por Miguel Fuentes Guevara, integrante do Projeto de extens\u00e3o para tradu\u00e7\u00e3o, media\u00e7\u00e3o lingu\u00edstica e dissemina\u00e7\u00e3o de informa\u00e7\u00f5es \u00e0 comunidade do Centro de Letras da UFPel, coordenado pela Profa. Andrea Kahmann. O material traduzido pode ser conferido no link a seguir: <a href=\"https:\/\/wp.ufpel.edu.br\/ppgd\/files\/2020\/04\/Tradu\u00e7\u00e3o-Aux\u00edlio.pdf\">Tradu\u00e7\u00e3o \u2013 Aux\u00edlio Emergencial<\/a>.<\/p>\n<p><img class=\"size-medium wp-image-149 aligncenter\" src=\"https:\/\/wp.ufpel.edu.br\/direitodeolhonosocial\/files\/2020\/12\/WhatsApp-Image-2020-04-07-at-17.11.01-320x400.jpeg\" alt=\"\" width=\"320\" height=\"400\" srcset=\"https:\/\/wp.ufpel.edu.br\/direitodeolhonosocial\/files\/2020\/12\/WhatsApp-Image-2020-04-07-at-17.11.01-320x400.jpeg 320w, https:\/\/wp.ufpel.edu.br\/direitodeolhonosocial\/files\/2020\/12\/WhatsApp-Image-2020-04-07-at-17.11.01.jpeg 600w\" sizes=\"(max-width: 320px) 100vw, 320px\" \/><\/p>\n<p>&nbsp;<\/p>\n","protected":false},"excerpt":{"rendered":"<p>07.04.2020 &#8211;\u00a0Manual sobre como receber o aux\u00edlio emergencial em tempos de COVID-19 \u00e9 elaborado pelo projeto de extens\u00e3o \u201cDireito de Olho no Social\u201d da UFPEL, PPGD\/UFPEL e SAJ\/UFPEL. Confira no link: Como receber o Aux\u00edlio Emergencial em tempos de COVID-19.\u00a0 No dia 14.04.20 o manual foi traduzido por Miguel Fuentes Guevara, integrante do Projeto de [&hellip;]<\/p>\n","protected":false},"author":1027,"featured_media":0,"comment_status":"closed","ping_status":"closed","sticky":false,"template":"","format":"standard","meta":{"footnotes":""},"categories":[1],"tags":[],"class_list":["post-147","post","type-post","status-publish","format-standard","hentry","category-noticias"],"jetpack_featured_media_url":"","_links":{"self":[{"href":"https:\/\/wp.ufpel.edu.br\/direitodeolhonosocial\/wp-json\/wp\/v2\/posts\/147","targetHints":{"allow":["GET"]}}],"collection":[{"href":"https:\/\/wp.ufpel.edu.br\/direitodeolhonosocial\/wp-json\/wp\/v2\/posts"}],"about":[{"href":"https:\/\/wp.ufpel.edu.br\/direitodeolhonosocial\/wp-json\/wp\/v2\/types\/post"}],"author":[{"embeddable":true,"href":"https:\/\/wp.ufpel.edu.br\/direitodeolhonosocial\/wp-json\/wp\/v2\/users\/1027"}],"replies":[{"embeddable":true,"href":"https:\/\/wp.ufpel.edu.br\/direitodeolhonosocial\/wp-json\/wp\/v2\/comments?post=147"}],"version-history":[{"count":2,"href":"https:\/\/wp.ufpel.edu.br\/direitodeolhonosocial\/wp-json\/wp\/v2\/posts\/147\/revisions"}],"predecessor-version":[{"id":151,"href":"https:\/\/wp.ufpel.edu.br\/direitodeolhonosocial\/wp-json\/wp\/v2\/posts\/147\/revisions\/151"}],"wp:attachment":[{"href":"https:\/\/wp.ufpel.edu.br\/direitodeolhonosocial\/wp-json\/wp\/v2\/media?parent=147"}],"wp:term":[{"taxonomy":"category","embeddable":true,"href":"https:\/\/wp.ufpel.edu.br\/direitodeolhonosocial\/wp-json\/wp\/v2\/categories?post=147"},{"taxonomy":"post_tag","embeddable":true,"href":"https:\/\/wp.ufpel.edu.br\/direitodeolhonosocial\/wp-json\/wp\/v2\/tags?post=147"}],"curies":[{"name":"wp","href":"https:\/\/api.w.org\/{rel}","templated":true}]}}