{"id":3210,"date":"2026-09-01T12:10:13","date_gmt":"2026-09-01T15:10:13","guid":{"rendered":"https:\/\/wp.ufpel.edu.br\/direito\/?p=3210"},"modified":"2026-09-01T12:10:13","modified_gmt":"2026-09-01T15:10:13","slug":"resultado-do-edital-de-selecao-da-clinica-de-direitos-humanos-cdh-ufpel","status":"publish","type":"post","link":"https:\/\/wp.ufpel.edu.br\/direito\/2026\/09\/01\/resultado-do-edital-de-selecao-da-clinica-de-direitos-humanos-cdh-ufpel\/","title":{"rendered":"Resultado do Edital de Sele\u00e7\u00e3o da Cl\u00ednica de Direitos Humanos \u2013 CDH\/UFPel"},"content":{"rendered":"<p><a href=\"https:\/\/wp.ufpel.edu.br\/direito\/files\/2026\/08\/Captura-de-tela-2026-08-10-112732.png\"><img class=\"aligncenter wp-image-3199 size-thumbnail\"  src=\"data:image\/svg+xml,%3Csvg xmlns=\"http:\/\/www.w3.org\/2000\/svg\" viewBox=\"0 0 1 1\"%3E%3C\/svg%3E\" data-src=\"https:\/\/wp.ufpel.edu.br\/direito\/files\/2026\/08\/Captura-de-tela-2026-08-10-112732-200x200.png\" class=\"lazy-load\" loading=\"lazy\" decoding=\"async\" alt=\"\" width=\"200\" height=\"200\" \/><\/a><\/p>\n<p>A Cl\u00ednica de Direitos Humanos (CDH) da Faculdade de Direito da Universidade Federal de Pelotas torna p\u00fablico o resultado do edital de sele\u00e7\u00e3o e composi\u00e7\u00e3o das equipes que integrar\u00e3o o projeto no per\u00edodo de 2026\/02 e 2027.<\/p>\n<p>Consulte aqui: &#x27a1;&#xfe0f;<a href=\"https:\/\/wp.ufpel.edu.br\/direito\/files\/2026\/09\/Edital-2026-CDH-UFPEL-RESULTADO.pdf\">Edital 2026 CDH UFPEL &#8211; RESULTADO<\/a><\/p>\n","protected":false},"excerpt":{"rendered":"<p>A Cl\u00ednica de Direitos Humanos (CDH) da Faculdade de Direito da Universidade Federal de Pelotas torna p\u00fablico o resultado do edital de sele\u00e7\u00e3o e composi\u00e7\u00e3o das equipes que integrar\u00e3o o projeto no per\u00edodo de 2026\/02 e 2027. Consulte aqui: &#x27a1;&#xfe0f;Edital 2026 CDH UFPEL &#8211; RESULTADO<\/p>\n","protected":false},"author":97,"featured_media":3199,"comment_status":"closed","ping_status":"closed","sticky":false,"template":"","format":"standard","meta":{"footnotes":""},"categories":[33470,33379,33476],"tags":[33543,33542,33531,33456,33442,33544,33449,33435,33507,33436],"class_list":["post-3210","post","type-post","status-publish","format-standard","has-post-thumbnail","hentry","category-avisos","category-editais","category-recentes","tag-cdh-ufpel","tag-clinica-de-direitos-humanos","tag-direitos-humanos","tag-edital","tag-extensao","tag-graduacao","tag-pesquisa","tag-pos-graduacao","tag-selecao","tag-ufpel"],"jetpack_featured_media_url":"https:\/\/wp.ufpel.edu.br\/direito\/files\/2026\/08\/Captura-de-tela-2026-08-10-112732.png","publishpress_future_action":{"enabled":false,"date":"2026-09-10 14:30:12","action":"change-status","newStatus":"draft","terms":[],"taxonomy":"category","extraData":[]},"publishpress_future_workflow_manual_trigger":{"enabledWorkflows":[]},"_links":{"self":[{"href":"https:\/\/wp.ufpel.edu.br\/direito\/wp-json\/wp\/v2\/posts\/3210","targetHints":{"allow":["GET"]}}],"collection":[{"href":"https:\/\/wp.ufpel.edu.br\/direito\/wp-json\/wp\/v2\/posts"}],"about":[{"href":"https:\/\/wp.ufpel.edu.br\/direito\/wp-json\/wp\/v2\/types\/post"}],"author":[{"embeddable":true,"href":"https:\/\/wp.ufpel.edu.br\/direito\/wp-json\/wp\/v2\/users\/97"}],"replies":[{"embeddable":true,"href":"https:\/\/wp.ufpel.edu.br\/direito\/wp-json\/wp\/v2\/comments?post=3210"}],"version-history":[{"count":1,"href":"https:\/\/wp.ufpel.edu.br\/direito\/wp-json\/wp\/v2\/posts\/3210\/revisions"}],"predecessor-version":[{"id":3213,"href":"https:\/\/wp.ufpel.edu.br\/direito\/wp-json\/wp\/v2\/posts\/3210\/revisions\/3213"}],"wp:featuredmedia":[{"embeddable":true,"href":"https:\/\/wp.ufpel.edu.br\/direito\/wp-json\/wp\/v2\/media\/3199"}],"wp:attachment":[{"href":"https:\/\/wp.ufpel.edu.br\/direito\/wp-json\/wp\/v2\/media?parent=3210"}],"wp:term":[{"taxonomy":"category","embeddable":true,"href":"https:\/\/wp.ufpel.edu.br\/direito\/wp-json\/wp\/v2\/categories?post=3210"},{"taxonomy":"post_tag","embeddable":true,"href":"https:\/\/wp.ufpel.edu.br\/direito\/wp-json\/wp\/v2\/tags?post=3210"}],"curies":[{"name":"wp","href":"https:\/\/api.w.org\/{rel}","templated":true}]}}