{"id":3140,"date":"2026-04-27T19:38:13","date_gmt":"2026-04-27T22:38:13","guid":{"rendered":"https:\/\/wp.ufpel.edu.br\/direito\/?p=3140"},"modified":"2026-04-27T19:38:13","modified_gmt":"2026-04-27T22:38:13","slug":"resultado-do-edital-de-selecao-para-o-balcao-do-consumidor-saj-ufpel","status":"publish","type":"post","link":"https:\/\/wp.ufpel.edu.br\/direito\/2026\/04\/27\/resultado-do-edital-de-selecao-para-o-balcao-do-consumidor-saj-ufpel\/","title":{"rendered":"Resultado do Edital de sele\u00e7\u00e3o para o Balc\u00e3o do Consumidor SAJ\/UFPel"},"content":{"rendered":"<p><a href=\"https:\/\/wp.ufpel.edu.br\/direito\/files\/2026\/04\/WhatsApp-Image-2025-08-22-at-15.50.38-1.jpeg\"><img class=\"aligncenter wp-image-3131 size-thumbnail\"  src=\"data:image\/svg+xml,%3Csvg xmlns=\"http:\/\/www.w3.org\/2000\/svg\" viewBox=\"0 0 1 1\"%3E%3C\/svg%3E\" data-src=\"https:\/\/wp.ufpel.edu.br\/direito\/files\/2026\/04\/WhatsApp-Image-2025-08-22-at-15.50.38-1-200x200.jpeg\" class=\"lazy-load\" loading=\"lazy\" decoding=\"async\" alt=\"\" width=\"200\" height=\"200\" \/><\/a><\/p>\n<p>A Faculdade de Direito torna p\u00fablico o resultado do Edital de Sele\u00e7\u00e3o de Discentes Volunt\u00e1rios para o Projeto Unificado com \u00eanfase em extens\u00e3o Balc\u00e3o do Consumidor SAJ\/UFPel, que oferece forma\u00e7\u00e3o acad\u00eamica pr\u00e1tica em Direito do Consumidor.<\/p>\n<p>Conhe\u00e7a os alunos(as) aprovados(as) &#x27a1;&#xfe0f;<a href=\"https:\/\/wp.ufpel.edu.br\/direito\/files\/2026\/04\/2026_Resultado_Edital_de_Selecao_de_Discentes_Voluntarios_Balcao_do_Consumidor_assinado.pdf\">2026 Resultado Edital de Selecao de Discentes Voluntarios Balc\u00e3o do Consumidor<\/a><\/p>\n<p>&nbsp;<\/p>\n","protected":false},"excerpt":{"rendered":"<p>A Faculdade de Direito torna p\u00fablico o resultado do Edital de Sele\u00e7\u00e3o de Discentes Volunt\u00e1rios para o Projeto Unificado com \u00eanfase em extens\u00e3o Balc\u00e3o do Consumidor SAJ\/UFPel, que oferece forma\u00e7\u00e3o acad\u00eamica pr\u00e1tica em Direito do Consumidor. Conhe\u00e7a os alunos(as) aprovados(as) &#x27a1;&#xfe0f;2026 Resultado Edital de Selecao de Discentes Voluntarios Balc\u00e3o do Consumidor &nbsp;<\/p>\n","protected":false},"author":97,"featured_media":3131,"comment_status":"closed","ping_status":"closed","sticky":false,"template":"","format":"standard","meta":{"footnotes":""},"categories":[33379,33440,33476],"tags":[33527,33528,33456,33442,33489,33507],"class_list":["post-3140","post","type-post","status-publish","format-standard","has-post-thumbnail","hentry","category-editais","category-extensao","category-recentes","tag-balcao-do-consumidor","tag-direito-do-consumidor","tag-edital","tag-extensao","tag-saj","tag-selecao"],"jetpack_featured_media_url":"https:\/\/wp.ufpel.edu.br\/direito\/files\/2026\/04\/WhatsApp-Image-2025-08-22-at-15.50.38-1.jpeg","publishpress_future_action":{"enabled":false,"date":"2026-05-06 22:16:51","action":"change-status","newStatus":"draft","terms":[],"taxonomy":"category","extraData":[]},"publishpress_future_workflow_manual_trigger":{"enabledWorkflows":[]},"_links":{"self":[{"href":"https:\/\/wp.ufpel.edu.br\/direito\/wp-json\/wp\/v2\/posts\/3140","targetHints":{"allow":["GET"]}}],"collection":[{"href":"https:\/\/wp.ufpel.edu.br\/direito\/wp-json\/wp\/v2\/posts"}],"about":[{"href":"https:\/\/wp.ufpel.edu.br\/direito\/wp-json\/wp\/v2\/types\/post"}],"author":[{"embeddable":true,"href":"https:\/\/wp.ufpel.edu.br\/direito\/wp-json\/wp\/v2\/users\/97"}],"replies":[{"embeddable":true,"href":"https:\/\/wp.ufpel.edu.br\/direito\/wp-json\/wp\/v2\/comments?post=3140"}],"version-history":[{"count":1,"href":"https:\/\/wp.ufpel.edu.br\/direito\/wp-json\/wp\/v2\/posts\/3140\/revisions"}],"predecessor-version":[{"id":3143,"href":"https:\/\/wp.ufpel.edu.br\/direito\/wp-json\/wp\/v2\/posts\/3140\/revisions\/3143"}],"wp:featuredmedia":[{"embeddable":true,"href":"https:\/\/wp.ufpel.edu.br\/direito\/wp-json\/wp\/v2\/media\/3131"}],"wp:attachment":[{"href":"https:\/\/wp.ufpel.edu.br\/direito\/wp-json\/wp\/v2\/media?parent=3140"}],"wp:term":[{"taxonomy":"category","embeddable":true,"href":"https:\/\/wp.ufpel.edu.br\/direito\/wp-json\/wp\/v2\/categories?post=3140"},{"taxonomy":"post_tag","embeddable":true,"href":"https:\/\/wp.ufpel.edu.br\/direito\/wp-json\/wp\/v2\/tags?post=3140"}],"curies":[{"name":"wp","href":"https:\/\/api.w.org\/{rel}","templated":true}]}}