{"id":3134,"date":"2026-04-22T19:24:20","date_gmt":"2026-04-22T22:24:20","guid":{"rendered":"https:\/\/wp.ufpel.edu.br\/direito\/?p=3134"},"modified":"2026-04-22T19:24:36","modified_gmt":"2026-04-22T22:24:36","slug":"edital-de-selecao-para-o-projeto-cafe-com-direito","status":"publish","type":"post","link":"https:\/\/wp.ufpel.edu.br\/direito\/2026\/04\/22\/edital-de-selecao-para-o-projeto-cafe-com-direito\/","title":{"rendered":"Edital de Sele\u00e7\u00e3o para o Projeto &#8220;Caf\u00e9 com Direito&#8221;"},"content":{"rendered":"<p><a href=\"https:\/\/wp.ufpel.edu.br\/direito\/files\/2026\/04\/grok-image-1cc89256-8d79-4b57-94e6-ea6328b0e4eb.jpg\"><img class=\"size-medium wp-image-3137 aligncenter\"  src=\"data:image\/svg+xml,%3Csvg xmlns=\"http:\/\/www.w3.org\/2000\/svg\" viewBox=\"0 0 1 1\"%3E%3C\/svg%3E\" data-src=\"https:\/\/wp.ufpel.edu.br\/direito\/files\/2026\/04\/grok-image-1cc89256-8d79-4b57-94e6-ea6328b0e4eb-400x267.jpg\" class=\"lazy-load\" loading=\"lazy\" decoding=\"async\" alt=\"\" width=\"400\" height=\"267\" \/><\/a><\/p>\n<p>Est\u00e3o abertas as inscri\u00e7\u00f5es para integrar o Projeto Unificado &#8220;Caf\u00e9 com Direito&#8221;, uma iniciativa de ensino, pesquisa e extens\u00e3o que divulga e democratiza o conhecimento jur\u00eddico, especialmente em Direitos Humanos e Fundamentais, por meio de podcast, sob coordena\u00e7\u00e3o da Prof\u00aa. M\u00e1rcia Rodrigues Bertoldi.<\/p>\n<p>O projeto inclui produ\u00e7\u00e3o de epis\u00f3dios, grupos de estudo, organiza\u00e7\u00e3o de conte\u00fados jur\u00eddicos acess\u00edveis e atividades de extens\u00e3o comunit\u00e1ria.<\/p>\n<p><span style=\"text-decoration: underline;\"><strong>Quem pode se inscrever:<\/strong><\/span><\/p>\n<p>Alunos regularmente matriculados no Curso de Direito (gradua\u00e7\u00e3o ou mestrado) da UFPel, com interesse em Direitos Humanos, extens\u00e3o universit\u00e1ria e divulga\u00e7\u00e3o cient\u00edfica.<\/p>\n<p>Leia o edital completo para mais detalhes e requisitos de inscri\u00e7\u00e3o: &#x27a1;&#xfe0f; <a href=\"https:\/\/wp.ufpel.edu.br\/direito\/files\/2026\/04\/Edital-Cafe\u0301-c-Direito.pdf\">Edital Cafe\u0301 com Direito 2026<\/a><\/p>\n","protected":false},"excerpt":{"rendered":"<p>Est\u00e3o abertas as inscri\u00e7\u00f5es para integrar o Projeto Unificado &#8220;Caf\u00e9 com Direito&#8221;, uma iniciativa de ensino, pesquisa e extens\u00e3o que divulga e democratiza o conhecimento jur\u00eddico, especialmente em Direitos Humanos e Fundamentais, por meio de podcast, sob coordena\u00e7\u00e3o da Prof\u00aa. M\u00e1rcia Rodrigues Bertoldi. O projeto inclui produ\u00e7\u00e3o de epis\u00f3dios, grupos de estudo, organiza\u00e7\u00e3o de conte\u00fados [&hellip;]<\/p>\n","protected":false},"author":97,"featured_media":3137,"comment_status":"closed","ping_status":"closed","sticky":false,"template":"","format":"standard","meta":{"footnotes":""},"categories":[33379,33440,33476],"tags":[33530,33531,33442,33529,33507],"class_list":["post-3134","post","type-post","status-publish","format-standard","has-post-thumbnail","hentry","category-editais","category-extensao","category-recentes","tag-cafe-com-direito","tag-direitos-humanos","tag-extensao","tag-podcast","tag-selecao"],"jetpack_featured_media_url":"https:\/\/wp.ufpel.edu.br\/direito\/files\/2026\/04\/grok-image-1cc89256-8d79-4b57-94e6-ea6328b0e4eb.jpg","publishpress_future_action":{"enabled":false,"date":"2026-05-05 00:41:04","action":"change-status","newStatus":"draft","terms":[],"taxonomy":"category","extraData":[]},"publishpress_future_workflow_manual_trigger":{"enabledWorkflows":[]},"_links":{"self":[{"href":"https:\/\/wp.ufpel.edu.br\/direito\/wp-json\/wp\/v2\/posts\/3134","targetHints":{"allow":["GET"]}}],"collection":[{"href":"https:\/\/wp.ufpel.edu.br\/direito\/wp-json\/wp\/v2\/posts"}],"about":[{"href":"https:\/\/wp.ufpel.edu.br\/direito\/wp-json\/wp\/v2\/types\/post"}],"author":[{"embeddable":true,"href":"https:\/\/wp.ufpel.edu.br\/direito\/wp-json\/wp\/v2\/users\/97"}],"replies":[{"embeddable":true,"href":"https:\/\/wp.ufpel.edu.br\/direito\/wp-json\/wp\/v2\/comments?post=3134"}],"version-history":[{"count":2,"href":"https:\/\/wp.ufpel.edu.br\/direito\/wp-json\/wp\/v2\/posts\/3134\/revisions"}],"predecessor-version":[{"id":3139,"href":"https:\/\/wp.ufpel.edu.br\/direito\/wp-json\/wp\/v2\/posts\/3134\/revisions\/3139"}],"wp:featuredmedia":[{"embeddable":true,"href":"https:\/\/wp.ufpel.edu.br\/direito\/wp-json\/wp\/v2\/media\/3137"}],"wp:attachment":[{"href":"https:\/\/wp.ufpel.edu.br\/direito\/wp-json\/wp\/v2\/media?parent=3134"}],"wp:term":[{"taxonomy":"category","embeddable":true,"href":"https:\/\/wp.ufpel.edu.br\/direito\/wp-json\/wp\/v2\/categories?post=3134"},{"taxonomy":"post_tag","embeddable":true,"href":"https:\/\/wp.ufpel.edu.br\/direito\/wp-json\/wp\/v2\/tags?post=3134"}],"curies":[{"name":"wp","href":"https:\/\/api.w.org\/{rel}","templated":true}]}}