{"id":3123,"date":"2026-04-07T21:42:29","date_gmt":"2026-04-08T00:42:29","guid":{"rendered":"https:\/\/wp.ufpel.edu.br\/direito\/?p=3123"},"modified":"2026-04-07T21:42:29","modified_gmt":"2026-04-08T00:42:29","slug":"grupo-de-estudos-temas-de-direito-publico-abre-inscricoes-para-2026","status":"publish","type":"post","link":"https:\/\/wp.ufpel.edu.br\/direito\/2026\/04\/07\/grupo-de-estudos-temas-de-direito-publico-abre-inscricoes-para-2026\/","title":{"rendered":"Grupo de Estudos Temas de Direito P\u00fablico abre inscri\u00e7\u00f5es para 2026"},"content":{"rendered":"<p><a href=\"https:\/\/wp.ufpel.edu.br\/direito\/files\/2026\/04\/f6899c0a-a850-4773-96c6-e4da6958e02c.jpg\"><img class=\"aligncenter size-medium wp-image-3125\"  src=\"data:image\/svg+xml,%3Csvg xmlns=\"http:\/\/www.w3.org\/2000\/svg\" viewBox=\"0 0 1 1\"%3E%3C\/svg%3E\" data-src=\"https:\/\/wp.ufpel.edu.br\/direito\/files\/2026\/04\/f6899c0a-a850-4773-96c6-e4da6958e02c-400x268.jpg\" class=\"lazy-load\" loading=\"lazy\" decoding=\"async\" alt=\"\" width=\"400\" height=\"268\" \/><\/a><\/p>\n<p>O Grupo de Estudos Temas de Direito P\u00fablico, coordenado pelos Professores Matteo Rota Chiarelli e Marta Marques Avila, abre inscri\u00e7\u00f5es para o ano letivo de 2026.<\/p>\n<p>O grupo realiza encontros presenciais quinzenais com o objetivo de proporcionar aos alunos discuss\u00f5es e debates sobre assuntos relativos \u00e0 Teoria Geral do Direito Constitucional, por meio da leitura e an\u00e1lise cr\u00edtica de textos cl\u00e1ssicos e jurisprud\u00eancia predominante do Supremo Tribunal Federal em tem\u00e1ticas relevantes e atuais.<\/p>\n<p><span style=\"text-decoration: underline;\"><strong>Quem pode participar:<\/strong><\/span><\/p>\n<ul>\n<li>Todo e qualquer aluno matriculado no Curso de Direito da UFPel, a partir do primeiro ano.<\/li>\n<\/ul>\n<p><span style=\"text-decoration: underline;\"><strong>Informa\u00e7\u00f5es sobre os encontros:<\/strong><\/span><\/p>\n<ul>\n<li>Local: Sala 1<\/li>\n<li>Data de in\u00edcio: 10 de abril de 2026<\/li>\n<li>Hor\u00e1rio: 14h<\/li>\n<li>Periodicidade: quinzenal<\/li>\n<li>Dura\u00e7\u00e3o: aproximadamente 60 minutos<\/li>\n<\/ul>\n<p><span style=\"text-decoration: underline;\"><strong>Como se inscrever:<\/strong><\/span><\/p>\n<ul>\n<li>A inscri\u00e7\u00e3o ser\u00e1 realizada no primeiro encontro (10 de abril), mediante preenchimento de ficha de inscri\u00e7\u00e3o que ser\u00e1 entregue no local.<\/li>\n<\/ul>\n<p><span style=\"text-decoration: underline;\"><strong>Obra a ser estudada:<\/strong><\/span><\/p>\n<ul>\n<li>Liberdade de express\u00e3o \/ Supremo Tribunal Federal. \u2013 Bras\u00edlia: STF, Secretaria de Altos Estudos, Pesquisas e Gest\u00e3o da Informa\u00e7\u00e3o, 2023. eBook \u2013 (Supremo contempor\u00e2neo). Dispon\u00edvel em: <a href=\"https:\/\/www.stf.jus.br\/arquivo\/cms\/publicacaoPublicacaoTematica\/anexo\/LiberdadeExpressao.pdf\">https:\/\/www.stf.jus.br\/arquivo\/cms\/publicacaoPublicacaoTematica\/anexo\/LiberdadeExpressao.pdf<\/a><\/li>\n<\/ul>\n<p><span style=\"text-decoration: underline;\"><strong>Primeiro encontro:<\/strong> <\/span><\/p>\n<ul>\n<li>10 de abril de 2026 \u2013 Inscri\u00e7\u00f5es, apresenta\u00e7\u00e3o da din\u00e2mica do trabalho e distribui\u00e7\u00e3o dos temas por apresentadores.<\/li>\n<\/ul>\n","protected":false},"excerpt":{"rendered":"<p>O Grupo de Estudos Temas de Direito P\u00fablico, coordenado pelos Professores Matteo Rota Chiarelli e Marta Marques Avila, abre inscri\u00e7\u00f5es para o ano letivo de 2026. O grupo realiza encontros presenciais quinzenais com o objetivo de proporcionar aos alunos discuss\u00f5es e debates sobre assuntos relativos \u00e0 Teoria Geral do Direito Constitucional, por meio da leitura [&hellip;]<\/p>\n","protected":false},"author":97,"featured_media":3125,"comment_status":"closed","ping_status":"closed","sticky":false,"template":"","format":"standard","meta":{"footnotes":""},"categories":[33470,33379,33429,33476],"tags":[33525,33524,33516,33520,33526],"class_list":["post-3123","post","type-post","status-publish","format-standard","has-post-thumbnail","hentry","category-avisos","category-editais","category-pesquisa","category-recentes","tag-direito-constitucional","tag-direito-publico","tag-grupo-de-estudos","tag-inscricoes","tag-stf"],"jetpack_featured_media_url":"https:\/\/wp.ufpel.edu.br\/direito\/files\/2026\/04\/f6899c0a-a850-4773-96c6-e4da6958e02c.jpg","publishpress_future_action":{"enabled":false,"date":"2026-05-06 22:16:41","action":"change-status","newStatus":"draft","terms":[],"taxonomy":"category","extraData":[]},"publishpress_future_workflow_manual_trigger":{"enabledWorkflows":[]},"_links":{"self":[{"href":"https:\/\/wp.ufpel.edu.br\/direito\/wp-json\/wp\/v2\/posts\/3123","targetHints":{"allow":["GET"]}}],"collection":[{"href":"https:\/\/wp.ufpel.edu.br\/direito\/wp-json\/wp\/v2\/posts"}],"about":[{"href":"https:\/\/wp.ufpel.edu.br\/direito\/wp-json\/wp\/v2\/types\/post"}],"author":[{"embeddable":true,"href":"https:\/\/wp.ufpel.edu.br\/direito\/wp-json\/wp\/v2\/users\/97"}],"replies":[{"embeddable":true,"href":"https:\/\/wp.ufpel.edu.br\/direito\/wp-json\/wp\/v2\/comments?post=3123"}],"version-history":[{"count":1,"href":"https:\/\/wp.ufpel.edu.br\/direito\/wp-json\/wp\/v2\/posts\/3123\/revisions"}],"predecessor-version":[{"id":3126,"href":"https:\/\/wp.ufpel.edu.br\/direito\/wp-json\/wp\/v2\/posts\/3123\/revisions\/3126"}],"wp:featuredmedia":[{"embeddable":true,"href":"https:\/\/wp.ufpel.edu.br\/direito\/wp-json\/wp\/v2\/media\/3125"}],"wp:attachment":[{"href":"https:\/\/wp.ufpel.edu.br\/direito\/wp-json\/wp\/v2\/media?parent=3123"}],"wp:term":[{"taxonomy":"category","embeddable":true,"href":"https:\/\/wp.ufpel.edu.br\/direito\/wp-json\/wp\/v2\/categories?post=3123"},{"taxonomy":"post_tag","embeddable":true,"href":"https:\/\/wp.ufpel.edu.br\/direito\/wp-json\/wp\/v2\/tags?post=3123"}],"curies":[{"name":"wp","href":"https:\/\/api.w.org\/{rel}","templated":true}]}}