{"id":3104,"date":"2026-03-18T20:08:33","date_gmt":"2026-03-18T23:08:33","guid":{"rendered":"https:\/\/wp.ufpel.edu.br\/direito\/?p=3104"},"modified":"2026-03-18T20:08:33","modified_gmt":"2026-03-18T23:08:33","slug":"edital-de-troca-de-horario-de-referencia-no-curso-de-direito-2026","status":"publish","type":"post","link":"https:\/\/wp.ufpel.edu.br\/direito\/2026\/03\/18\/edital-de-troca-de-horario-de-referencia-no-curso-de-direito-2026\/","title":{"rendered":"Edital de Troca de Hor\u00e1rio de Refer\u00eancia no Curso de Direito 2026"},"content":{"rendered":"<p><a href=\"https:\/\/wp.ufpel.edu.br\/direito\/files\/2026\/03\/41f93548-e16e-46d4-a9b9-10de404db0a2.jpg\"><img class=\"aligncenter size-medium wp-image-3107\"  src=\"data:image\/svg+xml,%3Csvg xmlns=\"http:\/\/www.w3.org\/2000\/svg\" viewBox=\"0 0 1 1\"%3E%3C\/svg%3E\" data-src=\"https:\/\/wp.ufpel.edu.br\/direito\/files\/2026\/03\/41f93548-e16e-46d4-a9b9-10de404db0a2-400x268.jpg\" class=\"lazy-load\" loading=\"lazy\" decoding=\"async\" alt=\"\" width=\"400\" height=\"268\" \/><\/a><\/p>\n<p>A Coordena\u00e7\u00e3o do Curso de Direito da Faculdade de Direito torna p\u00fablico o Edital de Troca de Hor\u00e1rio de Refer\u00eancia no Curso de Direito\u00a0para o per\u00edodo letivo de 2026.<\/p>\n<p>A troca \u00e9 considerada uma medida excepcional e est\u00e1 sujeita \u00e0 disponibilidade de vagas nas disciplinas de cada ano do curso, bem como ao equil\u00edbrio quantitativo entre as turmas.<\/p>\n<p>Leia o edital completo para mais detalhes: &#x27a1;&#xfe0f;<a href=\"https:\/\/wp.ufpel.edu.br\/direito\/files\/2026\/03\/Edital_de_Troca_de_Horario_de_Referencia_no_Curso_de_Direito_assinado.pdf\" target=\"_blank\" rel=\"noopener\">Edital de Troca de Hor\u00e1rio de Refer\u00eancia no Curso de Direito<\/a><\/p>\n<p><span style=\"text-decoration: underline;\"><strong>Quem pode se inscrever:<\/strong><\/span><\/p>\n<p>Estudantes com matr\u00edcula regular no Curso de Direito, documenta\u00e7\u00e3o regular na UFPel e que estejam realizando o primeiro pedido de altera\u00e7\u00e3o de hor\u00e1rio de refer\u00eancia (com exce\u00e7\u00f5es previstas no edital).<\/p>\n<p><span style=\"text-decoration: underline;\"><strong>Como se inscrever:<\/strong><\/span><\/p>\n<p>As inscri\u00e7\u00f5es devem ser enviadas por e-mail para colegiadodireito@ufpel.edu.br, de 20 a 25 de mar\u00e7o de 2026.<\/p>\n<p>A sele\u00e7\u00e3o ocorre em duas etapas: eliminat\u00f3ria (apresenta\u00e7\u00e3o obrigat\u00f3ria de documenta\u00e7\u00e3o) e classificat\u00f3ria (baseada na ordem de matr\u00edcula do sistema Cobalto ou coloca\u00e7\u00e3o no sistema de ingresso para alunos do primeiro ano). Em caso de empate, ser\u00e3o considerados rendimento acad\u00eamico, n\u00famero de reprova\u00e7\u00f5es, idade e sorteio.<\/p>\n<p><span style=\"text-decoration: underline;\"><strong>Cronograma:<\/strong><\/span><\/p>\n<ul>\n<li>Inscri\u00e7\u00f5es: 20 a 25 de mar\u00e7o de 2026<\/li>\n<li>Divulga\u00e7\u00e3o de resultados parciais: a partir de 30 de mar\u00e7o de 2026<\/li>\n<li>Prazo para recursos: at\u00e9 24 horas ap\u00f3s divulga\u00e7\u00e3o dos resultados<\/li>\n<\/ul>\n","protected":false},"excerpt":{"rendered":"<p>A Coordena\u00e7\u00e3o do Curso de Direito da Faculdade de Direito torna p\u00fablico o Edital de Troca de Hor\u00e1rio de Refer\u00eancia no Curso de Direito\u00a0para o per\u00edodo letivo de 2026. A troca \u00e9 considerada uma medida excepcional e est\u00e1 sujeita \u00e0 disponibilidade de vagas nas disciplinas de cada ano do curso, bem como ao equil\u00edbrio quantitativo [&hellip;]<\/p>\n","protected":false},"author":97,"featured_media":3107,"comment_status":"closed","ping_status":"closed","sticky":false,"template":"","format":"standard","meta":{"footnotes":""},"categories":[33470,33379,33476],"tags":[33519,33456,33520,33518],"class_list":["post-3104","post","type-post","status-publish","format-standard","has-post-thumbnail","hentry","category-avisos","category-editais","category-recentes","tag-curso-de-direito","tag-edital","tag-inscricoes","tag-troca-de-horario"],"jetpack_featured_media_url":"https:\/\/wp.ufpel.edu.br\/direito\/files\/2026\/03\/41f93548-e16e-46d4-a9b9-10de404db0a2.jpg","publishpress_future_action":{"enabled":false,"date":"2026-05-06 15:04:58","action":"change-status","newStatus":"draft","terms":[],"taxonomy":"category","extraData":[]},"publishpress_future_workflow_manual_trigger":{"enabledWorkflows":[]},"_links":{"self":[{"href":"https:\/\/wp.ufpel.edu.br\/direito\/wp-json\/wp\/v2\/posts\/3104","targetHints":{"allow":["GET"]}}],"collection":[{"href":"https:\/\/wp.ufpel.edu.br\/direito\/wp-json\/wp\/v2\/posts"}],"about":[{"href":"https:\/\/wp.ufpel.edu.br\/direito\/wp-json\/wp\/v2\/types\/post"}],"author":[{"embeddable":true,"href":"https:\/\/wp.ufpel.edu.br\/direito\/wp-json\/wp\/v2\/users\/97"}],"replies":[{"embeddable":true,"href":"https:\/\/wp.ufpel.edu.br\/direito\/wp-json\/wp\/v2\/comments?post=3104"}],"version-history":[{"count":1,"href":"https:\/\/wp.ufpel.edu.br\/direito\/wp-json\/wp\/v2\/posts\/3104\/revisions"}],"predecessor-version":[{"id":3108,"href":"https:\/\/wp.ufpel.edu.br\/direito\/wp-json\/wp\/v2\/posts\/3104\/revisions\/3108"}],"wp:featuredmedia":[{"embeddable":true,"href":"https:\/\/wp.ufpel.edu.br\/direito\/wp-json\/wp\/v2\/media\/3107"}],"wp:attachment":[{"href":"https:\/\/wp.ufpel.edu.br\/direito\/wp-json\/wp\/v2\/media?parent=3104"}],"wp:term":[{"taxonomy":"category","embeddable":true,"href":"https:\/\/wp.ufpel.edu.br\/direito\/wp-json\/wp\/v2\/categories?post=3104"},{"taxonomy":"post_tag","embeddable":true,"href":"https:\/\/wp.ufpel.edu.br\/direito\/wp-json\/wp\/v2\/tags?post=3104"}],"curies":[{"name":"wp","href":"https:\/\/api.w.org\/{rel}","templated":true}]}}