{"id":3011,"date":"2026-03-02T11:39:08","date_gmt":"2026-03-02T14:39:08","guid":{"rendered":"https:\/\/wp.ufpel.edu.br\/direito\/?p=3011"},"modified":"2026-03-02T11:39:08","modified_gmt":"2026-03-02T14:39:08","slug":"resultado-final-da-selecao-para-turmas-do-saj-em-horarios-alternativos-2026","status":"publish","type":"post","link":"https:\/\/wp.ufpel.edu.br\/direito\/2026\/03\/02\/resultado-final-da-selecao-para-turmas-do-saj-em-horarios-alternativos-2026\/","title":{"rendered":"Resultado Final da Sele\u00e7\u00e3o para Turmas do SAJ em Hor\u00e1rios Alternativos (2026)"},"content":{"rendered":"<p><a href=\"https:\/\/wp.ufpel.edu.br\/direito\/files\/2026\/03\/e6c8f1fb-7bec-400b-be9a-60d02847ea80.jpg\"><img class=\"aligncenter size-medium wp-image-3013\"  src=\"data:image\/svg+xml,%3Csvg xmlns=\"http:\/\/www.w3.org\/2000\/svg\" viewBox=\"0 0 1 1\"%3E%3C\/svg%3E\" data-src=\"https:\/\/wp.ufpel.edu.br\/direito\/files\/2026\/03\/e6c8f1fb-7bec-400b-be9a-60d02847ea80-400x268.jpg\" class=\"lazy-load\" loading=\"lazy\" decoding=\"async\" alt=\"\" width=\"400\" height=\"268\" \/><\/a><\/p>\n<p>A Faculdade de Direito da Universidade Federal de Pelotas (UFPel) divulga o resultado do processo de sele\u00e7\u00e3o para as turmas de Est\u00e1gio II \u2013 Servi\u00e7o de Assist\u00eancia Jur\u00eddica I (SAJ I) e Est\u00e1gio III \u2013 Servi\u00e7o de Assist\u00eancia Jur\u00eddica II (SAJ II), conforme estabelecido no Edital n\u00ba 2\/2026.<\/p>\n<p>As vagas ofertadas contemplam os hor\u00e1rios alternativos para 2026.<\/p>\n<p>Confira abaixo a rela\u00e7\u00e3o dos(as) estudantes selecionados(as) para as turmas de SAJ I:<\/p>\n<table style=\"height: 1152px; width: 100%; border-collapse: collapse;\" border=\"1\">\n<tbody>\n<tr style=\"height: 24px;\">\n<td style=\"width: 115.905%; height: 24px;\" colspan=\"5\">\n<div>\n<div style=\"text-align: center;\"><strong>SAJ I<\/strong><\/div>\n<\/div>\n<\/td>\n<\/tr>\n<tr style=\"height: 24px;\">\n<td style=\"width: 5.22006%; text-align: center; height: 24px;\"><strong>Turma<\/strong><\/td>\n<td style=\"width: 10.7472%; text-align: center; height: 24px;\"><strong>Dia<\/strong><\/td>\n<td style=\"width: 5.93654%; text-align: center; height: 24px;\"><strong>Hor\u00e1rio<\/strong><\/td>\n<td style=\"width: 42.7612%; text-align: center; height: 24px;\"><strong>Professor(a)<\/strong><\/td>\n<td style=\"width: 51.2398%; text-align: center; height: 24px;\">\n<div>\n<div><strong>Alunos(as) Matriculados(as)<\/strong><\/div>\n<\/div>\n<\/td>\n<\/tr>\n<tr style=\"height: 24px;\">\n<td style=\"width: 5.22006%; text-align: center; height: 48px;\">M40<\/td>\n<td style=\"width: 10.7472%; text-align: center; height: 48px;\">Segunda-feira<\/td>\n<td style=\"width: 5.93654%; text-align: center; height: 48px;\">11h40<\/td>\n<td style=\"width: 42.7612%; text-align: center; height: 48px;\">Profa. Martha Branco Araujo de Faria Santos<\/td>\n<td style=\"width: 51.2398%; text-align: center; height: 48px;\">\n<div>\n<div>MARCOS HENRIQUE ALVES DA SILVA<\/div>\n<\/div>\n<\/td>\n<\/tr>\n<tr style=\"height: 24px;\">\n<td style=\"width: 5.22006%; text-align: center; height: 240px;\" rowspan=\"10\">M41<\/td>\n<td style=\"width: 10.7472%; text-align: center; height: 240px;\" rowspan=\"10\">Ter\u00e7a-feira<\/td>\n<td style=\"width: 5.93654%; text-align: center; height: 240px;\" rowspan=\"10\">11h40<\/td>\n<td style=\"width: 42.7612%; text-align: center; height: 240px;\" rowspan=\"10\">Prof. Felipe Lazzari da Silveira<\/td>\n<td style=\"width: 51.2398%; height: 24px;\">\n<div>\n<div style=\"text-align: center;\">BERNARDO DE MOURA<\/div>\n<\/div>\n<\/td>\n<\/tr>\n<tr style=\"height: 24px;\">\n<td style=\"width: 51.2398%; text-align: center; height: 24px;\">BRENDA LINK<\/td>\n<\/tr>\n<tr style=\"height: 24px;\">\n<td style=\"width: 51.2398%; text-align: center; height: 24px;\">\n<div>\n<div>CAMILA COELHO<\/div>\n<\/div>\n<\/td>\n<\/tr>\n<tr style=\"height: 24px;\">\n<td style=\"width: 51.2398%; text-align: center; height: 24px;\">\n<div>\n<div>CHARLON KURZ<\/div>\n<\/div>\n<\/td>\n<\/tr>\n<tr style=\"height: 24px;\">\n<td style=\"width: 51.2398%; text-align: center; height: 24px;\">\n<div>\n<div>D\u00c9BORA RICKES LINO<\/div>\n<\/div>\n<\/td>\n<\/tr>\n<tr style=\"height: 24px;\">\n<td style=\"width: 51.2398%; text-align: center; height: 24px;\">\n<div>\n<div>KEILANNY SPAREMBERGER<\/div>\n<\/div>\n<\/td>\n<\/tr>\n<tr style=\"height: 24px;\">\n<td style=\"width: 51.2398%; text-align: center; height: 24px;\">\n<div>\n<div>LARA BRAGA DAMATI<\/div>\n<\/div>\n<\/td>\n<\/tr>\n<tr style=\"height: 24px;\">\n<td style=\"width: 51.2398%; text-align: center; height: 24px;\">\n<div>\n<div>LARISSA RIBEIRO GALHO<\/div>\n<\/div>\n<\/td>\n<\/tr>\n<tr style=\"height: 24px;\">\n<td style=\"width: 51.2398%; text-align: center; height: 24px;\">\n<div>\n<div>LISIANE DOS SANTOS LE\u00c3O<\/div>\n<\/div>\n<\/td>\n<\/tr>\n<tr style=\"height: 24px;\">\n<td style=\"width: 51.2398%; text-align: center; height: 24px;\">\n<div>\n<div>MARIA CLARA SANTOS<\/div>\n<\/div>\n<\/td>\n<\/tr>\n<tr style=\"height: 24px;\">\n<td style=\"width: 5.22006%; text-align: center; height: 288px;\" rowspan=\"11\">M46<\/td>\n<td style=\"width: 10.7472%; text-align: center; height: 288px;\" rowspan=\"11\">Ter\u00e7a-feira<\/td>\n<td style=\"width: 5.93654%; text-align: center; height: 288px;\" rowspan=\"11\">17h00<\/td>\n<td style=\"width: 42.7612%; text-align: center; height: 288px;\" rowspan=\"11\">Prof. Jo\u00e3o Pedro Seefeldt Pessoa<\/td>\n<td style=\"width: 51.2398%; text-align: center; height: 24px;\">\n<div>\n<div>ANTONIA GINAR DA COSTA<\/div>\n<\/div>\n<\/td>\n<\/tr>\n<tr style=\"height: 24px;\">\n<td style=\"width: 51.2398%; text-align: center; height: 24px;\">\n<div>\n<div>CRIZELY PINTO DE ALMEIDA<\/div>\n<\/div>\n<\/td>\n<\/tr>\n<tr style=\"height: 24px;\">\n<td style=\"width: 51.2398%; text-align: center; height: 24px;\">\n<div>\n<div>GABRIELLA XIMENES SILVA<\/div>\n<\/div>\n<\/td>\n<\/tr>\n<tr style=\"height: 24px;\">\n<td style=\"width: 51.2398%; text-align: center; height: 24px;\">\n<div>\n<div>GUILHERME BORGES<\/div>\n<\/div>\n<\/td>\n<\/tr>\n<tr style=\"height: 24px;\">\n<td style=\"width: 51.2398%; text-align: center; height: 24px;\">\n<div>\n<div>JO\u00c3O GILBERTO OBELAR SOARES<\/div>\n<\/div>\n<\/td>\n<\/tr>\n<tr style=\"height: 24px;\">\n<td style=\"width: 51.2398%; text-align: center; height: 24px;\">\n<div>\n<div>LAIS MARTINS ROLAN<\/div>\n<\/div>\n<\/td>\n<\/tr>\n<tr style=\"height: 24px;\">\n<td style=\"width: 51.2398%; text-align: center; height: 24px;\">\n<div>\n<div>MARIA EDUARDA COUTO DE JESUS<\/div>\n<\/div>\n<\/td>\n<\/tr>\n<tr style=\"height: 48px;\">\n<td style=\"width: 51.2398%; text-align: center; height: 48px;\">\n<div>\n<div>MARIA LUIZA CENZI RODRIGUES VIEIRA<\/div>\n<\/div>\n<\/td>\n<\/tr>\n<tr style=\"height: 24px;\">\n<td style=\"width: 51.2398%; text-align: center; height: 24px;\">\n<div>\n<div>MICHAELLA GOMES DA SILVA<\/div>\n<\/div>\n<\/td>\n<\/tr>\n<tr style=\"height: 24px;\">\n<td style=\"width: 51.2398%; text-align: center; height: 24px;\">\n<div>\n<div>RAUL PEREIRA TEIXEIRA CASALLI<\/div>\n<\/div>\n<\/td>\n<\/tr>\n<tr style=\"height: 24px;\">\n<td style=\"width: 51.2398%; text-align: center; height: 24px;\">\n<div>\n<div>RODRIGO BARBOSA SILVEIRA<\/div>\n<\/div>\n<\/td>\n<\/tr>\n<tr style=\"height: 48px;\">\n<td style=\"width: 5.22006%; text-align: center; height: 264px;\" rowspan=\"9\">M42<\/td>\n<td style=\"width: 10.7472%; text-align: center; height: 264px;\" rowspan=\"9\">Quarta-feira<\/td>\n<td style=\"width: 5.93654%; text-align: center; height: 264px;\" rowspan=\"9\">11h40<\/td>\n<td style=\"width: 42.7612%; text-align: center; height: 264px;\" rowspan=\"9\">Prof. Felipe Lazzari da Silveira<\/td>\n<td style=\"width: 51.2398%; text-align: center; height: 48px;\">\n<div>\n<div>ANT\u00d4NIA PEREZ CORONEL MENA BARRETO<\/div>\n<\/div>\n<\/td>\n<\/tr>\n<tr style=\"height: 24px;\">\n<td style=\"width: 51.2398%; text-align: center; height: 24px;\">\n<div>\n<div>ARTHUR DA COSTA GOMES<\/div>\n<\/div>\n<\/td>\n<\/tr>\n<tr style=\"height: 24px;\">\n<td style=\"width: 51.2398%; text-align: center; height: 24px;\">\n<div>\n<div>EDUARDA MORALES<\/div>\n<\/div>\n<\/td>\n<\/tr>\n<tr style=\"height: 24px;\">\n<td style=\"width: 51.2398%; text-align: center; height: 24px;\">\n<div>\n<div>EMILY DAL MORO<\/div>\n<\/div>\n<\/td>\n<\/tr>\n<tr style=\"height: 24px;\">\n<td style=\"width: 51.2398%; text-align: center; height: 24px;\">\n<div>\n<div>GABRIEL BIDINOTO<\/div>\n<\/div>\n<\/td>\n<\/tr>\n<tr style=\"height: 24px;\">\n<td style=\"width: 51.2398%; text-align: center; height: 24px;\">\n<div>\n<div>LAYANE CAMPOS ESTANISLAU<\/div>\n<\/div>\n<\/td>\n<\/tr>\n<tr style=\"height: 24px;\">\n<td style=\"width: 51.2398%; text-align: center; height: 24px;\">\n<div>\n<div>LUIZ AUGUSTO DUARTE MULLER<\/div>\n<\/div>\n<\/td>\n<\/tr>\n<tr style=\"height: 24px;\">\n<td style=\"width: 51.2398%; text-align: center; height: 24px;\">\n<div>\n<div>MANOELA SEIXAS AIRES<\/div>\n<\/div>\n<\/td>\n<\/tr>\n<tr style=\"height: 48px;\">\n<td style=\"width: 51.2398%; text-align: center; height: 48px;\">\n<div>\n<div>MARIA EDUARDA HERNANDEZ RODRIGUES<\/div>\n<\/div>\n<\/td>\n<\/tr>\n<tr style=\"height: 24px;\">\n<td style=\"width: 5.22006%; text-align: center; height: 72px;\" rowspan=\"3\">M43<\/td>\n<td style=\"width: 10.7472%; text-align: center; height: 72px;\" rowspan=\"3\">Quinta-feira<\/td>\n<td style=\"width: 5.93654%; text-align: center; height: 72px;\" rowspan=\"3\">11h40<\/td>\n<td style=\"width: 42.7612%; text-align: center; height: 72px;\" rowspan=\"3\">Prof. Marcos Caprio Fonseca Soares<\/td>\n<td style=\"width: 51.2398%; text-align: center; height: 24px;\">\n<div>\n<div>LIVIA ABREU NUNES<\/div>\n<\/div>\n<\/td>\n<\/tr>\n<tr style=\"height: 24px;\">\n<td style=\"width: 51.2398%; text-align: center; height: 24px;\">\n<div>\n<div>MARIANA GARCIA BARBOSA<\/div>\n<\/div>\n<\/td>\n<\/tr>\n<tr style=\"height: 24px;\">\n<td style=\"width: 51.2398%; text-align: center; height: 24px;\">\n<div>\n<div>THIAGO PETER AZARIO<\/div>\n<\/div>\n<\/td>\n<\/tr>\n<tr style=\"height: 24px;\">\n<td style=\"width: 5.22006%; text-align: center; height: 192px;\" rowspan=\"8\">M47<\/td>\n<td style=\"width: 10.7472%; text-align: center; height: 192px;\" rowspan=\"8\">Quinta-feira<\/td>\n<td style=\"width: 5.93654%; text-align: center; height: 192px;\" rowspan=\"8\">17h00<\/td>\n<td style=\"width: 42.7612%; text-align: center; height: 192px;\" rowspan=\"8\">Prof. Jo\u00e3o Pedro Seefeldt Pessoa<\/td>\n<td style=\"width: 51.2398%; text-align: center; height: 24px;\">\n<div>\n<div>CAROLYNE PIRES SILVEIRA<\/div>\n<\/div>\n<\/td>\n<\/tr>\n<tr style=\"height: 24px;\">\n<td style=\"width: 51.2398%; text-align: center; height: 24px;\">\n<div>\n<div>EDUARDO CORREA TORRES<\/div>\n<\/div>\n<\/td>\n<\/tr>\n<tr style=\"height: 24px;\">\n<td style=\"width: 51.2398%; text-align: center; height: 24px;\">\n<div>\n<div>EULALIO NOGUEZ LOPES<\/div>\n<\/div>\n<\/td>\n<\/tr>\n<tr style=\"height: 24px;\">\n<td style=\"width: 51.2398%; text-align: center; height: 24px;\">\n<div>\n<div>GIULIA PAIVA REIS<\/div>\n<\/div>\n<\/td>\n<\/tr>\n<tr style=\"height: 24px;\">\n<td style=\"width: 51.2398%; text-align: center; height: 24px;\">\n<div>\n<div>JOSIEL DELGADO<\/div>\n<\/div>\n<\/td>\n<\/tr>\n<tr style=\"height: 24px;\">\n<td style=\"width: 51.2398%; text-align: center; height: 24px;\">\n<div>\n<div>LUANA LONGARAY KLEJNOWSKI<\/div>\n<\/div>\n<\/td>\n<\/tr>\n<tr style=\"height: 24px;\">\n<td style=\"width: 51.2398%; text-align: center; height: 24px;\">\n<div>\n<div>MARCO ANT\u00d4NIO BACCHIERI<\/div>\n<\/div>\n<\/td>\n<\/tr>\n<tr style=\"height: 24px;\">\n<td style=\"width: 51.2398%; text-align: center; height: 24px;\">\n<div>\n<div>RODRIGO CHAVES CURI<\/div>\n<\/div>\n<\/td>\n<\/tr>\n<\/tbody>\n<\/table>\n<p>&nbsp;<\/p>\n<p>Confira abaixo a rela\u00e7\u00e3o dos(as) estudantes selecionados(as) para as turmas de SAJ II:<\/p>\n<table style=\"height: 816px; width: 100%; border-collapse: collapse;\" border=\"1\">\n<tbody>\n<tr style=\"height: 24px;\">\n<td style=\"width: 5.93654%; height: 24px;\" colspan=\"5\">\n<div>\n<div style=\"text-align: center;\"><strong>SAJ II<\/strong><\/div>\n<\/div>\n<\/td>\n<\/tr>\n<tr style=\"height: 24px;\">\n<td style=\"width: 5.93654%; text-align: center; height: 24px;\"><strong>Turma<\/strong><\/td>\n<td style=\"width: 12.7943%; text-align: center; height: 24px;\"><strong>Dia<\/strong><\/td>\n<td style=\"width: 6.75537%; text-align: center; height: 24px;\"><strong>Hor\u00e1rio<\/strong><\/td>\n<td style=\"width: 38.3828%; text-align: center; height: 24px;\"><strong>Professor(a)<\/strong><\/td>\n<td style=\"width: 35.9263%; text-align: center; height: 24px;\">\n<div>\n<div><strong>Alunos(as) Matriculados(as)<\/strong><\/div>\n<\/div>\n<\/td>\n<\/tr>\n<tr style=\"height: 24px;\">\n<td style=\"width: 5.93654%; text-align: center; height: 96px;\" rowspan=\"4\">E40<\/td>\n<td style=\"width: 12.7943%; text-align: center; height: 96px;\" rowspan=\"4\">Segunda-feira<\/td>\n<td style=\"width: 6.75537%; text-align: center; height: 96px;\" rowspan=\"4\">11h40<\/td>\n<td style=\"width: 38.3828%; text-align: center; height: 96px;\" rowspan=\"4\">Profa. Martha Branco Araujo de Faria Santos<\/td>\n<td style=\"width: 35.9263%; text-align: center; height: 24px;\">\n<div>\n<div>B\u00c1RBARA NEUTZLING<\/div>\n<\/div>\n<\/td>\n<\/tr>\n<tr style=\"height: 24px;\">\n<td style=\"width: 35.9263%; text-align: center; height: 24px;\">\n<div>\n<div>FELIPE PEREIRA PEREZ<\/div>\n<\/div>\n<\/td>\n<\/tr>\n<tr style=\"height: 24px;\">\n<td style=\"width: 35.9263%; text-align: center; height: 24px;\">\n<div>\n<div>LUIZA SARAIVA KUHN<\/div>\n<\/div>\n<\/td>\n<\/tr>\n<tr style=\"height: 24px;\">\n<td style=\"width: 35.9263%; text-align: center; height: 24px;\">\n<div>\n<div>MARCOS VINICIUS COSTA FERNANDES<\/div>\n<\/div>\n<\/td>\n<\/tr>\n<tr style=\"height: 24px;\">\n<td style=\"width: 5.93654%; height: 288px; text-align: center;\" rowspan=\"12\">E41<\/td>\n<td style=\"width: 12.7943%; height: 288px; text-align: center;\" rowspan=\"12\">Ter\u00e7a-feira<\/td>\n<td style=\"width: 6.75537%; height: 288px; text-align: center;\" rowspan=\"12\">11h40<\/td>\n<td style=\"width: 38.3828%; height: 288px; text-align: center;\" rowspan=\"12\">Prof. Felipe Lazzari da Silveira<\/td>\n<td style=\"width: 35.9263%; height: 24px; text-align: center;\">\n<div>\n<div>CARMELA RUSSOMANO<\/div>\n<\/div>\n<\/td>\n<\/tr>\n<tr style=\"height: 24px;\">\n<td style=\"width: 35.9263%; height: 24px; text-align: center;\">\n<div>\n<div>CINEAS RANGEL PERES<\/div>\n<\/div>\n<\/td>\n<\/tr>\n<tr style=\"height: 24px;\">\n<td style=\"width: 35.9263%; height: 24px; text-align: center;\">\n<div>\n<div>DANIELA GOULART<\/div>\n<\/div>\n<\/td>\n<\/tr>\n<tr style=\"height: 24px;\">\n<td style=\"width: 35.9263%; height: 24px; text-align: center;\">\n<div>\n<div>EDUARDO MOLET FERREIRA<\/div>\n<\/div>\n<\/td>\n<\/tr>\n<tr style=\"height: 24px;\">\n<td style=\"width: 35.9263%; height: 24px; text-align: center;\">\n<div>\n<div>JULLIA CRISTINE ZANON DE SOUZA<\/div>\n<\/div>\n<\/td>\n<\/tr>\n<tr style=\"height: 24px;\">\n<td style=\"width: 35.9263%; height: 24px; text-align: center;\">\n<div>\n<div>LARA CORREA FREITAS<\/div>\n<\/div>\n<\/td>\n<\/tr>\n<tr style=\"height: 24px;\">\n<td style=\"width: 35.9263%; height: 24px; text-align: center;\">\n<div>\n<div>LORRANA KNABACH DE OLIVEIRA<\/div>\n<\/div>\n<\/td>\n<\/tr>\n<tr style=\"height: 24px;\">\n<td style=\"width: 35.9263%; height: 24px; text-align: center;\">\n<div>\n<div>MARU\u00c3 CARDOZO CABREIRA<\/div>\n<\/div>\n<\/td>\n<\/tr>\n<tr style=\"height: 24px;\">\n<td style=\"width: 35.9263%; height: 24px; text-align: center;\">\n<div>\n<div>NICOLE OLIVEIRA GABRIEL<\/div>\n<\/div>\n<\/td>\n<\/tr>\n<tr style=\"height: 24px;\">\n<td style=\"width: 35.9263%; height: 24px; text-align: center;\">\n<div>\n<div>SAMANTHA PEDROSO<\/div>\n<\/div>\n<\/td>\n<\/tr>\n<tr style=\"height: 24px;\">\n<td style=\"width: 35.9263%; height: 24px; text-align: center;\">\n<div>\n<div>SARA EVELY MORAIS<\/div>\n<\/div>\n<\/td>\n<\/tr>\n<tr style=\"height: 24px;\">\n<td style=\"width: 35.9263%; height: 24px; text-align: center;\">\n<div>\n<div>VICTOR LOPES SARAIVA<\/div>\n<\/div>\n<\/td>\n<\/tr>\n<tr style=\"height: 24px;\">\n<td style=\"width: 5.93654%; height: 72px; text-align: center;\" rowspan=\"3\">E46<\/td>\n<td style=\"width: 12.7943%; height: 72px; text-align: center;\" rowspan=\"3\">Ter\u00e7a-feira<\/td>\n<td style=\"width: 6.75537%; height: 72px; text-align: center;\" rowspan=\"3\">17h00<\/td>\n<td style=\"width: 38.3828%; height: 72px; text-align: center;\" rowspan=\"3\">Prof. Jo\u00e3o Pedro Seefeldt Pessoa<\/td>\n<td style=\"width: 35.9263%; height: 24px; text-align: center;\">\n<div>\n<div>CARLOS HENRIQUE RODRIGUES ROQUE<\/div>\n<\/div>\n<\/td>\n<\/tr>\n<tr style=\"height: 24px;\">\n<td style=\"width: 35.9263%; height: 24px; text-align: center;\">\n<div>\n<div>HALANA DE \u00c1VILA LAUTENSCHLEGER<\/div>\n<\/div>\n<\/td>\n<\/tr>\n<tr style=\"height: 24px;\">\n<td style=\"width: 35.9263%; height: 24px; text-align: center;\">\n<div>\n<div>MARINA TAPIA RODRIGUES MIGLIORIN<\/div>\n<\/div>\n<\/td>\n<\/tr>\n<tr style=\"height: 24px;\">\n<td style=\"width: 5.93654%; height: 264px; text-align: center;\" rowspan=\"11\">E42<\/td>\n<td style=\"width: 12.7943%; height: 264px; text-align: center;\" rowspan=\"11\">Quarta-feira<\/td>\n<td style=\"width: 6.75537%; height: 264px; text-align: center;\" rowspan=\"11\">11h40<\/td>\n<td style=\"width: 38.3828%; height: 264px; text-align: center;\" rowspan=\"11\">Prof. Felipe Lazzari da Silveira<\/td>\n<td style=\"width: 35.9263%; height: 24px; text-align: center;\">\n<div>\n<div>AMANDA OLIVEIRA GEIGER<\/div>\n<\/div>\n<\/td>\n<\/tr>\n<tr style=\"height: 24px;\">\n<td style=\"width: 35.9263%; height: 24px; text-align: center;\">\n<div>\n<div>FLORA MENDES MORAES<\/div>\n<\/div>\n<\/td>\n<\/tr>\n<tr style=\"height: 24px;\">\n<td style=\"width: 35.9263%; height: 24px; text-align: center;\">\n<div>\n<div>GABRIELI EICHOLZ VAZ<\/div>\n<\/div>\n<\/td>\n<\/tr>\n<tr style=\"height: 24px;\">\n<td style=\"width: 35.9263%; height: 24px; text-align: center;\">\n<div>\n<div>GUSTAVO RICKES<\/div>\n<\/div>\n<\/td>\n<\/tr>\n<tr style=\"height: 24px;\">\n<td style=\"width: 35.9263%; height: 24px; text-align: center;\">JULIA BARRO<\/td>\n<\/tr>\n<tr style=\"height: 24px;\">\n<td style=\"width: 35.9263%; height: 24px; text-align: center;\">\n<div>\n<div>JULIANA JARBAS PETER<\/div>\n<\/div>\n<\/td>\n<\/tr>\n<tr style=\"height: 24px;\">\n<td style=\"width: 35.9263%; height: 24px; text-align: center;\">\n<div>\n<div>KEZIA SARAIVA MASCARENHAS<\/div>\n<\/div>\n<\/td>\n<\/tr>\n<tr style=\"height: 24px;\">\n<td style=\"width: 35.9263%; height: 24px; text-align: center;\">\n<div>\n<div>LAURA GASTAL ORENGO<\/div>\n<\/div>\n<\/td>\n<\/tr>\n<tr style=\"height: 24px;\">\n<td style=\"width: 35.9263%; height: 24px; text-align: center;\">\n<div>\n<div>LAURA PRATES<\/div>\n<\/div>\n<\/td>\n<\/tr>\n<tr style=\"height: 24px;\">\n<td style=\"width: 35.9263%; height: 24px; text-align: center;\">\n<div>\n<div>RONI BACH PEREIRA<\/div>\n<\/div>\n<\/td>\n<\/tr>\n<tr style=\"height: 24px;\">\n<td style=\"width: 35.9263%; height: 24px; text-align: center;\">\n<div>\n<div>VICTORIA LEITE CAMPOS<\/div>\n<\/div>\n<\/td>\n<\/tr>\n<tr style=\"height: 24px;\">\n<td style=\"width: 5.93654%; height: 24px; text-align: center;\">E43<\/td>\n<td style=\"width: 12.7943%; height: 24px; text-align: center;\">Quinta-feira<\/td>\n<td style=\"width: 6.75537%; height: 24px; text-align: center;\">11h40<\/td>\n<td style=\"width: 38.3828%; height: 24px; text-align: center;\">Prof. Marcos Caprio Fonseca Soares<\/td>\n<td style=\"width: 35.9263%; height: 24px; text-align: center;\">\n<div>\n<div>VINICIUS BACI MICHEL<\/div>\n<\/div>\n<\/td>\n<\/tr>\n<tr style=\"height: 24px;\">\n<td style=\"width: 5.93654%; height: 24px; text-align: center;\">E47<\/td>\n<td style=\"width: 12.7943%; height: 24px; text-align: center;\">Quinta-feira<\/td>\n<td style=\"width: 6.75537%; height: 24px; text-align: center;\">17h00<\/td>\n<td style=\"width: 38.3828%; height: 24px; text-align: center;\">Prof. Jo\u00e3o Pedro Seefeldt Pessoa<\/td>\n<td style=\"width: 35.9263%; height: 24px; text-align: center;\">\n<div>\n<div>LETICIA GOMES COSTA<\/div>\n<\/div>\n<\/td>\n<\/tr>\n<\/tbody>\n<\/table>\n<p>&nbsp;<\/p>\n","protected":false},"excerpt":{"rendered":"<p>A Faculdade de Direito da Universidade Federal de Pelotas (UFPel) divulga o resultado do processo de sele\u00e7\u00e3o para as turmas de Est\u00e1gio II \u2013 Servi\u00e7o de Assist\u00eancia Jur\u00eddica I (SAJ I) e Est\u00e1gio III \u2013 Servi\u00e7o de Assist\u00eancia Jur\u00eddica II (SAJ II), conforme estabelecido no Edital n\u00ba 2\/2026. As vagas ofertadas contemplam os hor\u00e1rios alternativos [&hellip;]<\/p>\n","protected":false},"author":97,"featured_media":3013,"comment_status":"closed","ping_status":"closed","sticky":false,"template":"","format":"standard","meta":{"footnotes":""},"categories":[33470,33379,33476,33417,33421],"tags":[33503,33502,33496,33489,33494],"class_list":["post-3011","post","type-post","status-publish","format-standard","has-post-thumbnail","hentry","category-avisos","category-editais","category-recentes","category-servico-de-assistencia-judiciaria-i","category-servico-de-assistencia-judiciaria-ii","tag-resultados","tag-ufpeldireito","tag-matriculas2026","tag-saj","tag-servicodeassistenciajuridica"],"jetpack_featured_media_url":"https:\/\/wp.ufpel.edu.br\/direito\/files\/2026\/03\/e6c8f1fb-7bec-400b-be9a-60d02847ea80.jpg","publishpress_future_action":{"enabled":false,"date":"2026-05-07 00:46:49","action":"change-status","newStatus":"draft","terms":[],"taxonomy":"category","extraData":[]},"publishpress_future_workflow_manual_trigger":{"enabledWorkflows":[]},"_links":{"self":[{"href":"https:\/\/wp.ufpel.edu.br\/direito\/wp-json\/wp\/v2\/posts\/3011","targetHints":{"allow":["GET"]}}],"collection":[{"href":"https:\/\/wp.ufpel.edu.br\/direito\/wp-json\/wp\/v2\/posts"}],"about":[{"href":"https:\/\/wp.ufpel.edu.br\/direito\/wp-json\/wp\/v2\/types\/post"}],"author":[{"embeddable":true,"href":"https:\/\/wp.ufpel.edu.br\/direito\/wp-json\/wp\/v2\/users\/97"}],"replies":[{"embeddable":true,"href":"https:\/\/wp.ufpel.edu.br\/direito\/wp-json\/wp\/v2\/comments?post=3011"}],"version-history":[{"count":3,"href":"https:\/\/wp.ufpel.edu.br\/direito\/wp-json\/wp\/v2\/posts\/3011\/revisions"}],"predecessor-version":[{"id":3019,"href":"https:\/\/wp.ufpel.edu.br\/direito\/wp-json\/wp\/v2\/posts\/3011\/revisions\/3019"}],"wp:featuredmedia":[{"embeddable":true,"href":"https:\/\/wp.ufpel.edu.br\/direito\/wp-json\/wp\/v2\/media\/3013"}],"wp:attachment":[{"href":"https:\/\/wp.ufpel.edu.br\/direito\/wp-json\/wp\/v2\/media?parent=3011"}],"wp:term":[{"taxonomy":"category","embeddable":true,"href":"https:\/\/wp.ufpel.edu.br\/direito\/wp-json\/wp\/v2\/categories?post=3011"},{"taxonomy":"post_tag","embeddable":true,"href":"https:\/\/wp.ufpel.edu.br\/direito\/wp-json\/wp\/v2\/tags?post=3011"}],"curies":[{"name":"wp","href":"https:\/\/api.w.org\/{rel}","templated":true}]}}