{"id":1871,"date":"2019-06-15T18:42:49","date_gmt":"2019-06-15T21:42:49","guid":{"rendered":"https:\/\/wp.ufpel.edu.br\/direito\/?p=1871"},"modified":"2019-06-15T18:42:49","modified_gmt":"2019-06-15T21:42:49","slug":"inscricoes-projeto-de-ensino-constituicao-cidadania-e-direitos-fundamentais","status":"publish","type":"post","link":"https:\/\/wp.ufpel.edu.br\/direito\/2019\/06\/15\/inscricoes-projeto-de-ensino-constituicao-cidadania-e-direitos-fundamentais\/","title":{"rendered":"INSCRI\u00c7\u00d5ES &#8211; PROJETO DE ENSINO &#8220;Constitui\u00e7\u00e3o, Cidadania e Direitos Fundamentais&#8221;"},"content":{"rendered":"<p>O coordenador do Projeto de Ensino \u201cConstitui\u00e7\u00e3o, Cidadania e Direitos Fundamentais\u201d, professor Marcelo Nunes Apolin\u00e1rio, informa que est\u00e3o abertas inscri\u00e7\u00f5es para a sele\u00e7\u00e3o de <strong>10 novas vagas<\/strong> destinadas aos discentes dos programas de <strong>gradua\u00e7\u00e3o e p\u00f3s-gradua\u00e7\u00e3o<\/strong> da Faculdade de Direito para participarem do Grupo de Estudos intitulado \u201cConstitui\u00e7\u00e3o, Cidadania e Direitos Fundamentais\u201d. <strong>Dependendo da demanda, o n\u00famero de vagas pode aumentar para 15.<\/strong><\/p>\n<p>Cronograma do Grupo de Estudos \u201cConstitui\u00e7\u00e3o, Cidadania e Direitos Fundamentais\u201d: <a href=\"https:\/\/wp.ufpel.edu.br\/direito\/files\/2019\/06\/CRONOGRAMA-2019-2020-oficial.doc\">clique aqui.<\/a><\/p>\n<p>&nbsp;<\/p>\n<p><span style=\"text-decoration: underline\"><strong>1. Da Inscri\u00e7\u00e3o: <\/strong><\/span><br \/>\nA inscri\u00e7\u00e3o dever\u00e1 ser realizada por email. Os postulantes devem enviar email para o endere\u00e7o eletr\u00f4nico <strong>marcelo_apolinario@hotmail.com<\/strong>, comunicando o desejo de participar do Grupo de Estudos. O (a) candidato (a) tamb\u00e9m deve informar o <strong>nome completo, CPF, n\u00famero do Registro Acad\u00eamico, ano letivo e telefone<\/strong>. O per\u00edodo para a inscri\u00e7\u00e3o ser\u00e1 <strong>de 13\/06\/2019 <\/strong>a<strong> 21\/06\/2019, \u00e0s 23h59.<\/strong><\/p>\n<p>&nbsp;<\/p>\n<p><span style=\"text-decoration: underline\"><strong>2. Do processo de sele\u00e7\u00e3o: <\/strong><\/span><br \/>\nO processo seletivo dos (as) candidatos (as) ocorrer\u00e1 da seguinte forma: a) Carta de Motiva\u00e7\u00e3o justificando o interesse pela pesquisa, interesse na participa\u00e7\u00e3o do Grupo e disponibilidade de tempo (M\u00e1ximo tr\u00eas laudas); b) curr\u00edculo. Os documentos devem ser anexados e enviados ao email indicado acima.<\/p>\n<p>&nbsp;<\/p>\n<p><span style=\"text-decoration: underline\"><strong>3. Do resultado Final:<\/strong><\/span><br \/>\nOs discentes classificados ser\u00e3o comunicados por email no dia 24\/06\/2019.<\/p>\n","protected":false},"excerpt":{"rendered":"<p>O coordenador do Projeto de Ensino \u201cConstitui\u00e7\u00e3o, Cidadania e Direitos Fundamentais\u201d, professor Marcelo Nunes Apolin\u00e1rio, informa que est\u00e3o abertas inscri\u00e7\u00f5es para a sele\u00e7\u00e3o de 10 novas vagas destinadas aos discentes dos programas de gradua\u00e7\u00e3o e p\u00f3s-gradua\u00e7\u00e3o da Faculdade de Direito para participarem do Grupo de Estudos intitulado \u201cConstitui\u00e7\u00e3o, Cidadania e Direitos Fundamentais\u201d. Dependendo da demanda, [&hellip;]<\/p>\n","protected":false},"author":97,"featured_media":1873,"comment_status":"closed","ping_status":"closed","sticky":false,"template":"","format":"standard","meta":{"footnotes":""},"categories":[33379,33380],"tags":[],"class_list":["post-1871","post","type-post","status-publish","format-standard","has-post-thumbnail","hentry","category-editais","category-graduacao"],"jetpack_featured_media_url":"https:\/\/wp.ufpel.edu.br\/direito\/files\/2019\/06\/INSCRI\u00c7\u00d5ES-PROJETO-DE-ENSINP.png","publishpress_future_action":{"enabled":false,"date":"2026-05-03 16:10:13","action":"change-status","newStatus":"draft","terms":[],"taxonomy":"category","extraData":[]},"publishpress_future_workflow_manual_trigger":{"enabledWorkflows":[]},"_links":{"self":[{"href":"https:\/\/wp.ufpel.edu.br\/direito\/wp-json\/wp\/v2\/posts\/1871","targetHints":{"allow":["GET"]}}],"collection":[{"href":"https:\/\/wp.ufpel.edu.br\/direito\/wp-json\/wp\/v2\/posts"}],"about":[{"href":"https:\/\/wp.ufpel.edu.br\/direito\/wp-json\/wp\/v2\/types\/post"}],"author":[{"embeddable":true,"href":"https:\/\/wp.ufpel.edu.br\/direito\/wp-json\/wp\/v2\/users\/97"}],"replies":[{"embeddable":true,"href":"https:\/\/wp.ufpel.edu.br\/direito\/wp-json\/wp\/v2\/comments?post=1871"}],"version-history":[{"count":1,"href":"https:\/\/wp.ufpel.edu.br\/direito\/wp-json\/wp\/v2\/posts\/1871\/revisions"}],"predecessor-version":[{"id":1875,"href":"https:\/\/wp.ufpel.edu.br\/direito\/wp-json\/wp\/v2\/posts\/1871\/revisions\/1875"}],"wp:featuredmedia":[{"embeddable":true,"href":"https:\/\/wp.ufpel.edu.br\/direito\/wp-json\/wp\/v2\/media\/1873"}],"wp:attachment":[{"href":"https:\/\/wp.ufpel.edu.br\/direito\/wp-json\/wp\/v2\/media?parent=1871"}],"wp:term":[{"taxonomy":"category","embeddable":true,"href":"https:\/\/wp.ufpel.edu.br\/direito\/wp-json\/wp\/v2\/categories?post=1871"},{"taxonomy":"post_tag","embeddable":true,"href":"https:\/\/wp.ufpel.edu.br\/direito\/wp-json\/wp\/v2\/tags?post=1871"}],"curies":[{"name":"wp","href":"https:\/\/api.w.org\/{rel}","templated":true}]}}