{"id":240,"date":"2021-08-27T17:15:04","date_gmt":"2021-08-27T20:15:04","guid":{"rendered":"https:\/\/wp.ufpel.edu.br\/desafio\/?p=240"},"modified":"2021-08-27T17:15:04","modified_gmt":"2021-08-27T20:15:04","slug":"simulado-on-line-do-desafio-2a-etapa","status":"publish","type":"post","link":"https:\/\/wp.ufpel.edu.br\/desafio\/2021\/08\/27\/simulado-on-line-do-desafio-2a-etapa\/","title":{"rendered":"Simulado on-line do Desafio &#8211; 2\u00aa etapa"},"content":{"rendered":"<p><img class=\"\" src=\"https:\/\/scontent.fpet1-1.fna.fbcdn.net\/v\/t1.6435-9\/239356829_2989603691358985_613423712068544125_n.jpg?_nc_cat=100&amp;ccb=1-5&amp;_nc_sid=730e14&amp;_nc_eui2=AeEmHylV6LV3oXjksSPaRUb06R9IqOlNse3pH0io6U2x7T_cwLLDnFmiSSzRcXrXz3w&amp;_nc_ohc=VfgCQYKOMZgAX-7gzXk&amp;_nc_ht=scontent.fpet1-1.fna&amp;oh=60b89ad4a4942b20d9da0235a6d45844&amp;oe=61504C80\" alt=\"Pode ser uma imagem de texto\" width=\"479\" height=\"675\" \/><\/p>\n<p>E a\u00ed, voc\u00eas tiraram a 1\u00aa etapa de letra? Ent\u00e3o se preparem, pois a 2\u00aa etapa do simulado on-line do Desafio vem a\u00ed!<\/p>\n<p>Neste pr\u00f3ximo s\u00e1bado, dia 28\/08, das 13:30 \u00e0s 19h, ser\u00e3o aplicadas as provas do 2\u00ba dia do simulado: Ci\u00eancias da Natureza e suas Tecnologias e Matem\u00e1tica e suas Tecnologias.<\/p>\n<p>Vale lembrar que quem n\u00e3o participou do 1\u00ba dia, ainda poder\u00e1 realizar as provas do 2\u00ba dia!<\/p>\n<p>Assim como na semana anterior, as informa\u00e7\u00f5es de acesso e orienta\u00e7\u00f5es para a realiza\u00e7\u00e3o do simulado ser\u00e3o disponibilizadas para voc\u00eas ao longo da semana, pelas redes sociais do Desafio. Ent\u00e3o fiquem ligados!<\/p>\n","protected":false},"excerpt":{"rendered":"<p>E a\u00ed, voc\u00eas tiraram a 1\u00aa etapa de letra? Ent\u00e3o se preparem, pois a 2\u00aa etapa do simulado on-line do Desafio vem a\u00ed! Neste pr\u00f3ximo s\u00e1bado, dia 28\/08, das 13:30 \u00e0s 19h, ser\u00e3o aplicadas as provas do 2\u00ba dia do simulado: Ci\u00eancias da Natureza e suas Tecnologias e Matem\u00e1tica e suas Tecnologias. Vale lembrar que [&hellip;]<\/p>\n","protected":false},"author":24,"featured_media":0,"comment_status":"closed","ping_status":"closed","sticky":false,"template":"","format":"standard","meta":{"footnotes":""},"categories":[18],"tags":[],"class_list":["post-240","post","type-post","status-publish","format-standard","hentry","category-sem-categoria"],"jetpack_featured_media_url":"","_links":{"self":[{"href":"https:\/\/wp.ufpel.edu.br\/desafio\/wp-json\/wp\/v2\/posts\/240","targetHints":{"allow":["GET"]}}],"collection":[{"href":"https:\/\/wp.ufpel.edu.br\/desafio\/wp-json\/wp\/v2\/posts"}],"about":[{"href":"https:\/\/wp.ufpel.edu.br\/desafio\/wp-json\/wp\/v2\/types\/post"}],"author":[{"embeddable":true,"href":"https:\/\/wp.ufpel.edu.br\/desafio\/wp-json\/wp\/v2\/users\/24"}],"replies":[{"embeddable":true,"href":"https:\/\/wp.ufpel.edu.br\/desafio\/wp-json\/wp\/v2\/comments?post=240"}],"version-history":[{"count":1,"href":"https:\/\/wp.ufpel.edu.br\/desafio\/wp-json\/wp\/v2\/posts\/240\/revisions"}],"predecessor-version":[{"id":242,"href":"https:\/\/wp.ufpel.edu.br\/desafio\/wp-json\/wp\/v2\/posts\/240\/revisions\/242"}],"wp:attachment":[{"href":"https:\/\/wp.ufpel.edu.br\/desafio\/wp-json\/wp\/v2\/media?parent=240"}],"wp:term":[{"taxonomy":"category","embeddable":true,"href":"https:\/\/wp.ufpel.edu.br\/desafio\/wp-json\/wp\/v2\/categories?post=240"},{"taxonomy":"post_tag","embeddable":true,"href":"https:\/\/wp.ufpel.edu.br\/desafio\/wp-json\/wp\/v2\/tags?post=240"}],"curies":[{"name":"wp","href":"https:\/\/api.w.org\/{rel}","templated":true}]}}