{"id":1671,"date":"2019-12-23T09:37:54","date_gmt":"2019-12-23T12:37:54","guid":{"rendered":"https:\/\/wp.ufpel.edu.br\/depfis\/?p=1671"},"modified":"2019-12-23T09:37:54","modified_gmt":"2019-12-23T12:37:54","slug":"nova-chefia-do-df-2020-2021","status":"publish","type":"post","link":"https:\/\/wp.ufpel.edu.br\/depfis\/2019\/12\/23\/nova-chefia-do-df-2020-2021\/","title":{"rendered":"Nova Chefia do DF 2020\/2021"},"content":{"rendered":"<p>Informamos que a partir de hoje (23\/12\/2019), a chefia do Departamento de F\u00edsica ser\u00e1 exercida pelos Professores ARLAN DA SILVA FERREIRA (Chefe) e CARLOS ALBERTO VAZ DE MORAIS J\u00daNIOR (subchefe), conforme portaria DOU <a href=\"https:\/\/wp.ufpel.edu.br\/depfis\/files\/2019\/12\/PORTARIA-N\u00ba-3.145-DE-29-DE-NOVEMBRO-DE-2019-PORTARIA-N\u00ba-3.145-DE-29-DE-NOVEMBRO-DE-2019-DOU-Imprensa-Nacional.pdf\">PORTARIA N\u00ba 3.145, DE 29 DE NOVEMBRO DE 2019 &#8211; PORTARIA N\u00ba 3.145, DE 29 DE NOVEMBRO DE 2019 &#8211; DOU &#8211; Imprensa Nacional<\/a> em anexo.<\/p>\n","protected":false},"excerpt":{"rendered":"<p>Informamos que a partir de hoje (23\/12\/2019), a chefia do Departamento de F\u00edsica ser\u00e1 exercida pelos Professores ARLAN DA SILVA FERREIRA (Chefe) e CARLOS ALBERTO VAZ DE MORAIS J\u00daNIOR (subchefe), conforme portaria DOU PORTARIA N\u00ba 3.145, DE 29 DE NOVEMBRO DE 2019 &#8211; PORTARIA N\u00ba 3.145, DE 29 DE NOVEMBRO DE 2019 &#8211; DOU &#8211; &hellip; <\/p>\n<p><a class=\"more-link btn\" href=\"https:\/\/wp.ufpel.edu.br\/depfis\/2019\/12\/23\/nova-chefia-do-df-2020-2021\/\">Continue lendo<\/a><\/p>\n","protected":false},"author":489,"featured_media":0,"comment_status":"closed","ping_status":"closed","sticky":false,"template":"","format":"standard","meta":{"footnotes":""},"categories":[18],"tags":[],"class_list":["post-1671","post","type-post","status-publish","format-standard","hentry","category-sem-categoria","item-wrap"],"jetpack_featured_media_url":"","_links":{"self":[{"href":"https:\/\/wp.ufpel.edu.br\/depfis\/wp-json\/wp\/v2\/posts\/1671","targetHints":{"allow":["GET"]}}],"collection":[{"href":"https:\/\/wp.ufpel.edu.br\/depfis\/wp-json\/wp\/v2\/posts"}],"about":[{"href":"https:\/\/wp.ufpel.edu.br\/depfis\/wp-json\/wp\/v2\/types\/post"}],"author":[{"embeddable":true,"href":"https:\/\/wp.ufpel.edu.br\/depfis\/wp-json\/wp\/v2\/users\/489"}],"replies":[{"embeddable":true,"href":"https:\/\/wp.ufpel.edu.br\/depfis\/wp-json\/wp\/v2\/comments?post=1671"}],"version-history":[{"count":1,"href":"https:\/\/wp.ufpel.edu.br\/depfis\/wp-json\/wp\/v2\/posts\/1671\/revisions"}],"predecessor-version":[{"id":1674,"href":"https:\/\/wp.ufpel.edu.br\/depfis\/wp-json\/wp\/v2\/posts\/1671\/revisions\/1674"}],"wp:attachment":[{"href":"https:\/\/wp.ufpel.edu.br\/depfis\/wp-json\/wp\/v2\/media?parent=1671"}],"wp:term":[{"taxonomy":"category","embeddable":true,"href":"https:\/\/wp.ufpel.edu.br\/depfis\/wp-json\/wp\/v2\/categories?post=1671"},{"taxonomy":"post_tag","embeddable":true,"href":"https:\/\/wp.ufpel.edu.br\/depfis\/wp-json\/wp\/v2\/tags?post=1671"}],"curies":[{"name":"wp","href":"https:\/\/api.w.org\/{rel}","templated":true}]}}