{"id":1742,"date":"2026-07-10T12:38:01","date_gmt":"2026-07-10T15:38:01","guid":{"rendered":"https:\/\/wp.ufpel.edu.br\/depfil\/?p=1742"},"modified":"2026-07-10T12:38:01","modified_gmt":"2026-07-10T15:38:01","slug":"mostra-de-atividades-de-ensino-de-filosofia-estagio-supervisionado-ii","status":"publish","type":"post","link":"https:\/\/wp.ufpel.edu.br\/depfil\/mostra-de-atividades-de-ensino-de-filosofia-estagio-supervisionado-ii\/","title":{"rendered":"MOSTRA DE ATIVIDADES DE ENSINO DE FILOSOFIA \u2013 EST\u00c1GIO SUPERVISIONADO II"},"content":{"rendered":"<p>No dia 14 de julho de 2026, ser\u00e1 realizada a Mostra de Atividades de Ensino de Filosofia, promovida no \u00e2mbito da disciplina Est\u00e1gio Supervisionado II.<br \/>\nA atividade tem como objetivo socializar as experi\u00eancias pedag\u00f3gicas desenvolvidas pelos licenciandos durante o est\u00e1gio supervisionado, proporcionando um espa\u00e7o de compartilhamento de pr\u00e1ticas, di\u00e1logo e reflex\u00e3o sobre o ensino de Filosofia.<br \/>\nHor\u00e1rio:<br \/>\n\u2022 In\u00edcio: 8h30 \u00e0s 11h<br \/>\n\u2022 Intervalo para almo\u00e7o: das 11h \u00e0s 13h<br \/>\n\u2022 Rein\u00edcio: 13h30<br \/>\n\u2022 Encerramento: 15h30<\/p>\n<p>Local: Sala 316 \u2013 IFISP\/UFPel<br \/>\nConvida-se toda a comunidade acad\u00eamica a prestigiar as apresenta\u00e7\u00f5es e conhecer as experi\u00eancias de ensino de Filosofia desenvolvidas pelos licenciandos do Curso de Licenciatura em Filosofia durante o Est\u00e1gio Supervisionado II.<\/p>\n<p><a href=\"https:\/\/wp.ufpel.edu.br\/depfil\/files\/2026\/07\/WhatsApp-Image-2026-07-10-at-11.17.25.jpeg\"><img class=\"aligncenter size-large wp-image-1744\" src=\"https:\/\/wp.ufpel.edu.br\/depfil\/files\/2026\/07\/WhatsApp-Image-2026-07-10-at-11.17.25-683x1024.jpeg\" alt=\"\" width=\"683\" height=\"1024\" srcset=\"https:\/\/wp.ufpel.edu.br\/depfil\/files\/2026\/07\/WhatsApp-Image-2026-07-10-at-11.17.25-683x1024.jpeg 683w, https:\/\/wp.ufpel.edu.br\/depfil\/files\/2026\/07\/WhatsApp-Image-2026-07-10-at-11.17.25-267x400.jpeg 267w, https:\/\/wp.ufpel.edu.br\/depfil\/files\/2026\/07\/WhatsApp-Image-2026-07-10-at-11.17.25-768x1152.jpeg 768w, https:\/\/wp.ufpel.edu.br\/depfil\/files\/2026\/07\/WhatsApp-Image-2026-07-10-at-11.17.25.jpeg 1024w\" sizes=\"(max-width: 683px) 100vw, 683px\" \/><\/a><\/p>\n","protected":false},"excerpt":{"rendered":"<p>No dia 14 de julho de 2026, ser\u00e1 realizada a Mostra de Atividades de Ensino de Filosofia, promovida no \u00e2mbito da disciplina Est\u00e1gio Supervisionado II. A atividade tem como objetivo socializar as experi\u00eancias pedag\u00f3gicas desenvolvidas pelos licenciandos durante o est\u00e1gio supervisionado, proporcionando um espa\u00e7o de compartilhamento de pr\u00e1ticas, di\u00e1logo e reflex\u00e3o sobre o ensino de [&hellip;]<\/p>\n","protected":false},"author":1425,"featured_media":0,"comment_status":"closed","ping_status":"closed","sticky":false,"template":"","format":"standard","meta":{"_jetpack_newsletter_access":"","_jetpack_dont_email_post_to_subs":false,"_jetpack_newsletter_tier_id":0,"_jetpack_memberships_contains_paywalled_content":false,"_jetpack_feature_clip_id":0,"_jetpack_memberships_contains_paid_content":false,"footnotes":"","jetpack_publicize_message":"","jetpack_publicize_feature_enabled":true,"jetpack_social_post_already_shared":true,"jetpack_social_options":{"image_generator_settings":{"template":"highway","default_image_id":0,"font":"","enabled":false},"version":2},"jetpack_post_was_ever_published":false},"categories":[18],"tags":[],"class_list":["post-1742","post","type-post","status-publish","format-standard","hentry","category-sem-categoria"],"jetpack_publicize_connections":[],"jetpack_featured_media_url":"","jetpack_sharing_enabled":true,"jetpack_shortlink":"https:\/\/wp.me\/p6RFYP-s6","_links":{"self":[{"href":"https:\/\/wp.ufpel.edu.br\/depfil\/wp-json\/wp\/v2\/posts\/1742","targetHints":{"allow":["GET"]}}],"collection":[{"href":"https:\/\/wp.ufpel.edu.br\/depfil\/wp-json\/wp\/v2\/posts"}],"about":[{"href":"https:\/\/wp.ufpel.edu.br\/depfil\/wp-json\/wp\/v2\/types\/post"}],"author":[{"embeddable":true,"href":"https:\/\/wp.ufpel.edu.br\/depfil\/wp-json\/wp\/v2\/users\/1425"}],"replies":[{"embeddable":true,"href":"https:\/\/wp.ufpel.edu.br\/depfil\/wp-json\/wp\/v2\/comments?post=1742"}],"version-history":[{"count":1,"href":"https:\/\/wp.ufpel.edu.br\/depfil\/wp-json\/wp\/v2\/posts\/1742\/revisions"}],"predecessor-version":[{"id":1745,"href":"https:\/\/wp.ufpel.edu.br\/depfil\/wp-json\/wp\/v2\/posts\/1742\/revisions\/1745"}],"wp:attachment":[{"href":"https:\/\/wp.ufpel.edu.br\/depfil\/wp-json\/wp\/v2\/media?parent=1742"}],"wp:term":[{"taxonomy":"category","embeddable":true,"href":"https:\/\/wp.ufpel.edu.br\/depfil\/wp-json\/wp\/v2\/categories?post=1742"},{"taxonomy":"post_tag","embeddable":true,"href":"https:\/\/wp.ufpel.edu.br\/depfil\/wp-json\/wp\/v2\/tags?post=1742"}],"curies":[{"name":"wp","href":"https:\/\/api.w.org\/{rel}","templated":true}]}}