{"id":1083,"date":"2018-09-12T12:31:19","date_gmt":"2018-09-12T15:31:19","guid":{"rendered":"https:\/\/wp.ufpel.edu.br\/depfil\/?p=1083"},"modified":"2018-09-24T19:47:01","modified_gmt":"2018-09-24T22:47:01","slug":"seminario-obrigacao-moral-e-punicao-com-o-prof-dr-lloyd-steffen-lehing-university-usa","status":"publish","type":"post","link":"https:\/\/wp.ufpel.edu.br\/depfil\/seminario-obrigacao-moral-e-punicao-com-o-prof-dr-lloyd-steffen-lehing-university-usa\/","title":{"rendered":"Semin\u00e1rio &#8220;Obriga\u00e7\u00e3o Moral e Puni\u00e7\u00e3o&#8221; com o Prof. Dr. Lloyd Steffen (Lehing University &#8211; USA)"},"content":{"rendered":"<p><a href=\"https:\/\/wp.ufpel.edu.br\/depfil\/files\/2018\/09\/Cartaz-Obrigac\u0327a\u0303o-e-Punic\u0327a\u0303o.jpeg\"><img class=\"alignnone size-medium wp-image-1084\" src=\"https:\/\/wp.ufpel.edu.br\/depfil\/files\/2018\/09\/Cartaz-Obrigac\u0327a\u0303o-e-Punic\u0327a\u0303o-234x400.jpeg\" alt=\"\" width=\"234\" height=\"400\" srcset=\"https:\/\/wp.ufpel.edu.br\/depfil\/files\/2018\/09\/Cartaz-Obrigac\u0327a\u0303o-e-Punic\u0327a\u0303o-234x400.jpeg 234w, https:\/\/wp.ufpel.edu.br\/depfil\/files\/2018\/09\/Cartaz-Obrigac\u0327a\u0303o-e-Punic\u0327a\u0303o-598x1024.jpeg 598w, https:\/\/wp.ufpel.edu.br\/depfil\/files\/2018\/09\/Cartaz-Obrigac\u0327a\u0303o-e-Punic\u0327a\u0303o.jpeg 748w\" sizes=\"(max-width: 234px) 100vw, 234px\" \/><\/a><\/p>\n<p style=\"text-align: justify\"><span style=\"font-family: tahoma, arial, helvetica, sans-serif\">O Programa de P\u00f3s-Gradua\u00e7\u00e3o em Filosofia da UFPEL e o Grupo de An\u00e1lise e Tradu\u00e7\u00f5es de Textos Filos\u00f3ficos (coordenado pelo Prof. Dr. Evandro Barbosa) promovem o Semin\u00e1rio &#8220;Obriga\u00e7\u00e3o Moral e Puni\u00e7\u00e3o&#8221; nos dias 15 a 19 de outubro de 2018 na sala 204 do IFISP. Os interessados em participar do semin\u00e1rio (em ingl\u00eas) e dos encontros preparat\u00f3rios poder\u00e3o encaminhar mensagem para o e-mail\u00a0<a href=\"mailto:goat.ufpel@gmail.com\" target=\"_blank\" rel=\"nofollow noopener\">goat.ufpel@gmail.com<\/a>\u00a0ou acessar o site <a href=\"https:\/\/wp.ufpel.edu.br\/ebarbosa\/seminario-obrigacao-moral-e-punicao\/\">clicando aqui!<\/a><\/span><span style=\"font-family: tahoma, arial, helvetica, sans-serif\">\u00a0Vagas limitadas (30).<\/span><\/p>\n","protected":false},"excerpt":{"rendered":"<p>O Programa de P\u00f3s-Gradua\u00e7\u00e3o em Filosofia da UFPEL e o Grupo de An\u00e1lise e Tradu\u00e7\u00f5es de Textos Filos\u00f3ficos (coordenado pelo Prof. Dr. Evandro Barbosa) promovem o Semin\u00e1rio &#8220;Obriga\u00e7\u00e3o Moral e Puni\u00e7\u00e3o&#8221; nos dias 15 a 19 de outubro de 2018 na sala 204 do IFISP. Os interessados em participar do semin\u00e1rio (em ingl\u00eas) e dos [&hellip;]<\/p>\n","protected":false},"author":357,"featured_media":0,"comment_status":"closed","ping_status":"closed","sticky":false,"template":"","format":"standard","meta":{"jetpack_post_was_ever_published":false,"_jetpack_newsletter_access":"","_jetpack_dont_email_post_to_subs":false,"_jetpack_newsletter_tier_id":0,"_jetpack_memberships_contains_paywalled_content":false,"_jetpack_memberships_contains_paid_content":false,"footnotes":"","jetpack_publicize_message":"","jetpack_publicize_feature_enabled":true,"jetpack_social_post_already_shared":true,"jetpack_social_options":{"image_generator_settings":{"template":"highway","default_image_id":0,"font":"","enabled":false},"version":2}},"categories":[18],"tags":[],"class_list":["post-1083","post","type-post","status-publish","format-standard","hentry","category-sem-categoria"],"jetpack_publicize_connections":[],"jetpack_featured_media_url":"","jetpack_sharing_enabled":true,"jetpack_shortlink":"https:\/\/wp.me\/p6RFYP-ht","_links":{"self":[{"href":"https:\/\/wp.ufpel.edu.br\/depfil\/wp-json\/wp\/v2\/posts\/1083","targetHints":{"allow":["GET"]}}],"collection":[{"href":"https:\/\/wp.ufpel.edu.br\/depfil\/wp-json\/wp\/v2\/posts"}],"about":[{"href":"https:\/\/wp.ufpel.edu.br\/depfil\/wp-json\/wp\/v2\/types\/post"}],"author":[{"embeddable":true,"href":"https:\/\/wp.ufpel.edu.br\/depfil\/wp-json\/wp\/v2\/users\/357"}],"replies":[{"embeddable":true,"href":"https:\/\/wp.ufpel.edu.br\/depfil\/wp-json\/wp\/v2\/comments?post=1083"}],"version-history":[{"count":1,"href":"https:\/\/wp.ufpel.edu.br\/depfil\/wp-json\/wp\/v2\/posts\/1083\/revisions"}],"predecessor-version":[{"id":1085,"href":"https:\/\/wp.ufpel.edu.br\/depfil\/wp-json\/wp\/v2\/posts\/1083\/revisions\/1085"}],"wp:attachment":[{"href":"https:\/\/wp.ufpel.edu.br\/depfil\/wp-json\/wp\/v2\/media?parent=1083"}],"wp:term":[{"taxonomy":"category","embeddable":true,"href":"https:\/\/wp.ufpel.edu.br\/depfil\/wp-json\/wp\/v2\/categories?post=1083"},{"taxonomy":"post_tag","embeddable":true,"href":"https:\/\/wp.ufpel.edu.br\/depfil\/wp-json\/wp\/v2\/tags?post=1083"}],"curies":[{"name":"wp","href":"https:\/\/api.w.org\/{rel}","templated":true}]}}