{"id":975,"date":"2022-07-28T05:54:17","date_gmt":"2022-07-28T08:54:17","guid":{"rendered":"https:\/\/wp.ufpel.edu.br\/dce\/?p=975"},"modified":"2022-07-30T05:54:38","modified_gmt":"2022-07-30T08:54:38","slug":"estao-abertas-as-inscricoes-para-os-programas-de-auxilio-estudantil-2022-1","status":"publish","type":"post","link":"https:\/\/wp.ufpel.edu.br\/dce\/estao-abertas-as-inscricoes-para-os-programas-de-auxilio-estudantil-2022-1\/","title":{"rendered":"Est\u00e3o abertas as inscri\u00e7\u00f5es para os Programas de Aux\u00edlio Estudantil 2022\/1"},"content":{"rendered":"<p><a href=\"https:\/\/wp.ufpel.edu.br\/dce\/files\/2022\/07\/WhatsApp-Image-2022-07-28-at-14.03.06-2.jpeg\"><img class=\"wp-image-976 size-medium alignright\" src=\"https:\/\/wp.ufpel.edu.br\/dce\/files\/2022\/07\/WhatsApp-Image-2022-07-28-at-14.03.06-2-400x400.jpeg\" alt=\"\" width=\"400\" height=\"400\" srcset=\"https:\/\/wp.ufpel.edu.br\/dce\/files\/2022\/07\/WhatsApp-Image-2022-07-28-at-14.03.06-2-400x400.jpeg 400w, https:\/\/wp.ufpel.edu.br\/dce\/files\/2022\/07\/WhatsApp-Image-2022-07-28-at-14.03.06-2-1024x1024.jpeg 1024w, https:\/\/wp.ufpel.edu.br\/dce\/files\/2022\/07\/WhatsApp-Image-2022-07-28-at-14.03.06-2-200x200.jpeg 200w, https:\/\/wp.ufpel.edu.br\/dce\/files\/2022\/07\/WhatsApp-Image-2022-07-28-at-14.03.06-2-768x768.jpeg 768w, https:\/\/wp.ufpel.edu.br\/dce\/files\/2022\/07\/WhatsApp-Image-2022-07-28-at-14.03.06-2.jpeg 1080w\" sizes=\"(max-width: 400px) 100vw, 400px\" \/><\/a><\/p>\n<p style=\"text-align: justify;\">A Pr\u00f3-Reitoria de Assuntos Estudantis (PRAE) divulgou edital para sele\u00e7\u00e3o de estudantes nos Programas de Aux\u00edlio Estudantil. As inscri\u00e7\u00f5es seguem abertas<b> at\u00e9<\/b>\u00a0<strong>\u00e0s 18h do dia 10 de agosto <\/strong>de 2022, exclusivamente pela internet.\u00a0A expectativa de divulga\u00e7\u00e3o do primeiro resultado \u00e9 para a primeira semana de setembro.<\/p>\n<p>Confira edital completo: <a href=\"https:\/\/wp.ufpel.edu.br\/prae\/files\/2022\/07\/SEI_23110.024094_2022_84_Edital_PRAE_25_22_Selecao_Ingresso_Programas_v1.pdf\">Edital PRAE 25\/22<\/a><\/p>\n<p><strong>Quem pode concorrer?<\/strong><\/p>\n<p style=\"text-align: justify;\">Para concorrer a qualquer um dos programas, o(a) estudante deve comprovar documentalmente Renda Per Capita (RPC) familiar inferior a 1,5 sal\u00e1rio m\u00ednimo vigente nos tr\u00eas meses anteriores \u00e0 sele\u00e7\u00e3o (abril, maio e junho de 2022). A comprova\u00e7\u00e3o \u00e9 feita de maneira declarat\u00f3ria e comprobat\u00f3ria, mediante envio de informa\u00e7\u00f5es da fam\u00edlia e envio de documentos de comprova\u00e7\u00e3o de renda.<\/p>\n<p><strong>Quais aux\u00edlios s\u00e3o oferecidos:<\/strong><\/p>\n<p>-&#xfe0f; PROGRAMA AUX\u00cdLIO ALIMENTA\u00c7\u00c3O (PAA): Acesso a gratuidade nos Restaurantes Universit\u00e1rios (RU), dependendo da modalidade de sele\u00e7\u00e3o (veja normativa do programa aqui);<\/p>\n<p>-&#xfe0f; PROGRAMA AUX\u00cdLIO TRANSPORTE (PAT): Fornecimento de cr\u00e9ditos para o transporte p\u00fablico na \u00e1rea urbana de Pelotas e Cap\u00e3o do Le\u00e3o;<\/p>\n<p>-&#xfe0f; PROGRAMA MORADIA ESTUDANTIL (PME e PAM): Vaga na Moradia Estudantil (CEU) ou valor financeiro para ajuda de custeio de aluguel na cidade de Pelotas.<\/p>\n<p>-&#xfe0f; PROGRAMA AUX\u00cdLIO DESLOCAMENTO (PAD): Valor financeiro para ajuda de custeio no transporte interurbano para residentes em outros munic\u00edpios com dist\u00e2ncia de at\u00e9 150 km da \u00e1rea urbana Pelotas;<\/p>\n<p>-&#xfe0f; PROGRAMA AUX\u00cdLIO PR\u00c9-ESCOLAR (PAPE): Valor financeiro para m\u00e3es e pais universit\u00e1rios com filhos de at\u00e9 5 anos e 364 dias;<\/p>\n<p>-&#xfe0f; PROGRAMA AUX\u00cdLIO INSTRUMENTAL ODONTOL\u00d3GICO (PAIO): Kit com instrumentos odontol\u00f3gicos para alunos do curso de gradua\u00e7\u00e3o em Odontologia.<\/p>\n<p>Mais informa\u00e7\u00f5es e edital completo: <a href=\"https:\/\/wp.ufpel.edu.br\/prae\/2022\/07\/14\/selecao-para-ingresso-nos-programas-de-auxilio-estudantil-2022-1\/\">site da PRAE<\/a><\/p>\n<p>D\u00favidas sobre o processo de sele\u00e7\u00e3o podem ser encaminhadas para o atendimento.ufpel.edu.br ou para o e-mail da CIB: ci.prae.ufpel@gmail.com.<\/p>\n","protected":false},"excerpt":{"rendered":"<p>A Pr\u00f3-Reitoria de Assuntos Estudantis (PRAE) divulgou edital para sele\u00e7\u00e3o de estudantes nos Programas de Aux\u00edlio Estudantil. As inscri\u00e7\u00f5es seguem abertas at\u00e9\u00a0\u00e0s 18h do dia 10 de agosto de 2022, exclusivamente pela internet.\u00a0A expectativa de divulga\u00e7\u00e3o do primeiro resultado \u00e9 para a primeira semana de setembro. Confira edital completo: Edital PRAE 25\/22 Quem pode concorrer? [&hellip;]<\/p>\n","protected":false},"author":580,"featured_media":0,"comment_status":"closed","ping_status":"closed","sticky":false,"template":"","format":"standard","meta":{"_jetpack_memberships_contains_paid_content":false,"footnotes":""},"categories":[1],"tags":[],"class_list":["post-975","post","type-post","status-publish","format-standard","hentry","category-noticias"],"jetpack_featured_media_url":"","jetpack_sharing_enabled":true,"_links":{"self":[{"href":"https:\/\/wp.ufpel.edu.br\/dce\/wp-json\/wp\/v2\/posts\/975","targetHints":{"allow":["GET"]}}],"collection":[{"href":"https:\/\/wp.ufpel.edu.br\/dce\/wp-json\/wp\/v2\/posts"}],"about":[{"href":"https:\/\/wp.ufpel.edu.br\/dce\/wp-json\/wp\/v2\/types\/post"}],"author":[{"embeddable":true,"href":"https:\/\/wp.ufpel.edu.br\/dce\/wp-json\/wp\/v2\/users\/580"}],"replies":[{"embeddable":true,"href":"https:\/\/wp.ufpel.edu.br\/dce\/wp-json\/wp\/v2\/comments?post=975"}],"version-history":[{"count":1,"href":"https:\/\/wp.ufpel.edu.br\/dce\/wp-json\/wp\/v2\/posts\/975\/revisions"}],"predecessor-version":[{"id":977,"href":"https:\/\/wp.ufpel.edu.br\/dce\/wp-json\/wp\/v2\/posts\/975\/revisions\/977"}],"wp:attachment":[{"href":"https:\/\/wp.ufpel.edu.br\/dce\/wp-json\/wp\/v2\/media?parent=975"}],"wp:term":[{"taxonomy":"category","embeddable":true,"href":"https:\/\/wp.ufpel.edu.br\/dce\/wp-json\/wp\/v2\/categories?post=975"},{"taxonomy":"post_tag","embeddable":true,"href":"https:\/\/wp.ufpel.edu.br\/dce\/wp-json\/wp\/v2\/tags?post=975"}],"curies":[{"name":"wp","href":"https:\/\/api.w.org\/{rel}","templated":true}]}}