{"id":972,"date":"2022-07-17T05:42:52","date_gmt":"2022-07-17T08:42:52","guid":{"rendered":"https:\/\/wp.ufpel.edu.br\/dce\/?p=972"},"modified":"2022-07-30T05:43:11","modified_gmt":"2022-07-30T08:43:11","slug":"solicitacao-de-matricula-online-e-prorrogada-ate-terca-feira-dia-19","status":"publish","type":"post","link":"https:\/\/wp.ufpel.edu.br\/dce\/solicitacao-de-matricula-online-e-prorrogada-ate-terca-feira-dia-19\/","title":{"rendered":"Solicita\u00e7\u00e3o de matr\u00edcula online \u00e9 prorrogada at\u00e9 ter\u00e7a-feira, dia 19"},"content":{"rendered":"<p><a href=\"https:\/\/wp.ufpel.edu.br\/dce\/files\/2022\/07\/matricula.png\"><img class=\"alignleft wp-image-973 size-medium\" src=\"https:\/\/wp.ufpel.edu.br\/dce\/files\/2022\/07\/matricula-400x400.png\" alt=\"\" width=\"400\" height=\"400\" srcset=\"https:\/\/wp.ufpel.edu.br\/dce\/files\/2022\/07\/matricula-400x400.png 400w, https:\/\/wp.ufpel.edu.br\/dce\/files\/2022\/07\/matricula-1024x1024.png 1024w, https:\/\/wp.ufpel.edu.br\/dce\/files\/2022\/07\/matricula-200x200.png 200w, https:\/\/wp.ufpel.edu.br\/dce\/files\/2022\/07\/matricula-768x768.png 768w, https:\/\/wp.ufpel.edu.br\/dce\/files\/2022\/07\/matricula.png 1080w\" sizes=\"(max-width: 400px) 100vw, 400px\" \/><\/a><\/p>\n<p style=\"text-align: justify;\">O per\u00edodo de solicita\u00e7\u00e3o de matr\u00edculas online, via Cobalto, foi prorrogado. As solicita\u00e7\u00f5es, que iniciaram na \u00faltima sexta-feira (15), podem ser realizadas agora at\u00e9 ter\u00e7a-feira (19).<\/p>\n<p><strong>Confira novas datas:<\/strong><\/p>\n<p><strong>at\u00e9 19\/07 (ter\u00e7a)<\/strong> &#8211; per\u00edodo de solicita\u00e7\u00e3o de matr\u00edcula on-line, via cobalto, 2022\/1;<\/p>\n<p><strong>20\/07 (quarta)<\/strong> &#8211; Processamento das solicita\u00e7\u00f5es de matr\u00edcula on-line 2022\/1;<\/p>\n<p><strong>de 21\/07 (quinta)<\/strong> at\u00e9 <strong>24\/07 (domingo)<\/strong> &#8211; Per\u00edodo para solicita\u00e7\u00e3o de corre\u00e7\u00e3o de matr\u00edcula &#8211; Cobalto;<\/p>\n<p><strong>29\/07 (sexta)<\/strong> a <strong>31\/07 (domingo)<\/strong> &#8211; Per\u00edodo de Solicita\u00e7\u00e3o de Matr\u00edcula Especial, via Cobalto.<\/p>\n<p style=\"text-align: justify;\">Para realizar a solicita\u00e7\u00e3o de matr\u00edcula, o estudante dever\u00e1 fazer login no sistema acad\u00eamico Cobalto, acessar o menu Solicita\u00e7\u00e3o de matr\u00edcula e selecionar os componentes curriculares que pretende cursar. A matr\u00edcula online via Cobalto \u00e9 destinada apenas para estudantes do segundo semestre em diante. Aos alunos ingressantes na Universidade a matr\u00edcula ocorre conforme especificado no edital de cada processo de ingresso.<\/p>\n<p style=\"text-align: justify;\"><strong>Comprovante de vacina\u00e7\u00e3o<\/strong><br \/>\nAs solicita\u00e7\u00f5es s\u00f3 ser\u00e3o poss\u00edveis mediante a comprova\u00e7\u00e3o do esquema vacinal completo (duas primeiras e refor\u00e7o ou dose \u00fanica mais refor\u00e7o), ou nas situa\u00e7\u00f5es espec\u00edficas previstas nas normas da Universidade. A comprova\u00e7\u00e3o \u00e9 feita via Cobalto, <a href=\"https:\/\/www.instagram.com\/p\/CXwoJqhp5Su\/\">confira aqui passo a passo<\/a>.<\/p>\n<p>O semestre letivo 2022\/1 tem in\u00edcio no dia <strong>01 de agosto<\/strong>! Tenham todas, todos e todes um \u00f3timo retorno!<\/p>\n<p><a href=\"https:\/\/wp.ufpel.edu.br\/cra\/calendario-academico\/\">Confira aqui o Calend\u00e1rio Acad\u00eamico completo<\/a><\/p>\n","protected":false},"excerpt":{"rendered":"<p>O per\u00edodo de solicita\u00e7\u00e3o de matr\u00edculas online, via Cobalto, foi prorrogado. As solicita\u00e7\u00f5es, que iniciaram na \u00faltima sexta-feira (15), podem ser realizadas agora at\u00e9 ter\u00e7a-feira (19). Confira novas datas: at\u00e9 19\/07 (ter\u00e7a) &#8211; per\u00edodo de solicita\u00e7\u00e3o de matr\u00edcula on-line, via cobalto, 2022\/1; 20\/07 (quarta) &#8211; Processamento das solicita\u00e7\u00f5es de matr\u00edcula on-line 2022\/1; de 21\/07 (quinta) [&hellip;]<\/p>\n","protected":false},"author":580,"featured_media":0,"comment_status":"closed","ping_status":"closed","sticky":false,"template":"","format":"standard","meta":{"_jetpack_memberships_contains_paid_content":false,"footnotes":""},"categories":[1],"tags":[],"class_list":["post-972","post","type-post","status-publish","format-standard","hentry","category-noticias"],"jetpack_featured_media_url":"","jetpack_sharing_enabled":true,"_links":{"self":[{"href":"https:\/\/wp.ufpel.edu.br\/dce\/wp-json\/wp\/v2\/posts\/972","targetHints":{"allow":["GET"]}}],"collection":[{"href":"https:\/\/wp.ufpel.edu.br\/dce\/wp-json\/wp\/v2\/posts"}],"about":[{"href":"https:\/\/wp.ufpel.edu.br\/dce\/wp-json\/wp\/v2\/types\/post"}],"author":[{"embeddable":true,"href":"https:\/\/wp.ufpel.edu.br\/dce\/wp-json\/wp\/v2\/users\/580"}],"replies":[{"embeddable":true,"href":"https:\/\/wp.ufpel.edu.br\/dce\/wp-json\/wp\/v2\/comments?post=972"}],"version-history":[{"count":1,"href":"https:\/\/wp.ufpel.edu.br\/dce\/wp-json\/wp\/v2\/posts\/972\/revisions"}],"predecessor-version":[{"id":974,"href":"https:\/\/wp.ufpel.edu.br\/dce\/wp-json\/wp\/v2\/posts\/972\/revisions\/974"}],"wp:attachment":[{"href":"https:\/\/wp.ufpel.edu.br\/dce\/wp-json\/wp\/v2\/media?parent=972"}],"wp:term":[{"taxonomy":"category","embeddable":true,"href":"https:\/\/wp.ufpel.edu.br\/dce\/wp-json\/wp\/v2\/categories?post=972"},{"taxonomy":"post_tag","embeddable":true,"href":"https:\/\/wp.ufpel.edu.br\/dce\/wp-json\/wp\/v2\/tags?post=972"}],"curies":[{"name":"wp","href":"https:\/\/api.w.org\/{rel}","templated":true}]}}