{"id":897,"date":"2022-05-29T04:33:12","date_gmt":"2022-05-29T07:33:12","guid":{"rendered":"https:\/\/wp.ufpel.edu.br\/dce\/?p=897"},"modified":"2022-06-02T10:54:30","modified_gmt":"2022-06-02T13:54:30","slug":"governo-corta-r-32-bilhoes-do-orcamento-do-mec-funcionamento-de-universidades-fica-ameacado","status":"publish","type":"post","link":"https:\/\/wp.ufpel.edu.br\/dce\/governo-corta-r-32-bilhoes-do-orcamento-do-mec-funcionamento-de-universidades-fica-ameacado\/","title":{"rendered":"Governo corta R$ 3,2 bilh\u00f5es do or\u00e7amento do MEC; funcionamento de Universidades fica amea\u00e7ado!"},"content":{"rendered":"<p><a href=\"https:\/\/wp.ufpel.edu.br\/dce\/files\/2022\/06\/E-hora-de-mobilizarmos-e-barrar-os-cortes.png\"><img class=\"aligncenter wp-image-898\" src=\"https:\/\/wp.ufpel.edu.br\/dce\/files\/2022\/06\/E-hora-de-mobilizarmos-e-barrar-os-cortes-1024x576.png\" alt=\"\" width=\"730\" height=\"411\" srcset=\"https:\/\/wp.ufpel.edu.br\/dce\/files\/2022\/06\/E-hora-de-mobilizarmos-e-barrar-os-cortes-1024x576.png 1024w, https:\/\/wp.ufpel.edu.br\/dce\/files\/2022\/06\/E-hora-de-mobilizarmos-e-barrar-os-cortes-400x225.png 400w, https:\/\/wp.ufpel.edu.br\/dce\/files\/2022\/06\/E-hora-de-mobilizarmos-e-barrar-os-cortes-768x432.png 768w, https:\/\/wp.ufpel.edu.br\/dce\/files\/2022\/06\/E-hora-de-mobilizarmos-e-barrar-os-cortes-1536x864.png 1536w, https:\/\/wp.ufpel.edu.br\/dce\/files\/2022\/06\/E-hora-de-mobilizarmos-e-barrar-os-cortes-2048x1152.png 2048w\" sizes=\"(max-width: 730px) 100vw, 730px\" \/><\/a><\/p>\n<p style=\"text-align: justify;\">O governo de Jair Bolsonaro (PL) determinou um corte de R$ 3,23 bilh\u00f5es do or\u00e7amento do Minist\u00e9rio da Educa\u00e7\u00e3o (MEC) de 2022. A medida atinge todos os \u00f3rg\u00e3os ligados \u00e0 pasta, como institutos e universidades federais, que sofrer\u00e3o um corte de mais de R$ 1 bilh\u00e3o, segundo a Associa\u00e7\u00e3o Nacional dos Dirigentes das Institui\u00e7\u00f5es Federais de Ensino Superior (Andifes).<\/p>\n<p style=\"text-align: justify;\">Os R$ 3,2 bilh\u00f5es representam um bloqueio de 14,5% no or\u00e7amento discricion\u00e1rio do MEC e unidades vinculadas. Os chamados recursos discricion\u00e1rios incluem despesas como funcionamento, contas de \u00e1gua e luz, <strong>assist\u00eancia estudantil<\/strong>, <strong>pagamento de bolsas<\/strong>, obras e contrata\u00e7\u00e3o de servi\u00e7os, por exemplo.<\/p>\n<p>No in\u00edcio do ano, o governo federal j\u00e1 havia anunciado um corte de um corte de R$ 736,3 milh\u00f5es no Or\u00e7amento do MEC (<a href=\"https:\/\/www.andes.org.br\/conteudos\/noticia\/ministerio-da-educacao-teve-o-segundo-maior-corte-no-orcamento-20221\">Confira aqui<\/a>). A Universidade Federal de Pelotas, por sua vez, acumula um d\u00e9ficit de R$ 5 milh\u00f5es no ano passado, conforme revelado pelo reitor eleito e pr\u00f3-reitor de Planejamento, Paulo Ferreira, <a href=\"https:\/\/wp.ufpel.edu.br\/dce\/dce-e-sindicatos-reunem-se-com-reitoria-da-ufpel-para-tratar-do-retorno-presencial-e-outras-demandas\/\">em reuni\u00e3o do \u00faltimo dia 19<\/a>. Com este novo corte, o funcionamento da UFPel deve totalmente comprometido nos pr\u00f3ximos meses.<\/p>\n<p style=\"text-align: justify;\">Al\u00e9m do dinheiro do MEC e das federais, o corte do governo federal tamb\u00e9m dever\u00e1 atingir o FNDE (Fundo Nacional de Desenvolvimento da Educa\u00e7\u00e3o), Inep (Instituto Nacional de Estudos e Pesquisas Educacionais), Capes (Coordena\u00e7\u00e3o de Aperfei\u00e7oamento de Pessoal de N\u00edvel Superior) e Ebserh (Empresa Brasileira de Servi\u00e7os Hospitalares).<\/p>\n<p style=\"text-align: justify;\">Diante deste novo ataque a educa\u00e7\u00e3o p\u00fablica promovido pelo governo federal, o DCE da UFPel, gest\u00e3o DCE \u00e9 Pra Lutar, refor\u00e7a a urg\u00eancia de mobilizarmos a comunidade acad\u00eamica de nossa institui\u00e7\u00e3o para ocuparmos as ruas contra esse retrocesso. O DCE\u00a0 realizar\u00e1 uma reuni\u00e3o aberta nesta ter\u00e7a-feira, dia 31, \u00e0s 18h, em sua sede na rua Tr\u00eas de Maio, 665.\u00a0 O indicativo \u00e9 de aderir, em Pelotas, \u00e0 mobiliza\u00e7\u00e3o do dia 9 de junho, chamada pela Uni\u00e3o Nacional dos Estudantes (UNE).<\/p>\n<p>&nbsp;<\/p>\n<p>&nbsp;<\/p>\n","protected":false},"excerpt":{"rendered":"<p>O governo de Jair Bolsonaro (PL) determinou um corte de R$ 3,23 bilh\u00f5es do or\u00e7amento do Minist\u00e9rio da Educa\u00e7\u00e3o (MEC) de 2022. A medida atinge todos os \u00f3rg\u00e3os ligados \u00e0 pasta, como institutos e universidades federais, que sofrer\u00e3o um corte de mais de R$ 1 bilh\u00e3o, segundo a Associa\u00e7\u00e3o Nacional dos Dirigentes das Institui\u00e7\u00f5es Federais [&hellip;]<\/p>\n","protected":false},"author":580,"featured_media":0,"comment_status":"closed","ping_status":"closed","sticky":false,"template":"","format":"standard","meta":{"_jetpack_memberships_contains_paid_content":false,"footnotes":""},"categories":[1],"tags":[21,62],"class_list":["post-897","post","type-post","status-publish","format-standard","hentry","category-noticias","tag-assistencia-estudantil","tag-cortes"],"jetpack_featured_media_url":"","jetpack_sharing_enabled":true,"_links":{"self":[{"href":"https:\/\/wp.ufpel.edu.br\/dce\/wp-json\/wp\/v2\/posts\/897","targetHints":{"allow":["GET"]}}],"collection":[{"href":"https:\/\/wp.ufpel.edu.br\/dce\/wp-json\/wp\/v2\/posts"}],"about":[{"href":"https:\/\/wp.ufpel.edu.br\/dce\/wp-json\/wp\/v2\/types\/post"}],"author":[{"embeddable":true,"href":"https:\/\/wp.ufpel.edu.br\/dce\/wp-json\/wp\/v2\/users\/580"}],"replies":[{"embeddable":true,"href":"https:\/\/wp.ufpel.edu.br\/dce\/wp-json\/wp\/v2\/comments?post=897"}],"version-history":[{"count":3,"href":"https:\/\/wp.ufpel.edu.br\/dce\/wp-json\/wp\/v2\/posts\/897\/revisions"}],"predecessor-version":[{"id":901,"href":"https:\/\/wp.ufpel.edu.br\/dce\/wp-json\/wp\/v2\/posts\/897\/revisions\/901"}],"wp:attachment":[{"href":"https:\/\/wp.ufpel.edu.br\/dce\/wp-json\/wp\/v2\/media?parent=897"}],"wp:term":[{"taxonomy":"category","embeddable":true,"href":"https:\/\/wp.ufpel.edu.br\/dce\/wp-json\/wp\/v2\/categories?post=897"},{"taxonomy":"post_tag","embeddable":true,"href":"https:\/\/wp.ufpel.edu.br\/dce\/wp-json\/wp\/v2\/tags?post=897"}],"curies":[{"name":"wp","href":"https:\/\/api.w.org\/{rel}","templated":true}]}}