{"id":751,"date":"2022-03-21T17:13:29","date_gmt":"2022-03-21T20:13:29","guid":{"rendered":"https:\/\/wp.ufpel.edu.br\/dce\/?p=751"},"modified":"2022-03-29T05:48:46","modified_gmt":"2022-03-29T08:48:46","slug":"dce-ufpel-com-apoio-de-centros-e-diretorios-academicos-lanca-campanha-solidaria-em-prol-da-doacao-de-sangue","status":"publish","type":"post","link":"https:\/\/wp.ufpel.edu.br\/dce\/dce-ufpel-com-apoio-de-centros-e-diretorios-academicos-lanca-campanha-solidaria-em-prol-da-doacao-de-sangue\/","title":{"rendered":"DCE UFPel, com apoio de Centros e Diret\u00f3rios Acad\u00eamicos, lan\u00e7a campanha solid\u00e1ria em prol da doa\u00e7\u00e3o de sangue"},"content":{"rendered":"<p><a href=\"https:\/\/wp.ufpel.edu.br\/dce\/files\/2022\/03\/WhatsApp-Image-2022-03-12-at-20.28.39.jpeg\"><img class=\"aligncenter wp-image-752 \" src=\"https:\/\/wp.ufpel.edu.br\/dce\/files\/2022\/03\/WhatsApp-Image-2022-03-12-at-20.28.39-e1647890982479-400x236.jpeg\" alt=\"\" width=\"689\" height=\"407\" srcset=\"https:\/\/wp.ufpel.edu.br\/dce\/files\/2022\/03\/WhatsApp-Image-2022-03-12-at-20.28.39-e1647890982479-400x236.jpeg 400w, https:\/\/wp.ufpel.edu.br\/dce\/files\/2022\/03\/WhatsApp-Image-2022-03-12-at-20.28.39-e1647890982479-1024x604.jpeg 1024w, https:\/\/wp.ufpel.edu.br\/dce\/files\/2022\/03\/WhatsApp-Image-2022-03-12-at-20.28.39-e1647890982479-768x453.jpeg 768w, https:\/\/wp.ufpel.edu.br\/dce\/files\/2022\/03\/WhatsApp-Image-2022-03-12-at-20.28.39-e1647890982479.jpeg 1080w\" sizes=\"(max-width: 689px) 100vw, 689px\" \/><\/a><\/p>\n<p style=\"text-align: justify\">O Diret\u00f3rio Central dos Estudantes da UFPel, gest\u00e3o DCE \u00e9 Pra Lutar, em conjunto com diversos Centros e Diret\u00f3rios Acad\u00eamicos (CAs e DAs), lan\u00e7a nesta segunda-feira (21) uma campanha solid\u00e1ria em prol da doa\u00e7\u00e3o de sangue. Alunes de todas as idades, cursos, semestres e cidades podem doar e, mediante comprova\u00e7\u00e3o com atestado fornecido no Hemocentro, receber\u00e3o um certificado de participa\u00e7\u00e3o com 4h complementares emitido pelo pr\u00f3prio DCE. A Campanha ficar\u00e1 aberta at\u00e9 dia 08 de abril, uma sexta-feira.<\/p>\n<p>Para garantir o certificado de participa\u00e7\u00e3o \u00e9 necess\u00e1rio solicitar um Atestado no local de doa\u00e7\u00e3o. Ap\u00f3s esta etapa, basta preencher o seguinte formul\u00e1rio (<a href=\"https:\/\/docs.google.com\/forms\/d\/e\/1FAIpQLSdPGQgVKwPQujWV-vrdVZP6fnrnqNo5MA0whvoyFri0K_n38g\/viewform\">clique aqui<\/a>).<\/p>\n<p>A campanha tem como objetivo estimular a doa\u00e7\u00e3o de sangue em um per\u00edodo de baixa nos estoques de Pelotas.\u00a0N\u00e3o deixa passar essa oportunidade e chama tua galera pra participar junto! Vamos ajudar a salvar outras vidas?<\/p>\n<p><strong>Quem pode doar?<\/strong><\/p>\n<p>&#8211; Pessoas de 18 a 69 anos (16 anos com autoriza\u00e7\u00e3o);<\/p>\n<p>&#8211; Peso maior que 50kg;<\/p>\n<p>&#8211; Boa sa\u00fade geral;<\/p>\n<p>&#8211; \u00daltima doa\u00e7\u00e3o h\u00e1 mais de 2 meses (homens) ou 3 meses (mulheres).<\/p>\n<p><strong>Onde doar em Pelotas? O que levar?<\/strong><\/p>\n<p style=\"text-align: justify\">O Hemocentro de Pelotas fica na Avenida Bento Gon\u00e7alves, 4569. Funciona de Segunda-feira \u00e0 sexta-feira, das 07:30 \u00e0s 17:30. \u00c9 necess\u00e1rio levar documento oficial com foto; estar bem alimentado (evite alimentos gordurosos nas 3 horas anteriores);\u00a0 caso seja ap\u00f3s o almo\u00e7o, aguardar 2 horas; Ter dormido pelo menos 6 horas nas \u00faltimas 24 horas.<\/p>\n<p><strong>Quem apoia esta iniciativa?<\/strong><\/p>\n<p>Abaixo a lista com 16 Centros e Diret\u00f3rio Acad\u00eamicos que apoiam esta campanha. O DA ou CA de seu curso tamb\u00e9m que se somar nesta iniciativa? Entre em contato conosco dce@ufpel.edu.br.<\/p>\n<p><a href=\"https:\/\/wp.ufpel.edu.br\/dce\/files\/2022\/03\/TROTE-SOLIDARIO-DCE-1.png\"><img class=\"aligncenter size-medium wp-image-762\" src=\"https:\/\/wp.ufpel.edu.br\/dce\/files\/2022\/03\/TROTE-SOLIDARIO-DCE-1-400x400.png\" alt=\"\" width=\"400\" height=\"400\" srcset=\"https:\/\/wp.ufpel.edu.br\/dce\/files\/2022\/03\/TROTE-SOLIDARIO-DCE-1-400x400.png 400w, https:\/\/wp.ufpel.edu.br\/dce\/files\/2022\/03\/TROTE-SOLIDARIO-DCE-1-1024x1024.png 1024w, https:\/\/wp.ufpel.edu.br\/dce\/files\/2022\/03\/TROTE-SOLIDARIO-DCE-1-200x200.png 200w, https:\/\/wp.ufpel.edu.br\/dce\/files\/2022\/03\/TROTE-SOLIDARIO-DCE-1-768x768.png 768w, https:\/\/wp.ufpel.edu.br\/dce\/files\/2022\/03\/TROTE-SOLIDARIO-DCE-1.png 1080w\" sizes=\"(max-width: 400px) 100vw, 400px\" \/><\/a><\/p>\n<p>&nbsp;<\/p>\n<p>Centro Acad\u00eamico da Biologia &#8211; Gest\u00e3o Bertha Lutz (CABio)<\/p>\n<p>Centro Acade\u0302mico do Design (CADesign)<\/p>\n<p>Centro Acade\u0302mico do Direito &#8211; C.A. Ferreira Vianna (CAFV)<\/p>\n<p>Centro Acad\u00eamico de Odontologia (CAO)<\/p>\n<p>Centro Acad\u00eamico do Curso de Rela\u00e7\u00f5es Internacionais \u2013 Gest\u00e3o Atr\u00e9vete (CARI)<\/p>\n<p>Centro Acad\u00eamico da Hist\u00f3ria &#8211; Gest\u00e3o QLFHist (CAHis)<\/p>\n<p>Centro Acade\u0302mico do curso de Engenharia Ambiental e Sanita\u0301ria (CAAmb)<\/p>\n<p>Comissa\u0303o Pro\u0301-CA Psicologia (COCAP)<\/p>\n<p>Centro Acad\u00eamico do curso de Terapia Ocupacional (CATO)<\/p>\n<p>Diret\u00f3rio Acad\u00eamico da Medicina &#8211; D.A. Naum Keiserman (DANK)<\/p>\n<p>Diret\u00f3rio Acad\u00eamico das Artes Visuais &#8211; D.A. Lygia Clark (DALC)<\/p>\n<p>Diret\u00f3rio Acad\u00eamico da Enfermagem &#8211; D.A. Anna Nery (DAAN)<\/p>\n<p>Diret\u00f3rio Acad\u00eamico da Educa\u00e7\u00e3o F\u00edsica &#8211; D.A. Liberato de Oliveira Rodrigues (DALOR)<\/p>\n<p>Diret\u00f3rio Acad\u00eamico da Engenharia Geol\u00f3gica &#8211; D.A. Francisco de Paula Oliveira (DAFPO)<\/p>\n<p>Diret\u00f3rio Acad\u00eamico de Engenharia Civil (DAEC)<\/p>\n<div>Diret\u00f3rio Acad\u00eamico da Engenharia de Petr\u00f3leo &#8211; D.A. Karen Adami (DAKA)<\/div>\n<div><\/div>\n","protected":false},"excerpt":{"rendered":"<p>O Diret\u00f3rio Central dos Estudantes da UFPel, gest\u00e3o DCE \u00e9 Pra Lutar, em conjunto com diversos Centros e Diret\u00f3rios Acad\u00eamicos (CAs e DAs), lan\u00e7a nesta segunda-feira (21) uma campanha solid\u00e1ria em prol da doa\u00e7\u00e3o de sangue. Alunes de todas as idades, cursos, semestres e cidades podem doar e, mediante comprova\u00e7\u00e3o com atestado fornecido no Hemocentro, [&hellip;]<\/p>\n","protected":false},"author":580,"featured_media":0,"comment_status":"closed","ping_status":"closed","sticky":false,"template":"","format":"standard","meta":{"_jetpack_memberships_contains_paid_content":false,"footnotes":""},"categories":[1],"tags":[],"class_list":["post-751","post","type-post","status-publish","format-standard","hentry","category-noticias"],"jetpack_featured_media_url":"","jetpack_sharing_enabled":true,"_links":{"self":[{"href":"https:\/\/wp.ufpel.edu.br\/dce\/wp-json\/wp\/v2\/posts\/751","targetHints":{"allow":["GET"]}}],"collection":[{"href":"https:\/\/wp.ufpel.edu.br\/dce\/wp-json\/wp\/v2\/posts"}],"about":[{"href":"https:\/\/wp.ufpel.edu.br\/dce\/wp-json\/wp\/v2\/types\/post"}],"author":[{"embeddable":true,"href":"https:\/\/wp.ufpel.edu.br\/dce\/wp-json\/wp\/v2\/users\/580"}],"replies":[{"embeddable":true,"href":"https:\/\/wp.ufpel.edu.br\/dce\/wp-json\/wp\/v2\/comments?post=751"}],"version-history":[{"count":8,"href":"https:\/\/wp.ufpel.edu.br\/dce\/wp-json\/wp\/v2\/posts\/751\/revisions"}],"predecessor-version":[{"id":763,"href":"https:\/\/wp.ufpel.edu.br\/dce\/wp-json\/wp\/v2\/posts\/751\/revisions\/763"}],"wp:attachment":[{"href":"https:\/\/wp.ufpel.edu.br\/dce\/wp-json\/wp\/v2\/media?parent=751"}],"wp:term":[{"taxonomy":"category","embeddable":true,"href":"https:\/\/wp.ufpel.edu.br\/dce\/wp-json\/wp\/v2\/categories?post=751"},{"taxonomy":"post_tag","embeddable":true,"href":"https:\/\/wp.ufpel.edu.br\/dce\/wp-json\/wp\/v2\/tags?post=751"}],"curies":[{"name":"wp","href":"https:\/\/api.w.org\/{rel}","templated":true}]}}