{"id":703,"date":"2022-01-28T11:15:43","date_gmt":"2022-01-28T14:15:43","guid":{"rendered":"https:\/\/wp.ufpel.edu.br\/dce\/?p=703"},"modified":"2022-01-28T11:15:43","modified_gmt":"2022-01-28T14:15:43","slug":"bolsonaro-inimigo-da-educacao-pelos-nossos-direitos-fora-bolsonaro-ja","status":"publish","type":"post","link":"https:\/\/wp.ufpel.edu.br\/dce\/bolsonaro-inimigo-da-educacao-pelos-nossos-direitos-fora-bolsonaro-ja\/","title":{"rendered":"Bolsonaro inimigo da educa\u00e7\u00e3o! Pelos nossos direitos, Fora Bolsonaro J\u00e1!"},"content":{"rendered":"<p><a href=\"https:\/\/wp.ufpel.edu.br\/dce\/files\/2022\/01\/273029861_5514545665229170_4328305845317002490_n.jpg\"><img class=\"aligncenter size-full wp-image-704\" src=\"https:\/\/wp.ufpel.edu.br\/dce\/files\/2022\/01\/273029861_5514545665229170_4328305845317002490_n.jpg\" alt=\"\" width=\"960\" height=\"960\" srcset=\"https:\/\/wp.ufpel.edu.br\/dce\/files\/2022\/01\/273029861_5514545665229170_4328305845317002490_n.jpg 960w, https:\/\/wp.ufpel.edu.br\/dce\/files\/2022\/01\/273029861_5514545665229170_4328305845317002490_n-400x400.jpg 400w, https:\/\/wp.ufpel.edu.br\/dce\/files\/2022\/01\/273029861_5514545665229170_4328305845317002490_n-200x200.jpg 200w, https:\/\/wp.ufpel.edu.br\/dce\/files\/2022\/01\/273029861_5514545665229170_4328305845317002490_n-768x768.jpg 768w\" sizes=\"(max-width: 960px) 100vw, 960px\" \/><\/a><\/p>\n<p>Bolsonaro inimigo da educa\u00e7\u00e3o!<\/p>\n<p>O governo Bolsonaro n\u00e3o acabou e ainda segue implementando sua pol\u00edtica de desmonte na educa\u00e7\u00e3o, nos servi\u00e7os p\u00fablicos e nos nossos direitos. \u00c9 extremamente importante que mantenhamos atentos e mobilizados para os ataques que Bolsonaro e seus aliados v\u00e3o tentar empurrar em 2022!<\/p>\n<p>O Minist\u00e9rio da Educa\u00e7\u00e3o sofreu um corte de R$ 739,9 milh\u00f5es no Or\u00e7amento de 2022, sancionado nesta segunda-feira (24). Trata-se da segunda pasta mais afetada, atr\u00e1s apenas do Minist\u00e9rio do Trabalho.<\/p>\n<p>Esse corte compromete o funcionamento das universidades e devem atingir em cheio as bolsas e pesquisas desenvolvidas nestes institui\u00e7\u00f5es. O Minist\u00e9rio da Ci\u00eancia, Tecnologia e Inova\u00e7\u00f5es sofreu um corte de R$ 73 milh\u00f5es. Sabemos o quanto a ci\u00eancia e pesquisa foram fundamentais para enfrentamento da pandemia! Al\u00e9m disso, as bolsas se tornaram ainda mais essenciais para os estudantes se manterem nesse contexto de crise e complementarem a renda de suas fam\u00edlias.<\/p>\n<p>Pelos nossos direitos, Fora Bolsonaro j\u00e1!<\/p>\n","protected":false},"excerpt":{"rendered":"<p>Bolsonaro inimigo da educa\u00e7\u00e3o! O governo Bolsonaro n\u00e3o acabou e ainda segue implementando sua pol\u00edtica de desmonte na educa\u00e7\u00e3o, nos servi\u00e7os p\u00fablicos e nos nossos direitos. \u00c9 extremamente importante que mantenhamos atentos e mobilizados para os ataques que Bolsonaro e seus aliados v\u00e3o tentar empurrar em 2022! O Minist\u00e9rio da Educa\u00e7\u00e3o sofreu um corte de [&hellip;]<\/p>\n","protected":false},"author":580,"featured_media":0,"comment_status":"closed","ping_status":"closed","sticky":false,"template":"","format":"standard","meta":{"_jetpack_memberships_contains_paid_content":false,"footnotes":""},"categories":[1],"tags":[],"class_list":["post-703","post","type-post","status-publish","format-standard","hentry","category-noticias"],"jetpack_featured_media_url":"","jetpack_sharing_enabled":true,"_links":{"self":[{"href":"https:\/\/wp.ufpel.edu.br\/dce\/wp-json\/wp\/v2\/posts\/703","targetHints":{"allow":["GET"]}}],"collection":[{"href":"https:\/\/wp.ufpel.edu.br\/dce\/wp-json\/wp\/v2\/posts"}],"about":[{"href":"https:\/\/wp.ufpel.edu.br\/dce\/wp-json\/wp\/v2\/types\/post"}],"author":[{"embeddable":true,"href":"https:\/\/wp.ufpel.edu.br\/dce\/wp-json\/wp\/v2\/users\/580"}],"replies":[{"embeddable":true,"href":"https:\/\/wp.ufpel.edu.br\/dce\/wp-json\/wp\/v2\/comments?post=703"}],"version-history":[{"count":1,"href":"https:\/\/wp.ufpel.edu.br\/dce\/wp-json\/wp\/v2\/posts\/703\/revisions"}],"predecessor-version":[{"id":705,"href":"https:\/\/wp.ufpel.edu.br\/dce\/wp-json\/wp\/v2\/posts\/703\/revisions\/705"}],"wp:attachment":[{"href":"https:\/\/wp.ufpel.edu.br\/dce\/wp-json\/wp\/v2\/media?parent=703"}],"wp:term":[{"taxonomy":"category","embeddable":true,"href":"https:\/\/wp.ufpel.edu.br\/dce\/wp-json\/wp\/v2\/categories?post=703"},{"taxonomy":"post_tag","embeddable":true,"href":"https:\/\/wp.ufpel.edu.br\/dce\/wp-json\/wp\/v2\/tags?post=703"}],"curies":[{"name":"wp","href":"https:\/\/api.w.org\/{rel}","templated":true}]}}