{"id":680,"date":"2021-12-07T20:31:26","date_gmt":"2021-12-07T23:31:26","guid":{"rendered":"https:\/\/wp.ufpel.edu.br\/dce\/?p=680"},"modified":"2021-12-07T21:19:56","modified_gmt":"2021-12-08T00:19:56","slug":"pesquisa-do-dce-sobre-a-qualidade-da-alimentacao-do-ru-ufpel-vamos-lutar-por-mais-qualidade","status":"publish","type":"post","link":"https:\/\/wp.ufpel.edu.br\/dce\/pesquisa-do-dce-sobre-a-qualidade-da-alimentacao-do-ru-ufpel-vamos-lutar-por-mais-qualidade\/","title":{"rendered":"Pesquisa do DCE sobre a qualidade da alimenta\u00e7\u00e3o do RU UFPEL &#8211; Vamos lutar por mais qualidade!"},"content":{"rendered":"<p><a href=\"https:\/\/wp.ufpel.edu.br\/dce\/files\/2021\/12\/Por-melhorias-no-RUb.png\"><img class=\"aligncenter size-full wp-image-682\" src=\"https:\/\/wp.ufpel.edu.br\/dce\/files\/2021\/12\/Por-melhorias-no-RUb.png\" alt=\"\" width=\"2779\" height=\"2779\" srcset=\"https:\/\/wp.ufpel.edu.br\/dce\/files\/2021\/12\/Por-melhorias-no-RUb.png 2779w, https:\/\/wp.ufpel.edu.br\/dce\/files\/2021\/12\/Por-melhorias-no-RUb-400x400.png 400w, https:\/\/wp.ufpel.edu.br\/dce\/files\/2021\/12\/Por-melhorias-no-RUb-1024x1024.png 1024w, https:\/\/wp.ufpel.edu.br\/dce\/files\/2021\/12\/Por-melhorias-no-RUb-200x200.png 200w, https:\/\/wp.ufpel.edu.br\/dce\/files\/2021\/12\/Por-melhorias-no-RUb-768x768.png 768w, https:\/\/wp.ufpel.edu.br\/dce\/files\/2021\/12\/Por-melhorias-no-RUb-1536x1536.png 1536w, https:\/\/wp.ufpel.edu.br\/dce\/files\/2021\/12\/Por-melhorias-no-RUb-2048x2048.png 2048w\" sizes=\"(max-width: 2779px) 100vw, 2779px\" \/><\/a><\/p>\n<p>Acesse o formul\u00e1rio: <a href=\"https:\/\/forms.gle\/EU8cky63U6obWAZc9\">https:\/\/forms.gle\/EU8cky63U6obWAZc9<\/a><\/p>\n<p>N\u00f3s da gest\u00e3o DCE \u00c9 pra Lutar recebemos diversas reivindica\u00e7\u00f5es de alunos da universidade em rela\u00e7\u00e3o \u00e0 qualidade do servi\u00e7o prestado no Restaurante Universit\u00e1rio. Sabemos que estes problemas t\u00eam sido recorrentes durante o atendimento neste per\u00edodo que vivemos de pandemia, onde a alimenta\u00e7\u00e3o \u00e9 distribu\u00edda em marmitas.<\/p>\n<p>Devemos nos organizar, reunir as reivindica\u00e7\u00f5es e lutar por melhorias! Por isso, elaboramos esta pesquisa e contamos com a colabora\u00e7\u00e3o de todos os estudantes usu\u00e1rios do RU para mapearmos as demandas relacionadas \u00e0 nossa alimenta\u00e7\u00e3o. A partir deste levantamento, reivindicarmos coletivamente melhorias na alimenta\u00e7\u00e3o oferecida aos estudantes.<\/p>\n<p>Desde j\u00e1, agradecemos a disponibilidade de responderem a este question\u00e1rio, seguimos em luta por alimenta\u00e7\u00e3o de qualidade para que possamos estudar e permanecer na universidade com dignidade! Qualquer d\u00favida, ou reivindica\u00e7\u00e3o pontual, com relatos ou imagens podem nos enviar via nossas redes sociais, sempre preservaremos sua identidade.<\/p>\n<p>Perman\u00eancia com alimenta\u00e7\u00e3o de qualidade e barata \u00e9 nosso direito!<\/p>\n","protected":false},"excerpt":{"rendered":"<p>Acesse o formul\u00e1rio: https:\/\/forms.gle\/EU8cky63U6obWAZc9 N\u00f3s da gest\u00e3o DCE \u00c9 pra Lutar recebemos diversas reivindica\u00e7\u00f5es de alunos da universidade em rela\u00e7\u00e3o \u00e0 qualidade do servi\u00e7o prestado no Restaurante Universit\u00e1rio. Sabemos que estes problemas t\u00eam sido recorrentes durante o atendimento neste per\u00edodo que vivemos de pandemia, onde a alimenta\u00e7\u00e3o \u00e9 distribu\u00edda em marmitas. Devemos nos organizar, reunir [&hellip;]<\/p>\n","protected":false},"author":580,"featured_media":0,"comment_status":"closed","ping_status":"closed","sticky":false,"template":"","format":"standard","meta":{"_jetpack_memberships_contains_paid_content":false,"footnotes":""},"categories":[1],"tags":[],"class_list":["post-680","post","type-post","status-publish","format-standard","hentry","category-noticias"],"jetpack_featured_media_url":"","jetpack_sharing_enabled":true,"_links":{"self":[{"href":"https:\/\/wp.ufpel.edu.br\/dce\/wp-json\/wp\/v2\/posts\/680","targetHints":{"allow":["GET"]}}],"collection":[{"href":"https:\/\/wp.ufpel.edu.br\/dce\/wp-json\/wp\/v2\/posts"}],"about":[{"href":"https:\/\/wp.ufpel.edu.br\/dce\/wp-json\/wp\/v2\/types\/post"}],"author":[{"embeddable":true,"href":"https:\/\/wp.ufpel.edu.br\/dce\/wp-json\/wp\/v2\/users\/580"}],"replies":[{"embeddable":true,"href":"https:\/\/wp.ufpel.edu.br\/dce\/wp-json\/wp\/v2\/comments?post=680"}],"version-history":[{"count":2,"href":"https:\/\/wp.ufpel.edu.br\/dce\/wp-json\/wp\/v2\/posts\/680\/revisions"}],"predecessor-version":[{"id":684,"href":"https:\/\/wp.ufpel.edu.br\/dce\/wp-json\/wp\/v2\/posts\/680\/revisions\/684"}],"wp:attachment":[{"href":"https:\/\/wp.ufpel.edu.br\/dce\/wp-json\/wp\/v2\/media?parent=680"}],"wp:term":[{"taxonomy":"category","embeddable":true,"href":"https:\/\/wp.ufpel.edu.br\/dce\/wp-json\/wp\/v2\/categories?post=680"},{"taxonomy":"post_tag","embeddable":true,"href":"https:\/\/wp.ufpel.edu.br\/dce\/wp-json\/wp\/v2\/tags?post=680"}],"curies":[{"name":"wp","href":"https:\/\/api.w.org\/{rel}","templated":true}]}}