{"id":678,"date":"2021-12-06T20:41:10","date_gmt":"2021-12-06T23:41:10","guid":{"rendered":"https:\/\/wp.ufpel.edu.br\/dce\/?p=678"},"modified":"2021-12-06T20:41:10","modified_gmt":"2021-12-06T23:41:10","slug":"solidariedade-e-luta-por-estudantes-da-antropologia-e-outros-cursos-contra-o-assedio-e-todo-tipo-de-opressao","status":"publish","type":"post","link":"https:\/\/wp.ufpel.edu.br\/dce\/solidariedade-e-luta-por-estudantes-da-antropologia-e-outros-cursos-contra-o-assedio-e-todo-tipo-de-opressao\/","title":{"rendered":"Solidariedade e luta por estudantes da Antropologia e outros cursos. Contra o Ass\u00e9dio e todo tipo de opress\u00e3o"},"content":{"rendered":"<p><a href=\"https:\/\/wp.ufpel.edu.br\/dce\/files\/2021\/12\/Solidariedade-estudantes-da-UFPELb.png\"><img class=\"aligncenter size-full wp-image-677\" src=\"https:\/\/wp.ufpel.edu.br\/dce\/files\/2021\/12\/Solidariedade-estudantes-da-UFPELb.png\" alt=\"\" width=\"2779\" height=\"2779\" srcset=\"https:\/\/wp.ufpel.edu.br\/dce\/files\/2021\/12\/Solidariedade-estudantes-da-UFPELb.png 2779w, https:\/\/wp.ufpel.edu.br\/dce\/files\/2021\/12\/Solidariedade-estudantes-da-UFPELb-400x400.png 400w, https:\/\/wp.ufpel.edu.br\/dce\/files\/2021\/12\/Solidariedade-estudantes-da-UFPELb-1024x1024.png 1024w, https:\/\/wp.ufpel.edu.br\/dce\/files\/2021\/12\/Solidariedade-estudantes-da-UFPELb-200x200.png 200w, https:\/\/wp.ufpel.edu.br\/dce\/files\/2021\/12\/Solidariedade-estudantes-da-UFPELb-768x768.png 768w, https:\/\/wp.ufpel.edu.br\/dce\/files\/2021\/12\/Solidariedade-estudantes-da-UFPELb-1536x1536.png 1536w\" sizes=\"(max-width: 2779px) 100vw, 2779px\" \/><\/a><\/p>\n<p>Por meio desta nota tornamos p\u00fablico nosso conhecimento acerca dos recentes relatos e den\u00fancias envolvendo uma docente do departamento de Antropologia Social e Cultural da UFPel. Lamentamos e nos solidarizamos com todas as pessoas que, de alguma forma, foram atingidas no decorrer dos \u00faltimos anos.<\/p>\n<p>Racismo, LGBTransfobia, abuso psicol\u00f3gico e moral, como quaisquer outras formas de viol\u00eancia s\u00e3o intoler\u00e1veis e devem ser tratados com a devida seriedade e urg\u00eancia.<\/p>\n<p>Lembramos que puni\u00e7\u00f5es excessivas, constrangimento, humilha\u00e7\u00f5es e o uso de determinada posi\u00e7\u00e3o de poder para desqualificar, fazendo com que discentes sintam-se inadequades ou incapazes, s\u00e3o mecanismos de viol\u00eancia simb\u00f3lica.<\/p>\n<p>\u00c9 de suma import\u00e2ncia que atentemos para as consequ\u00eancias destas viol\u00eancias em rela\u00e7\u00e3o \u00e0 sa\u00fade mental de discentes. Conforme as graves den\u00fancias de diverses estudantes, o comportamento da docente, &#8211; que preza pelo produtivismo exacerbado, marcado pela constante press\u00e3o e sufocamento, n\u00e3o pode ser aceito. \u00c9 necess\u00e1rio que todes estudantes possam realizar suas atividades acad\u00eamicas sem sofrer ataques.<\/p>\n<p>Al\u00e9m disso, segundo muitos relatos, \u00e9 not\u00f3rio o aproveitamento pela docente de pautas caras \u00e0s popula\u00e7\u00f5es em situa\u00e7\u00e3o de vulnerabilidade, em prol do seu pr\u00f3prio curr\u00edculo. Apenas neste \u00faltimo m\u00eas, duas de suas bolsistas, ambas em situa\u00e7\u00e3o de vulnerabilidade socioecon\u00f4mica, foram sumariamente afastadas de suas bolsas, por diverg\u00eancias quanto aos procedimentos adotados pela docente.<\/p>\n<p>Assim, enquanto representa\u00e7\u00e3o estudantil, em di\u00e1logo com dezenas de estudantes v\u00edtimas e solid\u00e1rias, nos posicionamos no sentido de criar um ambiente de acolhimento e seguran\u00e7a, para que todes possam relatar e denunciar as situa\u00e7\u00f5es acima descritas.<\/p>\n<p>Tais den\u00fancias est\u00e3o sendo reunidas em documento que ser\u00e1 apresentado \u00e0s inst\u00e2ncias superiores da Universidade, e cada caso encaminhado ao NUGEN, para que seja realizado o pronto acompanhamento individual de discentes.<\/p>\n<p>Resistimos e exigimos investiga\u00e7\u00e3o quanto as tentativas de intimida\u00e7\u00e3o empenhadas pela referida docente. O uso do poder econ\u00f4mico e hier\u00e1rquico para silenciar situa\u00e7\u00f5es de abuso \u00e9 not\u00f3rio no ambiente universit\u00e1rio e tem que acabar por ser um comportamento desprez\u00edvel e inaceit\u00e1vel.<\/p>\n<p>N\u00e3o iremos nos calar. Em meio a tanta luta, tedes juntes viramos sementes de for\u00e7a e resist\u00eancia.<\/p>\n<p>Sintam-se acolhides, estamos com voc\u00eas!<\/p>\n","protected":false},"excerpt":{"rendered":"<p>Por meio desta nota tornamos p\u00fablico nosso conhecimento acerca dos recentes relatos e den\u00fancias envolvendo uma docente do departamento de Antropologia Social e Cultural da UFPel. Lamentamos e nos solidarizamos com todas as pessoas que, de alguma forma, foram atingidas no decorrer dos \u00faltimos anos. Racismo, LGBTransfobia, abuso psicol\u00f3gico e moral, como quaisquer outras formas [&hellip;]<\/p>\n","protected":false},"author":580,"featured_media":0,"comment_status":"closed","ping_status":"closed","sticky":false,"template":"","format":"standard","meta":{"_jetpack_memberships_contains_paid_content":false,"footnotes":""},"categories":[1],"tags":[],"class_list":["post-678","post","type-post","status-publish","format-standard","hentry","category-noticias"],"jetpack_featured_media_url":"","jetpack_sharing_enabled":true,"_links":{"self":[{"href":"https:\/\/wp.ufpel.edu.br\/dce\/wp-json\/wp\/v2\/posts\/678","targetHints":{"allow":["GET"]}}],"collection":[{"href":"https:\/\/wp.ufpel.edu.br\/dce\/wp-json\/wp\/v2\/posts"}],"about":[{"href":"https:\/\/wp.ufpel.edu.br\/dce\/wp-json\/wp\/v2\/types\/post"}],"author":[{"embeddable":true,"href":"https:\/\/wp.ufpel.edu.br\/dce\/wp-json\/wp\/v2\/users\/580"}],"replies":[{"embeddable":true,"href":"https:\/\/wp.ufpel.edu.br\/dce\/wp-json\/wp\/v2\/comments?post=678"}],"version-history":[{"count":1,"href":"https:\/\/wp.ufpel.edu.br\/dce\/wp-json\/wp\/v2\/posts\/678\/revisions"}],"predecessor-version":[{"id":679,"href":"https:\/\/wp.ufpel.edu.br\/dce\/wp-json\/wp\/v2\/posts\/678\/revisions\/679"}],"wp:attachment":[{"href":"https:\/\/wp.ufpel.edu.br\/dce\/wp-json\/wp\/v2\/media?parent=678"}],"wp:term":[{"taxonomy":"category","embeddable":true,"href":"https:\/\/wp.ufpel.edu.br\/dce\/wp-json\/wp\/v2\/categories?post=678"},{"taxonomy":"post_tag","embeddable":true,"href":"https:\/\/wp.ufpel.edu.br\/dce\/wp-json\/wp\/v2\/tags?post=678"}],"curies":[{"name":"wp","href":"https:\/\/api.w.org\/{rel}","templated":true}]}}