{"id":673,"date":"2021-12-03T17:53:37","date_gmt":"2021-12-03T20:53:37","guid":{"rendered":"https:\/\/wp.ufpel.edu.br\/dce\/?p=673"},"modified":"2021-12-03T17:53:37","modified_gmt":"2021-12-03T20:53:37","slug":"manifestacao-bolsonaro-nunca-mais-4-de-dezembro-10h-no-largo-do-mercado-publico","status":"publish","type":"post","link":"https:\/\/wp.ufpel.edu.br\/dce\/manifestacao-bolsonaro-nunca-mais-4-de-dezembro-10h-no-largo-do-mercado-publico\/","title":{"rendered":"Manifesta\u00e7\u00e3o Bolsonaro Nunca Mais! 4 de dezembro, 10h, no Largo do Mercado P\u00fablico"},"content":{"rendered":"<p><a href=\"https:\/\/wp.ufpel.edu.br\/dce\/files\/2021\/12\/WhatsApp-Image-2021-12-02-at-12.06.37.jpeg\"><img class=\"aligncenter size-full wp-image-674\" src=\"https:\/\/wp.ufpel.edu.br\/dce\/files\/2021\/12\/WhatsApp-Image-2021-12-02-at-12.06.37.jpeg\" alt=\"\" width=\"1080\" height=\"1080\" srcset=\"https:\/\/wp.ufpel.edu.br\/dce\/files\/2021\/12\/WhatsApp-Image-2021-12-02-at-12.06.37.jpeg 1080w, https:\/\/wp.ufpel.edu.br\/dce\/files\/2021\/12\/WhatsApp-Image-2021-12-02-at-12.06.37-400x400.jpeg 400w, https:\/\/wp.ufpel.edu.br\/dce\/files\/2021\/12\/WhatsApp-Image-2021-12-02-at-12.06.37-1024x1024.jpeg 1024w, https:\/\/wp.ufpel.edu.br\/dce\/files\/2021\/12\/WhatsApp-Image-2021-12-02-at-12.06.37-200x200.jpeg 200w, https:\/\/wp.ufpel.edu.br\/dce\/files\/2021\/12\/WhatsApp-Image-2021-12-02-at-12.06.37-768x768.jpeg 768w\" sizes=\"(max-width: 1080px) 100vw, 1080px\" \/><\/a><\/p>\n<p>O DCE UFPEL se soma na Convocat\u00f3ria para a MANIFESTA\u00c7\u00c3O 4 de Dezembro &#8211; BOLSONARO NUNCA MAIS!<\/p>\n<p>Convocamos todos sindicatos, coletivos, organiza\u00e7\u00f5es e partidos de Pelotas que somam a luta unit\u00e1ria pelo\u00a0<a class=\" xil3i\" href=\"https:\/\/www.instagram.com\/explore\/tags\/forabolsonaro\/\">#ForaBolsonaro<\/a>\u00a0a marcarem presen\u00e7a neste importante Dia de Luta, articulado nacionalmente por militantes de todos os Estados. \u00c9 importante destacar que, neste dia, a agenda feminista e a agenda Fora Bolsonaro foram fundidas, portanto trata-se de um dia de mobiliza\u00e7\u00e3o em defesa da vida das mulheres e, igualmente, mais um dia pela sa\u00edda de Bolsonaro do governo! &#x1f4e3;&#x1f4e3;&#x1f4e3;<\/p>\n<p>Data do ato: 04\/12 &#8211; s\u00e1bado<br \/>\nHor\u00e1rio:10h<br \/>\nLocal: Concentra\u00e7\u00e3o no Mercado P\u00fablico e marcha at\u00e9 o chafariz do cal\u00e7ad\u00e3o para leitura p\u00fablica do manifesto &#8220;Bolsonaro Nunca Mais!&#8221;<br \/>\n_<\/p>\n<p>Por que se manifestar?<\/p>\n<p>Bolsonaro segue com a sua agenda de exterm\u00ednio da classe trabalhadora, das mulheres, da popula\u00e7\u00e3o negra, ind\u00edgena e LGBT+. N\u00e3o podemos recuar nenhum passo, portanto \u00e9 nosso dever continuarmos nas ruas mobilizando a popula\u00e7\u00e3o para a sa\u00edda de Bolsonaro e seus aliados! &#x1f4aa;&#x1f3fe;<\/p>\n<p>4D &#8211; BOLSONARO NUNCA MAIS!<br \/>\nDia Nacional de Mobiliza\u00e7\u00e3o das Mulheres<\/p>\n<p>Assinam essa convocat\u00f3ria:<\/p>\n<p>Coletivo Feminista Classista Ana Montenegro\/Pelotas<br \/>\nUni\u00e3o da Juventude Comunista\/Pelotas<br \/>\nPCB\/Pelotas<br \/>\nPSOL\/Pelotas<br \/>\nJuntos\/Pelotas<br \/>\nJuntas\/Pelotas<br \/>\nEmancipa Mulher\/Pelotas<br \/>\nAlicerce\/Pelotas<br \/>\nDCE UFPEL<br \/>\nDelegacia Regional Pelotas do Sindjors<br \/>\nlas3tramas<br \/>\nPT<br \/>\nCUT Regional<br \/>\n8M Pelotas<\/p>\n","protected":false},"excerpt":{"rendered":"<p>O DCE UFPEL se soma na Convocat\u00f3ria para a MANIFESTA\u00c7\u00c3O 4 de Dezembro &#8211; BOLSONARO NUNCA MAIS! Convocamos todos sindicatos, coletivos, organiza\u00e7\u00f5es e partidos de Pelotas que somam a luta unit\u00e1ria pelo\u00a0#ForaBolsonaro\u00a0a marcarem presen\u00e7a neste importante Dia de Luta, articulado nacionalmente por militantes de todos os Estados. \u00c9 importante destacar que, neste dia, a agenda [&hellip;]<\/p>\n","protected":false},"author":580,"featured_media":0,"comment_status":"closed","ping_status":"closed","sticky":false,"template":"","format":"standard","meta":{"_jetpack_memberships_contains_paid_content":false,"footnotes":""},"categories":[1],"tags":[25,24,19],"class_list":["post-673","post","type-post","status-publish","format-standard","hentry","category-noticias","tag-forabolsonaro","tag-pelotas","tag-ufpel"],"jetpack_featured_media_url":"","jetpack_sharing_enabled":true,"_links":{"self":[{"href":"https:\/\/wp.ufpel.edu.br\/dce\/wp-json\/wp\/v2\/posts\/673","targetHints":{"allow":["GET"]}}],"collection":[{"href":"https:\/\/wp.ufpel.edu.br\/dce\/wp-json\/wp\/v2\/posts"}],"about":[{"href":"https:\/\/wp.ufpel.edu.br\/dce\/wp-json\/wp\/v2\/types\/post"}],"author":[{"embeddable":true,"href":"https:\/\/wp.ufpel.edu.br\/dce\/wp-json\/wp\/v2\/users\/580"}],"replies":[{"embeddable":true,"href":"https:\/\/wp.ufpel.edu.br\/dce\/wp-json\/wp\/v2\/comments?post=673"}],"version-history":[{"count":1,"href":"https:\/\/wp.ufpel.edu.br\/dce\/wp-json\/wp\/v2\/posts\/673\/revisions"}],"predecessor-version":[{"id":675,"href":"https:\/\/wp.ufpel.edu.br\/dce\/wp-json\/wp\/v2\/posts\/673\/revisions\/675"}],"wp:attachment":[{"href":"https:\/\/wp.ufpel.edu.br\/dce\/wp-json\/wp\/v2\/media?parent=673"}],"wp:term":[{"taxonomy":"category","embeddable":true,"href":"https:\/\/wp.ufpel.edu.br\/dce\/wp-json\/wp\/v2\/categories?post=673"},{"taxonomy":"post_tag","embeddable":true,"href":"https:\/\/wp.ufpel.edu.br\/dce\/wp-json\/wp\/v2\/tags?post=673"}],"curies":[{"name":"wp","href":"https:\/\/api.w.org\/{rel}","templated":true}]}}