{"id":670,"date":"2021-11-26T17:45:36","date_gmt":"2021-11-26T20:45:36","guid":{"rendered":"https:\/\/wp.ufpel.edu.br\/dce\/?p=670"},"modified":"2021-12-03T17:48:45","modified_gmt":"2021-12-03T20:48:45","slug":"dce-e-pra-lutar-participa-do-projeto-feira-das-profissoes-ifsul-convida-uma-universidade","status":"publish","type":"post","link":"https:\/\/wp.ufpel.edu.br\/dce\/dce-e-pra-lutar-participa-do-projeto-feira-das-profissoes-ifsul-convida-uma-universidade\/","title":{"rendered":"DCE \u00e9 Pra Lutar participa do Projeto Feira das Profiss\u00f5es \/ IFSul convida uma universidade"},"content":{"rendered":"<p><a href=\"https:\/\/wp.ufpel.edu.br\/dce\/files\/2021\/12\/IF-convida.png\"><img class=\"aligncenter size-full wp-image-671\" src=\"https:\/\/wp.ufpel.edu.br\/dce\/files\/2021\/12\/IF-convida.png\" alt=\"\" width=\"2779\" height=\"2779\" srcset=\"https:\/\/wp.ufpel.edu.br\/dce\/files\/2021\/12\/IF-convida.png 2779w, https:\/\/wp.ufpel.edu.br\/dce\/files\/2021\/12\/IF-convida-400x400.png 400w, https:\/\/wp.ufpel.edu.br\/dce\/files\/2021\/12\/IF-convida-1024x1024.png 1024w, https:\/\/wp.ufpel.edu.br\/dce\/files\/2021\/12\/IF-convida-200x200.png 200w, https:\/\/wp.ufpel.edu.br\/dce\/files\/2021\/12\/IF-convida-768x768.png 768w, https:\/\/wp.ufpel.edu.br\/dce\/files\/2021\/12\/IF-convida-1536x1536.png 1536w, https:\/\/wp.ufpel.edu.br\/dce\/files\/2021\/12\/IF-convida-2048x2048.png 2048w\" sizes=\"(max-width: 2779px) 100vw, 2779px\" \/><\/a><\/p>\n<p>DCE \u00e9 Pra Lutar participa do Projeto Feira das Profiss\u00f5es \/ IFSul convida uma universidade<\/p>\n<p>A ideia do projeto \u00e9 que estudantes universit\u00e1rios falem sobre seus cursos e profiss\u00f5es, expliquem suas escolhas, experi\u00eancias na gradua\u00e7\u00e3o, modos de ingresso, vida na universidade, estrutura da universidade, assist\u00eancia estudantil e respondam quest\u00f5es diversas \u00e0 estudantes do ensino m\u00e9dio integrado do IFSul, visando que estudantes tenham uma no\u00e7\u00e3o de diversas \u00e1reas de gradua\u00e7\u00e3o.<\/p>\n<p>Agradecemos imensamente \u00e0s professoras coordenadoras do projeto do IFSul Santana do Livramento pelo convite! Ficamos especialmente felizes ao participar desta atividade porque \u00e9 um dos objetivos de nossa gest\u00e3o aproximar estudantes secundaristas de escolas p\u00fablicas da universidade!<\/p>\n<p>Estamos abertos para falar em qualquer escola! Contem com o DCE!<\/p>\n<p>Abra\u00e7\u00e3o aos estudantes atentos das turmas da inform\u00e1tica, sistemas de energia renov\u00e1vel e eletroeletronica do IFSul de Livramento!<\/p>\n","protected":false},"excerpt":{"rendered":"<p>DCE \u00e9 Pra Lutar participa do Projeto Feira das Profiss\u00f5es \/ IFSul convida uma universidade A ideia do projeto \u00e9 que estudantes universit\u00e1rios falem sobre seus cursos e profiss\u00f5es, expliquem suas escolhas, experi\u00eancias na gradua\u00e7\u00e3o, modos de ingresso, vida na universidade, estrutura da universidade, assist\u00eancia estudantil e respondam quest\u00f5es diversas \u00e0 estudantes do ensino m\u00e9dio [&hellip;]<\/p>\n","protected":false},"author":580,"featured_media":0,"comment_status":"closed","ping_status":"closed","sticky":false,"template":"","format":"standard","meta":{"_jetpack_memberships_contains_paid_content":false,"footnotes":""},"categories":[1],"tags":[],"class_list":["post-670","post","type-post","status-publish","format-standard","hentry","category-noticias"],"jetpack_featured_media_url":"","jetpack_sharing_enabled":true,"_links":{"self":[{"href":"https:\/\/wp.ufpel.edu.br\/dce\/wp-json\/wp\/v2\/posts\/670","targetHints":{"allow":["GET"]}}],"collection":[{"href":"https:\/\/wp.ufpel.edu.br\/dce\/wp-json\/wp\/v2\/posts"}],"about":[{"href":"https:\/\/wp.ufpel.edu.br\/dce\/wp-json\/wp\/v2\/types\/post"}],"author":[{"embeddable":true,"href":"https:\/\/wp.ufpel.edu.br\/dce\/wp-json\/wp\/v2\/users\/580"}],"replies":[{"embeddable":true,"href":"https:\/\/wp.ufpel.edu.br\/dce\/wp-json\/wp\/v2\/comments?post=670"}],"version-history":[{"count":1,"href":"https:\/\/wp.ufpel.edu.br\/dce\/wp-json\/wp\/v2\/posts\/670\/revisions"}],"predecessor-version":[{"id":672,"href":"https:\/\/wp.ufpel.edu.br\/dce\/wp-json\/wp\/v2\/posts\/670\/revisions\/672"}],"wp:attachment":[{"href":"https:\/\/wp.ufpel.edu.br\/dce\/wp-json\/wp\/v2\/media?parent=670"}],"wp:term":[{"taxonomy":"category","embeddable":true,"href":"https:\/\/wp.ufpel.edu.br\/dce\/wp-json\/wp\/v2\/categories?post=670"},{"taxonomy":"post_tag","embeddable":true,"href":"https:\/\/wp.ufpel.edu.br\/dce\/wp-json\/wp\/v2\/tags?post=670"}],"curies":[{"name":"wp","href":"https:\/\/api.w.org\/{rel}","templated":true}]}}