{"id":599,"date":"2021-11-01T15:27:06","date_gmt":"2021-11-01T18:27:06","guid":{"rendered":"https:\/\/wp.ufpel.edu.br\/dce\/?p=599"},"modified":"2021-11-01T15:27:06","modified_gmt":"2021-11-01T18:27:06","slug":"dce-ufpel-divulga-atualizacao-sobre-os-casos-de-matriculas-canceladas","status":"publish","type":"post","link":"https:\/\/wp.ufpel.edu.br\/dce\/dce-ufpel-divulga-atualizacao-sobre-os-casos-de-matriculas-canceladas\/","title":{"rendered":"DCE UFPEL divulga atualiza\u00e7\u00e3o sobre os casos de matr\u00edculas canceladas"},"content":{"rendered":"<p><a href=\"https:\/\/wp.ufpel.edu.br\/dce\/files\/2021\/11\/Matriculas-canceladas-1.png\"><img class=\"aligncenter  wp-image-597\" src=\"https:\/\/wp.ufpel.edu.br\/dce\/files\/2021\/11\/Matriculas-canceladas-1.png\" alt=\"\" width=\"2779\" height=\"2779\" srcset=\"https:\/\/wp.ufpel.edu.br\/dce\/files\/2021\/11\/Matriculas-canceladas-1.png 2779w, https:\/\/wp.ufpel.edu.br\/dce\/files\/2021\/11\/Matriculas-canceladas-1-400x400.png 400w, https:\/\/wp.ufpel.edu.br\/dce\/files\/2021\/11\/Matriculas-canceladas-1-1024x1024.png 1024w, https:\/\/wp.ufpel.edu.br\/dce\/files\/2021\/11\/Matriculas-canceladas-1-200x200.png 200w, https:\/\/wp.ufpel.edu.br\/dce\/files\/2021\/11\/Matriculas-canceladas-1-768x768.png 768w, https:\/\/wp.ufpel.edu.br\/dce\/files\/2021\/11\/Matriculas-canceladas-1-1536x1536.png 1536w\" sizes=\"(max-width: 2779px) 100vw, 2779px\" \/><\/a><\/p>\n<h3>POR MAIS TRANSPAR\u00caNCIA E ATEN\u00c7\u00c3O AOS ESTUDANTES! Contra os cancelamentos de matr\u00edculas injustos!<\/h3>\n<p>Na segunda-feira, dia 25 de outubro, o DCE UFPEL gest\u00e3o \u00e9 Pra Lutar, se reuniu com cerca de 10 estudantes que se encontram em situa\u00e7\u00e3o de cancelamento de matricula ap\u00f3s cursar o primeiro semestre letivo de 2021 ao mesmo tempo que aguardavam a avalia\u00e7\u00e3o socioecon\u00f4mica das cotas L1 e L2. Na reuni\u00e3o estavam representantes do DCE no COCEPE e outros integrantes que acompanham os casos.<\/p>\n<p>Ouvimos diversos relatos de estudantes que alegam serem sujeitos de direito \u00e0s cotas socioecon\u00f4micas e aos benef\u00edcios inerentes, oriundos da assist\u00eancia estudantil, para sua perman\u00eancia na Universidade. Entre muitos relatos, escutamos problemas relacionados \u00e0 grande quantidade de documentos necess\u00e1rios, aos editais extensos e confusos, especialmente se tratando de estudantes novos(as) na universidade, ainda sem total compreens\u00e3o de suas din\u00e2micas, al\u00e9m de falta de sensibilidade do setor respons\u00e1vel quando \u00e0 impossibilidade de obten\u00e7\u00e3o de documentos de familiares distantes ou em estado de separa\u00e7\u00e3o por diversos motivos, incluindo opress\u00f5es, e, por fim falta de transpar\u00eancia quanto \u00e0 documenta\u00e7\u00e3o faltante, de modo que alguns e-mails s\u00e3o gen\u00e9ricos, sendo assim alguns estudantes sequer tomam conhecimento de quais documentos faltaram em sua apresenta\u00e7\u00e3o. Estas minucias s\u00e3o respons\u00e1veis pelo cancelamento da matr\u00edcula dos(as) estudantes no meio do semestre, sem direito ao contradit\u00f3rio at\u00e9 as \u00faltimas inst\u00e2ncias.<\/p>\n<p>Por isso enquanto DCE, no dia 26 de outubro, em nossa primeira reuni\u00e3o conjunta \u00e0 Comiss\u00e3o de Perman\u00eancia Estudantil da PRAE, a qual agradecemos imensamente pela disponibilidade, e encaramos como uma conquista estudantil, levamos esta demanda e defendemos que os(as) estudantes tenham direito de permanecerem na Universidade, durante o per\u00edodo em que recorrem \u00e0s inst\u00e2ncias superiores da Universidade e na Justi\u00e7a.<\/p>\n<p>Aqui socializamos com voc\u00eas alguns encaminhamentos desta reuni\u00e3o. Esperamos poder avan\u00e7ar nas pr\u00f3ximas semanas, e se algu\u00e9m ainda n\u00e3o tomou provid\u00eancias, convidamos a nos procurar para que possamos encaminhar da melhor forma.<\/p>\n<p>1) Estamos enviando of\u00edcio para a PRAE formalizando a solicita\u00e7\u00e3o de que os(as) estudantes desligados(as) tenham suas matr\u00edculas reativadas pelo menos at\u00e9 o COCEPE deliberar sobre cada caso;<\/p>\n<p>2) Solicitaremos no of\u00edcio que a PRAE abra um edital com o intuito de que estes(as) alunos(as) possam regularizar suas situa\u00e7\u00f5es;<\/p>\n<p>3) Solicitaremos a presen\u00e7a da Coordena\u00e7\u00e3o de Benef\u00edcios e da chefia de Assist\u00eancia Social da PRAE em nossa pr\u00f3xima reuni\u00e3o conjunta;<\/p>\n<p>4) Questionaremos a forma como tem sido conduzido o processo de avalia\u00e7\u00e3o socioecon\u00f4mica que indeferiu cerca de 80% dos estudantes em tal processo;<\/p>\n<p>5) Manteremos o di\u00e1logo a fim de reavaliar os problemas deste processo de avalia\u00e7\u00e3o, buscando alternativas para que estudantes que tenham o direito garantido em lei n\u00e3o sejam exclu\u00eddos.<\/p>\n<p>6) Solicitar tamb\u00e9m na pr\u00f3xima reuni\u00e3o do COCEPE que os estudantes nesta situa\u00e7\u00e3o tenham suas matr\u00edculas reativadas pelo menos at\u00e9 o fim do processo no referido conselho.<\/p>\n","protected":false},"excerpt":{"rendered":"<p>POR MAIS TRANSPAR\u00caNCIA E ATEN\u00c7\u00c3O AOS ESTUDANTES! Contra os cancelamentos de matr\u00edculas injustos! Na segunda-feira, dia 25 de outubro, o DCE UFPEL gest\u00e3o \u00e9 Pra Lutar, se reuniu com cerca de 10 estudantes que se encontram em situa\u00e7\u00e3o de cancelamento de matricula ap\u00f3s cursar o primeiro semestre letivo de 2021 ao mesmo tempo que aguardavam [&hellip;]<\/p>\n","protected":false},"author":580,"featured_media":0,"comment_status":"closed","ping_status":"closed","sticky":false,"template":"","format":"standard","meta":{"_jetpack_memberships_contains_paid_content":false,"footnotes":""},"categories":[1],"tags":[],"class_list":["post-599","post","type-post","status-publish","format-standard","hentry","category-noticias"],"jetpack_featured_media_url":"","jetpack_sharing_enabled":true,"_links":{"self":[{"href":"https:\/\/wp.ufpel.edu.br\/dce\/wp-json\/wp\/v2\/posts\/599","targetHints":{"allow":["GET"]}}],"collection":[{"href":"https:\/\/wp.ufpel.edu.br\/dce\/wp-json\/wp\/v2\/posts"}],"about":[{"href":"https:\/\/wp.ufpel.edu.br\/dce\/wp-json\/wp\/v2\/types\/post"}],"author":[{"embeddable":true,"href":"https:\/\/wp.ufpel.edu.br\/dce\/wp-json\/wp\/v2\/users\/580"}],"replies":[{"embeddable":true,"href":"https:\/\/wp.ufpel.edu.br\/dce\/wp-json\/wp\/v2\/comments?post=599"}],"version-history":[{"count":1,"href":"https:\/\/wp.ufpel.edu.br\/dce\/wp-json\/wp\/v2\/posts\/599\/revisions"}],"predecessor-version":[{"id":600,"href":"https:\/\/wp.ufpel.edu.br\/dce\/wp-json\/wp\/v2\/posts\/599\/revisions\/600"}],"wp:attachment":[{"href":"https:\/\/wp.ufpel.edu.br\/dce\/wp-json\/wp\/v2\/media?parent=599"}],"wp:term":[{"taxonomy":"category","embeddable":true,"href":"https:\/\/wp.ufpel.edu.br\/dce\/wp-json\/wp\/v2\/categories?post=599"},{"taxonomy":"post_tag","embeddable":true,"href":"https:\/\/wp.ufpel.edu.br\/dce\/wp-json\/wp\/v2\/tags?post=599"}],"curies":[{"name":"wp","href":"https:\/\/api.w.org\/{rel}","templated":true}]}}