{"id":588,"date":"2021-10-28T16:07:18","date_gmt":"2021-10-28T19:07:18","guid":{"rendered":"https:\/\/wp.ufpel.edu.br\/dce\/?p=588"},"modified":"2021-10-28T16:07:18","modified_gmt":"2021-10-28T19:07:18","slug":"revitalizacao-da-sede-central-dce-e-pra-lutar-firma-parceria-com-pro-reitoria-de-planejamento-e-desenvolvimento","status":"publish","type":"post","link":"https:\/\/wp.ufpel.edu.br\/dce\/revitalizacao-da-sede-central-dce-e-pra-lutar-firma-parceria-com-pro-reitoria-de-planejamento-e-desenvolvimento\/","title":{"rendered":"Revitaliza\u00e7\u00e3o da sede central: DCE \u00e9 Pra Lutar firma parceria com Pr\u00f3-reitoria de Planejamento e Desenvolvimento"},"content":{"rendered":"<p>Empossada no dia 14 de setembro, uma das primeiras e principais demandas da gest\u00e3o DCE \u00e9 Pra Lutar \u00e9 a reabertura da sede central do DCE localizada anexa ao Campus 2 na rua 3 de maio. Para isso, ap\u00f3s visita-la, notamos que \u00e9 indispens\u00e1vel uma revitaliza\u00e7\u00e3o total, dado o estado de abandono que a encontramos. Por isso desde a primeira semana viemos dialogando com a Pr\u00f3-reitoria de Planejamento e Desenvolvimento, que \u00e9 respons\u00e1vel pelas obras e manuten\u00e7\u00e3o nos espa\u00e7os da Universidade, que se colocou totalmente a disposi\u00e7\u00e3o, demonstrando comprometimento com o movimento estudantil.<\/p>\n<p>Ap\u00f3s reuni\u00e3o no dia 25 de outubro com a presen\u00e7a do Pr\u00f3-reitor Paulo Roberto Ferreira Jr., do superintendente de Infraestrutura Tiago Venzke, e da Coordenadora de Desenvolvimento do Plano Diretor, Cintia Essinger, enviamos of\u00edcio no intuito de apresentar demandas e o planejamento para revitaliza\u00e7\u00e3o da sede de forma escrita. Agora socializamos com voc\u00eas nossas ideias, e estamos abertos a receber contribui\u00e7\u00f5es. A sede do DCE \u00e9 de todos e todas estudantes!<\/p>\n<p>_____________________________________________________________<\/p>\n<p>OF\u00cdCIO 003\/2021 \u2013 Diret\u00f3rio Central dos Estudantes da UFPEL (Gest\u00e3o DCE \u00e9 pra lutar, a<br \/>\nvoz ativa dos estudantes \u2013 2021-2022)<\/p>\n<p>Pelotas, 28 de outubro de 2021<\/p>\n<p>\u00c0 PR\u00d3 REITORIA DE PLANEJAMENTO E DESENVOLVIMENTO (PROPLAN) DA UFPEL<\/p>\n<p>CONSIDERANDO<\/p>\n<p>A necessidade de revitaliza\u00e7\u00e3o da sede do Diret\u00f3rio Central dos Estudantes da UFPEL e a reuni\u00e3o realizada no dia 25 de outubro de 2021, entre a comiss\u00e3o de infraestrutura do DCE e a PROPLAN. A gest\u00e3o DCE \u00e9 pra lutar vem por meio deste apresentar as principais demandas, bem como o planejamento da nova disposi\u00e7\u00e3o da sede para sua boa e<br \/>\nsegura utiliza\u00e7\u00e3o. Agradecemos desde j\u00e1 pela parceria e disponibilidade para atender esta importante demanda estudantil de ter sua sede em boas condi\u00e7\u00f5es de funcionamento.<\/p>\n<p>Demandas para a revitaliza\u00e7\u00e3o da sede do DCE UFPEL<br \/>\n1) Restaura\u00e7\u00e3o de paredes, teto, piso e portas (pintura,fechamento de buracos, cera);<br \/>\n1.1) Possibilidade de uso de tinta lousa em uma das paredes;<br \/>\n2) Restaura\u00e7\u00e3o de tomadas, parte el\u00e9trica e mudan\u00e7a de l\u00e2mpadas queimadas;<br \/>\n3) Coloca\u00e7\u00e3o de sinal de internet;<br \/>\n4) Banheiro pr\u00f3prio com estrutura de frald\u00e1rio;<br \/>\n5) Instala\u00e7\u00e3o de pia para cozinha;<br \/>\n6) Plano de inc\u00eandio e extintores;<br \/>\n7) Dedetiza\u00e7\u00e3o\/Desratiza\u00e7\u00e3o;<br \/>\n8) Descarte de materiais in\u00fateis;<br \/>\n9) Possibilidade de coloca\u00e7\u00e3o de mesas e cadeiras em bom estado;<br \/>\n10) Abertura de janelas para a parte externa;<br \/>\n10.1) Com realoca\u00e7\u00e3o de ar-condicionado se for o caso;<br \/>\n11) Parklet, ilumina\u00e7\u00e3o e biciclet\u00e1rio na \u00e1rea externa em frente \u00e0 sede;<br \/>\n12) Possibilidade de cess\u00e3o ao DCE, com registro de patrim\u00f4nio da UFPEL, de<br \/>\ncomputadores, impressora em bom estado, bebedouro e outros itens \u00fateis;<br \/>\n13) Estrutura de acessibilidade (por exemplo, rampa para a porta de entrada).<\/p>\n<p>Outras demandas<br \/>\n\u2013 Contato com a SGTIC\/CCS para estudar possibilidades de acesso do DCE ao disparo de mensagens pelo Cobalto (ou um DCE Informa) e ao SEI sem ser pela modalidade de Usu\u00e1rio Externo.<\/p>\n<p>&nbsp;<\/p>\n<p><a href=\"https:\/\/wp.ufpel.edu.br\/dce\/files\/2021\/10\/Sede-2.jpg\"><img class=\"aligncenter size-full wp-image-584\" src=\"https:\/\/wp.ufpel.edu.br\/dce\/files\/2021\/10\/Sede-2.jpg\" alt=\"\" width=\"1362\" height=\"616\" srcset=\"https:\/\/wp.ufpel.edu.br\/dce\/files\/2021\/10\/Sede-2.jpg 1362w, https:\/\/wp.ufpel.edu.br\/dce\/files\/2021\/10\/Sede-2-400x181.jpg 400w, https:\/\/wp.ufpel.edu.br\/dce\/files\/2021\/10\/Sede-2-1024x463.jpg 1024w, https:\/\/wp.ufpel.edu.br\/dce\/files\/2021\/10\/Sede-2-768x347.jpg 768w\" sizes=\"(max-width: 1362px) 100vw, 1362px\" \/><\/a><\/p>\n<p><a href=\"https:\/\/wp.ufpel.edu.br\/dce\/files\/2021\/10\/Sede-1.jpg\"><img class=\"aligncenter size-full wp-image-583\" src=\"https:\/\/wp.ufpel.edu.br\/dce\/files\/2021\/10\/Sede-1.jpg\" alt=\"\" width=\"1362\" height=\"616\" srcset=\"https:\/\/wp.ufpel.edu.br\/dce\/files\/2021\/10\/Sede-1.jpg 1362w, https:\/\/wp.ufpel.edu.br\/dce\/files\/2021\/10\/Sede-1-400x181.jpg 400w, https:\/\/wp.ufpel.edu.br\/dce\/files\/2021\/10\/Sede-1-1024x463.jpg 1024w, https:\/\/wp.ufpel.edu.br\/dce\/files\/2021\/10\/Sede-1-768x347.jpg 768w\" sizes=\"(max-width: 1362px) 100vw, 1362px\" \/><\/a><\/p>\n<p><a href=\"https:\/\/wp.ufpel.edu.br\/dce\/files\/2021\/10\/Sede-3.jpg\"><img class=\"aligncenter size-full wp-image-582\" src=\"https:\/\/wp.ufpel.edu.br\/dce\/files\/2021\/10\/Sede-3.jpg\" alt=\"\" width=\"1362\" height=\"616\" srcset=\"https:\/\/wp.ufpel.edu.br\/dce\/files\/2021\/10\/Sede-3.jpg 1362w, https:\/\/wp.ufpel.edu.br\/dce\/files\/2021\/10\/Sede-3-400x181.jpg 400w, https:\/\/wp.ufpel.edu.br\/dce\/files\/2021\/10\/Sede-3-1024x463.jpg 1024w, https:\/\/wp.ufpel.edu.br\/dce\/files\/2021\/10\/Sede-3-768x347.jpg 768w\" sizes=\"(max-width: 1362px) 100vw, 1362px\" \/><\/a><\/p>\n<p><a href=\"https:\/\/wp.ufpel.edu.br\/dce\/files\/2021\/10\/WhatsApp-Image-2021-10-27-at-21.25.19.jpeg\"><img class=\"aligncenter size-full wp-image-581\" src=\"https:\/\/wp.ufpel.edu.br\/dce\/files\/2021\/10\/WhatsApp-Image-2021-10-27-at-21.25.19.jpeg\" alt=\"\" width=\"1280\" height=\"1270\" srcset=\"https:\/\/wp.ufpel.edu.br\/dce\/files\/2021\/10\/WhatsApp-Image-2021-10-27-at-21.25.19.jpeg 1280w, https:\/\/wp.ufpel.edu.br\/dce\/files\/2021\/10\/WhatsApp-Image-2021-10-27-at-21.25.19-400x397.jpeg 400w, https:\/\/wp.ufpel.edu.br\/dce\/files\/2021\/10\/WhatsApp-Image-2021-10-27-at-21.25.19-1024x1016.jpeg 1024w, https:\/\/wp.ufpel.edu.br\/dce\/files\/2021\/10\/WhatsApp-Image-2021-10-27-at-21.25.19-768x762.jpeg 768w\" sizes=\"(max-width: 1280px) 100vw, 1280px\" \/><\/a><\/p>\n","protected":false},"excerpt":{"rendered":"<p>Empossada no dia 14 de setembro, uma das primeiras e principais demandas da gest\u00e3o DCE \u00e9 Pra Lutar \u00e9 a reabertura da sede central do DCE localizada anexa ao Campus 2 na rua 3 de maio. Para isso, ap\u00f3s visita-la, notamos que \u00e9 indispens\u00e1vel uma revitaliza\u00e7\u00e3o total, dado o estado de abandono que a encontramos. [&hellip;]<\/p>\n","protected":false},"author":580,"featured_media":0,"comment_status":"closed","ping_status":"closed","sticky":false,"template":"","format":"standard","meta":{"_jetpack_memberships_contains_paid_content":false,"footnotes":""},"categories":[1],"tags":[24,43,19],"class_list":["post-588","post","type-post","status-publish","format-standard","hentry","category-noticias","tag-pelotas","tag-sede","tag-ufpel"],"jetpack_featured_media_url":"","jetpack_sharing_enabled":true,"_links":{"self":[{"href":"https:\/\/wp.ufpel.edu.br\/dce\/wp-json\/wp\/v2\/posts\/588","targetHints":{"allow":["GET"]}}],"collection":[{"href":"https:\/\/wp.ufpel.edu.br\/dce\/wp-json\/wp\/v2\/posts"}],"about":[{"href":"https:\/\/wp.ufpel.edu.br\/dce\/wp-json\/wp\/v2\/types\/post"}],"author":[{"embeddable":true,"href":"https:\/\/wp.ufpel.edu.br\/dce\/wp-json\/wp\/v2\/users\/580"}],"replies":[{"embeddable":true,"href":"https:\/\/wp.ufpel.edu.br\/dce\/wp-json\/wp\/v2\/comments?post=588"}],"version-history":[{"count":1,"href":"https:\/\/wp.ufpel.edu.br\/dce\/wp-json\/wp\/v2\/posts\/588\/revisions"}],"predecessor-version":[{"id":589,"href":"https:\/\/wp.ufpel.edu.br\/dce\/wp-json\/wp\/v2\/posts\/588\/revisions\/589"}],"wp:attachment":[{"href":"https:\/\/wp.ufpel.edu.br\/dce\/wp-json\/wp\/v2\/media?parent=588"}],"wp:term":[{"taxonomy":"category","embeddable":true,"href":"https:\/\/wp.ufpel.edu.br\/dce\/wp-json\/wp\/v2\/categories?post=588"},{"taxonomy":"post_tag","embeddable":true,"href":"https:\/\/wp.ufpel.edu.br\/dce\/wp-json\/wp\/v2\/tags?post=588"}],"curies":[{"name":"wp","href":"https:\/\/api.w.org\/{rel}","templated":true}]}}